{"id":5886,"date":"2020-11-06T23:03:35","date_gmt":"2020-11-06T22:03:35","guid":{"rendered":"https:\/\/us.edu.pl\/wydzial\/wh\/?p=5886"},"modified":"2021-08-31T09:39:50","modified_gmt":"2021-08-31T07:39:50","slug":"kondolencje-dla-profesor-marioli-jarczyk","status":"publish","type":"post","link":"https:\/\/us.edu.pl\/wydzial\/wh\/2020\/11\/06\/kondolencje-dla-profesor-marioli-jarczyk\/","title":{"rendered":"Kondolencje dla Profesor Marioli Jarczyk"},"content":{"rendered":"<p>[vc_row][vc_column]\r\n                <div class=\"text-modules\">\r\n                    <div class=\"container\">\r\n                        \r\n                        <div class=\"text-modules__content\"><\/p>\n<p style=\"text-align: center;\"><strong>Prof. dr hab. Marioli Jarczyk<\/strong><\/p>\n<p style=\"text-align: center;\">i Jej Najbli\u017cszym<\/p>\n<p style=\"text-align: center;\">wyrazy g\u0142\u0119bokiego wsp\u00f3\u0142czucia po \u015bmierci Ojca<\/p>\n<p style=\"text-align: center;\">sk\u0142adaj\u0105<\/p>\n<p style=\"text-align: center;\">Dziekan i spo\u0142eczno\u015b\u0107 Wydzia\u0142u Humanistycznego<\/p>\n<p>\n<\/div>\r\n                    <\/div>\r\n                <\/div>[\/vc_column][\/vc_row]<\/p>","protected":false},"excerpt":{"rendered":"<p>[vc_row][vc_column][\/vc_column][\/vc_row] [&#8230;]<\/p>\n<p><a class=\"btn btn-secondary understrap-read-more-link\" href=\"https:\/\/us.edu.pl\/wydzial\/wh\/2020\/11\/06\/kondolencje-dla-profesor-marioli-jarczyk\/\">Read More&#8230;<\/a><\/p>\n","protected":false},"author":1,"featured_media":4519,"comment_status":"open","ping_status":"open","sticky":false,"template":"","format":"standard","meta":{"_expiration-date-status":"saved","_expiration-date":0,"_expiration-date-type":"","_expiration-date-categories":[],"_expiration-date-options":[]},"categories":[9],"tags":[71],"acf":[],"_links":{"self":[{"href":"https:\/\/us.edu.pl\/wydzial\/wh\/wp-json\/wp\/v2\/posts\/5886"}],"collection":[{"href":"https:\/\/us.edu.pl\/wydzial\/wh\/wp-json\/wp\/v2\/posts"}],"about":[{"href":"https:\/\/us.edu.pl\/wydzial\/wh\/wp-json\/wp\/v2\/types\/post"}],"author":[{"embeddable":true,"href":"https:\/\/us.edu.pl\/wydzial\/wh\/wp-json\/wp\/v2\/users\/1"}],"replies":[{"embeddable":true,"href":"https:\/\/us.edu.pl\/wydzial\/wh\/wp-json\/wp\/v2\/comments?post=5886"}],"version-history":[{"count":4,"href":"https:\/\/us.edu.pl\/wydzial\/wh\/wp-json\/wp\/v2\/posts\/5886\/revisions"}],"predecessor-version":[{"id":14020,"href":"https:\/\/us.edu.pl\/wydzial\/wh\/wp-json\/wp\/v2\/posts\/5886\/revisions\/14020"}],"wp:featuredmedia":[{"embeddable":true,"href":"https:\/\/us.edu.pl\/wydzial\/wh\/wp-json\/wp\/v2\/media\/4519"}],"wp:attachment":[{"href":"https:\/\/us.edu.pl\/wydzial\/wh\/wp-json\/wp\/v2\/media?parent=5886"}],"wp:term":[{"taxonomy":"category","embeddable":true,"href":"https:\/\/us.edu.pl\/wydzial\/wh\/wp-json\/wp\/v2\/categories?post=5886"},{"taxonomy":"post_tag","embeddable":true,"href":"https:\/\/us.edu.pl\/wydzial\/wh\/wp-json\/wp\/v2\/tags?post=5886"}],"curies":[{"name":"wp","href":"https:\/\/api.w.org\/{rel}","templated":true}]}}