{"id":158230,"date":"2023-06-22T14:08:29","date_gmt":"2023-06-22T12:08:29","guid":{"rendered":"https:\/\/us.edu.pl\/wydzial\/wnp\/?p=158230"},"modified":"2023-06-22T14:10:02","modified_gmt":"2023-06-22T12:10:02","slug":"czy-gdzies-sa-jeszcze-dzikie-zwierzeta-kolejne-spotkanie-klubu-mysli-ekologicznej","status":"publish","type":"post","link":"https:\/\/us.edu.pl\/wydzial\/wnp\/2023\/06\/22\/czy-gdzies-sa-jeszcze-dzikie-zwierzeta-kolejne-spotkanie-klubu-mysli-ekologicznej\/","title":{"rendered":"\u201eCzy gdzie\u015b s\u0105 jeszcze dzikie zwierz\u0119ta?\u201d &#8211; kolejne spotkanie Klubu My\u015bli Ekologicznej"},"content":{"rendered":"<p>[vc_row][vc_column]\r\n                <div class=\"text-modules\">\r\n                    <div class=\"container\">\r\n                        \r\n                        <div class=\"text-modules__content\"><\/p>\n<p style=\"text-align: center;\"><strong>Klub My\u015bli Ekologicznej, G\u00f3rno\u015bl\u0105sko-Zag\u0142\u0119biowska Metropolia, Uniwersytet \u015al\u0105ski w Katowicach i Millennium Docs Against Gravity zapraszaj\u0105 na \u201eSpotkania z eko-filmem\u201d<\/strong><\/p>\n<p style=\"text-align: center;\"><strong>27 czerwca 2023, godz. 17.30<\/strong><\/p>\n<p style=\"text-align: center;\">Kinoteatr Rialto w Katowicach, ul. \u015aw. Jana 24<\/p>\n<p>&nbsp;<\/p>\n<h1 style=\"text-align: center;\">Temat: \u201eCzy gdzie\u015b s\u0105 jeszcze dzikie zwierz\u0119ta?\u201d<\/h1>\n<p><strong>Zapraszamy na projekcj\u0119 filmu \u201eSafari\u201d<\/strong><\/p>\n<p>(re\u017c. Ulrich Seidl, Austria, 2016, 88 min.)<\/p>\n<p>&nbsp;<\/p>\n<p><strong>Wakacyjny film o zabijaniu i ludzkiej naturze. <\/strong>Ulrich Seidl wraca do Afryki\u00a0\u2013 ostatnim razem by\u0142 tu, realizuj\u0105c pami\u0119tn\u0105 fabu\u0142\u0119 \u201eRaj: mi\u0142o\u015b\u0107\u201d o seksturystyce starszych bia\u0142ych kobiet.\u00a0Tym razem portretuje austriackich my\u015bliwych, za\u017cywaj\u0105cych \u201eurok\u00f3w\u201d mordowania zwierz\u0105t w rezerwacie. Proceder polowania na zwierz\u0119ta jest jak najbardziej legalny i zorganizowany w formie ekskluzywnych wczas\u00f3w dla Europejczyk\u00f3w, pragn\u0105cych prze\u017cy\u0107 \u201edzik\u0105\u201d przygod\u0119 na Czarnym L\u0105dzie.\u00a0Biznes turystyczny z polowaniami na gnu, zebry, czy \u017cyrafy w ofercie prowadzi Austriak dobrze znaj\u0105cy gusta przyjezdnych ze Starego Kontynentu. Seidl portretuje tych my\u015bliwych-turyst\u00f3w w swoim stylu \u2013 bezlito\u015bnie, ironicznie i ze swoistym dystansem.\u00a0Widzimy \u015bmier\u0107 i cierpienie zwierz\u0105t.\u00a0Niemieccy i austriaccy tury\u015bci strzelaj\u0105, p\u0142acz\u0105 z ekscytacji, pozuj\u0105 do zdj\u0119\u0107 z upolowan\u0105 zwierzyn\u0105. Seidl zdziera mask\u0119 z \u201ecywilizowanych\u201d Europejczyk\u00f3w, pokazuj\u0105c ledwie skrywany rasizm, oboj\u0119tno\u015b\u0107 na bied\u0119 i fascynacj\u0119 przemoc\u0105 (<a href=\"https:\/\/www.againstgravity.pl\/films\/safari\">https:\/\/www.againstgravity.pl\/films\/safari<\/a>).<\/p>\n<p>&nbsp;<\/p>\n<p>Spotkanie prowadz\u0105: <strong>prof. Piotr Skuba\u0142a<\/strong> (Wydzia\u0142 Nauk Przyrodniczych, Uniwersytet \u015al\u0105ski, ekolog, akarolog, etyk \u015brodowiskowy, edukator ekologiczny, dzia\u0142acz na rzecz ochrony przyrody, aktywista klimatyczny) oraz <strong>dr Ryszard Kulik<\/strong> (Pracownia na rzecz Wszystkich Istot, psycholog, aktywista ekologiczny, trener treningu psychologicznego, ekofilozof skoncentrowany na g\u0142\u0119bokiej ekologii, autor ksi\u0105\u017cek i\u00a0artyku\u0142\u00f3w po\u015bwi\u0119conych relacji cz\u0142owiek \u2013 przyroda).<\/p>\n<p><strong>UWAGA: Wst\u0119p wolny na podstawie wej\u015bci\u00f3wek pobranych przez stron\u0119 kina <\/strong>(<a href=\"http:\/\/rialto.katowice.pl\/\">http:\/\/rialto.katowice.pl\/<\/a>)<strong> lub odebranych w kasie Rialta <\/strong><\/p>\n<p>\n<\/div>\r\n                    <\/div>\r\n                <\/div>[\/vc_column][\/vc_row][vc_row][vc_column][vc_single_image image=&#8221;158231&#8243; img_size=&#8221;full&#8221;][\/vc_column][\/vc_row]<\/p>","protected":false},"excerpt":{"rendered":"<p>[vc_row][vc_column][\/vc_column][\/vc_row][vc_row][vc_column][vc_single_image image=&#8221;158231&#8243; img_size=&#8221;full&#8221;][\/vc_column][\/vc_row] [&#8230;]<\/p>\n<p><a class=\"btn btn-secondary understrap-read-more-link\" href=\"https:\/\/us.edu.pl\/wydzial\/wnp\/2023\/06\/22\/czy-gdzies-sa-jeszcze-dzikie-zwierzeta-kolejne-spotkanie-klubu-mysli-ekologicznej\/\">Read More&#8230;<\/a><\/p>\n","protected":false},"author":115,"featured_media":158232,"comment_status":"open","ping_status":"open","sticky":false,"template":"","format":"standard","meta":{"_expiration-date-status":"","_expiration-date":0,"_expiration-date-type":"","_expiration-date-categories":[],"_expiration-date-options":[]},"categories":[1,6],"tags":[],"acf":[],"_links":{"self":[{"href":"https:\/\/us.edu.pl\/wydzial\/wnp\/wp-json\/wp\/v2\/posts\/158230"}],"collection":[{"href":"https:\/\/us.edu.pl\/wydzial\/wnp\/wp-json\/wp\/v2\/posts"}],"about":[{"href":"https:\/\/us.edu.pl\/wydzial\/wnp\/wp-json\/wp\/v2\/types\/post"}],"author":[{"embeddable":true,"href":"https:\/\/us.edu.pl\/wydzial\/wnp\/wp-json\/wp\/v2\/users\/115"}],"replies":[{"embeddable":true,"href":"https:\/\/us.edu.pl\/wydzial\/wnp\/wp-json\/wp\/v2\/comments?post=158230"}],"version-history":[{"count":0,"href":"https:\/\/us.edu.pl\/wydzial\/wnp\/wp-json\/wp\/v2\/posts\/158230\/revisions"}],"wp:featuredmedia":[{"embeddable":true,"href":"https:\/\/us.edu.pl\/wydzial\/wnp\/wp-json\/wp\/v2\/media\/158232"}],"wp:attachment":[{"href":"https:\/\/us.edu.pl\/wydzial\/wnp\/wp-json\/wp\/v2\/media?parent=158230"}],"wp:term":[{"taxonomy":"category","embeddable":true,"href":"https:\/\/us.edu.pl\/wydzial\/wnp\/wp-json\/wp\/v2\/categories?post=158230"},{"taxonomy":"post_tag","embeddable":true,"href":"https:\/\/us.edu.pl\/wydzial\/wnp\/wp-json\/wp\/v2\/tags?post=158230"}],"curies":[{"name":"wp","href":"https:\/\/api.w.org\/{rel}","templated":true}]}}