{"id":158355,"date":"2023-09-13T10:51:49","date_gmt":"2023-09-13T08:51:49","guid":{"rendered":"https:\/\/us.edu.pl\/wydzial\/wnp\/?p=158355"},"modified":"2023-09-13T10:51:49","modified_gmt":"2023-09-13T08:51:49","slug":"inauguracja-roku-akademickiego-2023-2024-na-wydziale-nauk-przyrodniczych","status":"publish","type":"post","link":"https:\/\/us.edu.pl\/wydzial\/wnp\/2023\/09\/13\/inauguracja-roku-akademickiego-2023-2024-na-wydziale-nauk-przyrodniczych\/","title":{"rendered":"Inauguracja roku akademickiego 2023\/2024 na Wydziale Nauk Przyrodniczych"},"content":{"rendered":"<p>[vc_row][vc_column]\r\n                <div class=\"text-modules\">\r\n                    <div class=\"container\">\r\n                        \r\n                        <div class=\"text-modules__content\"><p>Szanowni Pa\u0144stwo,<\/p>\n<p>&nbsp;<\/p>\n<p>Rektor Uniwersytetu \u015al\u0105skiego i Dziekan Wydzia\u0142u Nauk Przyrodniczych<\/p>\n<p>maj\u0105 zaszczyt zaprosi\u0107 na\u00a0<strong>inauguracj\u0119 roku akademickiego 2023\/2024<\/strong><\/p>\n<p><strong>na Wydziale Nauk Przyrodniczych Uniwersytetu \u015al\u0105skiego.<\/strong><\/p>\n<p>&nbsp;<\/p>\n<p>Uroczysto\u015b\u0107 odb\u0119dzie si\u0119\u00a0<strong>3 pa\u017adziernika 2023 roku o godz. 11.00<\/strong>\u00a0w Mi\u0119dzywydzia\u0142owej Auli przy Wydziale Nauk Przyrodniczych\u00a0<strong>w Sosnowcu,\u00a0 ul. B\u0119dzi\u0144ska 60.<\/strong><\/p>\n<p>W programie:<\/p>\n<ul>\n<li>Przem\u00f3wienie inauguracyjne Dziekana Wydzia\u0142u Nauk Przyrodniczych\u00a0<strong>prof. dr. hab. Leszka Marynowskiego<\/strong><\/li>\n<li>Przem\u00f3wienie inauguracyjne Rektora Uniwersytetu \u015al\u0105skiego<\/li>\n<li>Immatrykulacja student\u00f3w.<\/li>\n<li>Wyk\u0142ad inauguracyjny\u00a0pt.: \u201eP\u00f3\u0142kar\u0142owe mutanty j\u0119czmienia &#8211; charakterystyka, wykorzystanie w rolnictwie i perspektywy w obliczu zmian klimatycznych&#8221;\u00a0wyg\u0142osi\u00a0<strong>dr hab. Damian Gruszka, prof. U\u015a<\/strong>.<\/li>\n<\/ul>\n<p>\n<\/div>\r\n                    <\/div>\r\n                <\/div>[\/vc_column][\/vc_row]<\/p>","protected":false},"excerpt":{"rendered":"<p>[vc_row][vc_column][\/vc_column][\/vc_row] [&#8230;]<\/p>\n<p><a class=\"btn btn-secondary understrap-read-more-link\" href=\"https:\/\/us.edu.pl\/wydzial\/wnp\/2023\/09\/13\/inauguracja-roku-akademickiego-2023-2024-na-wydziale-nauk-przyrodniczych\/\">Read More&#8230;<\/a><\/p>\n","protected":false},"author":115,"featured_media":158356,"comment_status":"open","ping_status":"open","sticky":false,"template":"","format":"standard","meta":{"_expiration-date-status":"","_expiration-date":0,"_expiration-date-type":"","_expiration-date-categories":[],"_expiration-date-options":[]},"categories":[6],"tags":[],"acf":[],"_links":{"self":[{"href":"https:\/\/us.edu.pl\/wydzial\/wnp\/wp-json\/wp\/v2\/posts\/158355"}],"collection":[{"href":"https:\/\/us.edu.pl\/wydzial\/wnp\/wp-json\/wp\/v2\/posts"}],"about":[{"href":"https:\/\/us.edu.pl\/wydzial\/wnp\/wp-json\/wp\/v2\/types\/post"}],"author":[{"embeddable":true,"href":"https:\/\/us.edu.pl\/wydzial\/wnp\/wp-json\/wp\/v2\/users\/115"}],"replies":[{"embeddable":true,"href":"https:\/\/us.edu.pl\/wydzial\/wnp\/wp-json\/wp\/v2\/comments?post=158355"}],"version-history":[{"count":0,"href":"https:\/\/us.edu.pl\/wydzial\/wnp\/wp-json\/wp\/v2\/posts\/158355\/revisions"}],"wp:featuredmedia":[{"embeddable":true,"href":"https:\/\/us.edu.pl\/wydzial\/wnp\/wp-json\/wp\/v2\/media\/158356"}],"wp:attachment":[{"href":"https:\/\/us.edu.pl\/wydzial\/wnp\/wp-json\/wp\/v2\/media?parent=158355"}],"wp:term":[{"taxonomy":"category","embeddable":true,"href":"https:\/\/us.edu.pl\/wydzial\/wnp\/wp-json\/wp\/v2\/categories?post=158355"},{"taxonomy":"post_tag","embeddable":true,"href":"https:\/\/us.edu.pl\/wydzial\/wnp\/wp-json\/wp\/v2\/tags?post=158355"}],"curies":[{"name":"wp","href":"https:\/\/api.w.org\/{rel}","templated":true}]}}