{"id":164529,"date":"2025-09-25T13:57:15","date_gmt":"2025-09-25T11:57:15","guid":{"rendered":"https:\/\/us.edu.pl\/wydzial\/wnp\/?p=164529"},"modified":"2025-09-25T14:28:05","modified_gmt":"2025-09-25T12:28:05","slug":"zaproszenie-na-101-spotkanie-klubu-mysli-ekologicznej","status":"publish","type":"post","link":"https:\/\/us.edu.pl\/wydzial\/wnp\/2025\/09\/25\/zaproszenie-na-101-spotkanie-klubu-mysli-ekologicznej\/","title":{"rendered":"Zaproszenie na 101 spotkanie Klubu My\u015bli Ekologicznej"},"content":{"rendered":"<p>[vc_row][vc_column width=&#8221;2\/3&#8243;]\r\n                <div class=\"text-modules\">\r\n                    <div class=\"container\">\r\n                        \r\n                        <div class=\"text-modules__content\"><\/p>\n<p style=\"text-align: center;\"><strong>Klub My\u015bli Ekologicznej, G\u00f3rno\u015bl\u0105sko-Zag\u0142\u0119biowska Metropolia, Uniwersytet \u015al\u0105ski zapraszaj\u0105 na 101 spotkanie KME<\/strong><\/p>\n<p style=\"text-align: center;\"><strong>8 pa\u017adziernika 2025, godz. 17.30<\/strong><\/p>\n<p style=\"text-align: center;\"><strong>Spin PLACE, Klub Rawa, IV pi\u0119tro<\/strong><\/p>\n<p style=\"text-align: center;\"><strong>Katowice, ul. Bankowa 5<\/strong><\/p>\n<p style=\"text-align: center;\">Spotkanie tak\u017ce online na <a href=\"https:\/\/www.facebook.com\/events\/789760583918766?acontext=%7B%22event_action_history%22%3A%5b%7B%22mechanism%22%3A%22attachment%22%2C%22surface%22%3A%22newsfeed%22%7D%5d%2C%22ref_notif_type%22%3Anull%7D\">Facebook<\/a> oraz na kanale <a href=\"https:\/\/www.youtube.com\/@klubmysliekologicznej5921\/streams\">YouTube<\/a><\/p>\n<p><strong>\u00a0<\/strong><\/p>\n<p style=\"text-align: center;\">Go\u015bcin\u0105 KME b\u0119dzie <strong>Magda \u0141ucyan &#8211; <\/strong><strong>dziennikarka \u201eFakt\u00f3w TVN\u201d i TVN24, jedna z najpopularniejszych polskich dziennikarek, pisarka, reporta\u017cystka, autorka programu &#8222;Rozmowy o ko\u0144cu \u015bwiata&#8221; w TVN24<\/strong><\/p>\n<h1 style=\"text-align: center;\">Temat: \u201eRozmowy o ko\u0144cu \u015bwiata\u2026 i o nowym pocz\u0105tku\u201d<\/h1>\n<p>&nbsp;<\/p>\n<p><strong>\u00a0<\/strong><\/p>\n<p><strong>Magda \u0141ucyan <\/strong>&#8211; Zajmuje si\u0119 tematyk\u0105 polityczn\u0105, spo\u0142eczn\u0105 i klimatyczn\u0105. Laureatka Nagrody Radia ZET imienia Andrzeja Woyciechowskiego w kategorii &#8222;Dziennikarz dla planety&#8221; (2024). Autorka bestsellerowych ksi\u0105\u017cek \u201e&#8221;Powsta\u0144cy. Ostatni \u015bwiadkowie walcz\u0105cej Warszawy&#8221; (2019), &#8222;Dzieci getta. Ostatni \u015bwiadkowie zag\u0142ady&#8221; (2021), \u201eTaka twoja uroda. Jak endometrioza niszczy \u017cycie Polek\u201d (wsp\u00f3lnie z Katarzyn\u0105 G\u00f3rniak, 2025) i cykli rozm\u00f3w ze \u015bwiadkami historii \u2013 \u201eOb\u00f3z\u201d, \u201eGetto\u201d, \u201ePowsta\u0144cy\u201d i \u201eSierpie\u0144 \u201980\u201d (2021).<\/p>\n<p><strong>\u00a0<\/strong><\/p>\n<p><em>Mam takie marzenie, by przesta\u0107 prowadzi\u0107 ten program, by &#8222;Rozmowy o ko\u0144cu \u015bwiata&#8221; nie by\u0142y potrzebne i bym mog\u0142a powiedzie\u0107, \u017ce ko\u0144ca nie b\u0119dzie, bo politycy zrozumieli i zacz\u0119li dzia\u0142a\u0107 \u2026 &#8211; Niestety, permanentna susza od ponad 10 lat, ekstremalna pow\u00f3d\u017a, kt\u00f3ra zniszczy\u0142a \u017cycie tak wielu Polak\u00f3w, ogie\u0144 poza skal\u0105, najcieplejszy stycze\u0144 w historii pomiar\u00f3w, najcieplejszy grudzie\u0144, listopad, pa\u017adziernik, ca\u0142y rok, (&#8230;), przekroczony pr\u00f3g 1,5 stopnia Celsjusza. To wszystko ju\u017c tutaj jest \u2026 politycy nadal nie przejmuj\u0105 si\u0119 kryzysem klimatycznym tak, jak powinni \u2026 Mo\u017ce dlatego, \u017ce s\u0105 tu potrzebne dzia\u0142ania wykraczaj\u0105ce poza czteroletni\u0105 perspektyw\u0119. Dlatego powt\u00f3rz\u0119 co\u015b, co m\u00f3wi\u0119 w niemal ka\u017cdym programie &#8211; czas na dzia\u0142anie jest teraz \u2026 By\u0107 mo\u017ce dla niekt\u00f3rych &#8222;Dziennikarz dla planety&#8221; brzmi abstrakcyjnie, dla mnie brzmi najpi\u0119kniej na \u015bwiecie.<\/em><\/p>\n<p>&nbsp;<\/p>\n<p>Rozmow\u0119 z go\u015bciem KME poprowadz\u0105: <strong>prof. Piotr Skuba\u0142a<\/strong> (Wydzia\u0142 Nauk Przyrodniczych, Uniwersytet \u015al\u0105ski, ekolog, akarolog, etyk \u015brodowiskowy, edukator ekologiczny, dzia\u0142acz na rzecz ochrony przyrody, aktywista klimatyczny) oraz <strong>dr Ryszard Kulik<\/strong> (Pracownia na rzecz Wszystkich Istot, psycholog, aktywista ekologiczny, trener treningu psychologicznego, ekofilozof skoncentrowany na g\u0142\u0119bokiej ekologii, autor ksi\u0105\u017cek i\u00a0artyku\u0142\u00f3w po\u015bwi\u0119conych relacji cz\u0142owiek \u2013 przyroda). Kontakt z widzami na Facebooku i YouTube: <strong>Barbara Wojtaszek<\/strong> (prezeska Fundacji Klub My\u015bli Ekologicznej, polonistka i anglistka, edukatorka ekologiczna, aktywistka \u015al\u0105skiego Ruchu Klimatycznego). <u>Zapraszamy do zadawania pyta\u0144 go\u015bciowi.<\/u><\/p>\n<\/div>\r\n                    <\/div>\r\n                <\/div>[\/vc_column][vc_column width=&#8221;1\/3&#8243;][vc_single_image image=&#8221;164531&#8243; img_size=&#8221;full&#8221;][\/vc_column][\/vc_row]<\/p>","protected":false},"excerpt":{"rendered":"<p>[vc_row][vc_column width=&#8221;2\/3&#8243;][\/vc_column][vc_column width=&#8221;1\/3&#8243;][vc_single_image image=&#8221;164531&#8243; img_size=&#8221;full&#8221;][\/vc_column][\/vc_row] [&#8230;]<\/p>\n<p><a class=\"btn btn-secondary understrap-read-more-link\" href=\"https:\/\/us.edu.pl\/wydzial\/wnp\/2025\/09\/25\/zaproszenie-na-101-spotkanie-klubu-mysli-ekologicznej\/\">Read More&#8230;<\/a><\/p>\n","protected":false},"author":115,"featured_media":164530,"comment_status":"open","ping_status":"open","sticky":false,"template":"","format":"standard","meta":{"_expiration-date-status":"","_expiration-date":0,"_expiration-date-type":"","_expiration-date-categories":[],"_expiration-date-options":[]},"categories":[6],"tags":[],"acf":[],"_links":{"self":[{"href":"https:\/\/us.edu.pl\/wydzial\/wnp\/wp-json\/wp\/v2\/posts\/164529"}],"collection":[{"href":"https:\/\/us.edu.pl\/wydzial\/wnp\/wp-json\/wp\/v2\/posts"}],"about":[{"href":"https:\/\/us.edu.pl\/wydzial\/wnp\/wp-json\/wp\/v2\/types\/post"}],"author":[{"embeddable":true,"href":"https:\/\/us.edu.pl\/wydzial\/wnp\/wp-json\/wp\/v2\/users\/115"}],"replies":[{"embeddable":true,"href":"https:\/\/us.edu.pl\/wydzial\/wnp\/wp-json\/wp\/v2\/comments?post=164529"}],"version-history":[{"count":0,"href":"https:\/\/us.edu.pl\/wydzial\/wnp\/wp-json\/wp\/v2\/posts\/164529\/revisions"}],"wp:featuredmedia":[{"embeddable":true,"href":"https:\/\/us.edu.pl\/wydzial\/wnp\/wp-json\/wp\/v2\/media\/164530"}],"wp:attachment":[{"href":"https:\/\/us.edu.pl\/wydzial\/wnp\/wp-json\/wp\/v2\/media?parent=164529"}],"wp:term":[{"taxonomy":"category","embeddable":true,"href":"https:\/\/us.edu.pl\/wydzial\/wnp\/wp-json\/wp\/v2\/categories?post=164529"},{"taxonomy":"post_tag","embeddable":true,"href":"https:\/\/us.edu.pl\/wydzial\/wnp\/wp-json\/wp\/v2\/tags?post=164529"}],"curies":[{"name":"wp","href":"https:\/\/api.w.org\/{rel}","templated":true}]}}