{"id":165699,"date":"2026-04-27T07:48:41","date_gmt":"2026-04-27T05:48:41","guid":{"rendered":"https:\/\/us.edu.pl\/wydzial\/wnp\/?p=165699"},"modified":"2026-04-27T07:51:44","modified_gmt":"2026-04-27T05:51:44","slug":"165699","status":"publish","type":"post","link":"https:\/\/us.edu.pl\/wydzial\/wnp\/2026\/04\/27\/165699\/","title":{"rendered":"Zaproszenie na 105 spotkanie Klubu My\u015bli Ekologicznej"},"content":{"rendered":"<p>[vc_row][vc_column]\r\n                <div class=\"text-modules\">\r\n                    <div class=\"container\">\r\n                        \r\n                        <div class=\"text-modules__content\"><\/p>\n<p style=\"text-align: center;\"><strong>Klub My\u015bli Ekologicznej, G\u00f3rno\u015bl\u0105sko-Zag\u0142\u0119biowska Metropolia, Uniwersytet \u015al\u0105ski i Miejska Biblioteka Publiczna w Tychach zapraszaj\u0105 na 105 spotkanie KME<\/strong><\/p>\n<p style=\"text-align: center;\"><strong>27 kwietnia 2026, godz. 17.30<\/strong><\/p>\n<p style=\"text-align: center;\"><strong>Mediateka, Tychy, al. Pi\u0142sudskiego 16<\/strong><\/p>\n<p style=\"text-align: center;\">Spotkanie tak\u017ce online na <a href=\"https:\/\/www.facebook.com\/events\/2718969368277358\">Facebooku<\/a> oraz na kanale <a href=\"https:\/\/youtube.com\/live\/XPWkguXEYJw?feature=share\">YouTube<\/a><\/p>\n<p><strong>\u00a0<\/strong><\/p>\n<p style=\"text-align: center;\">Go\u015bcini\u0105 KME b\u0119dzie <strong>Marzena Figiel-Strza\u0142a <\/strong><strong>&#8211; <\/strong><strong>dziennikarka, reporterka, autorka cyklu reporta\u017cy Dzieci \u015awiata. W 2021 roku za\u0142o\u017cy\u0142a Fundacj\u0119 Dzieci \u015awiata, kt\u00f3rej celem jest wsparcie w edukacji dzieci uratowanych z niewolniczej pracy. Dzi\u015b pod opiek\u0105 ma ponad 200 dzieci.<\/strong><\/p>\n<h1 style=\"text-align: center;\">Temat: \u201eNic nie spada z nieba &#8211; o nielegalnej pracy dzieci w XXI wieku\u201d<\/h1>\n<p>&nbsp;<\/p>\n<p><strong>Marzena Figiel-Strza\u0142a<\/strong> \u2013 za dzia\u0142alno\u015b\u0107 na rzecz praw cz\u0142owieka i dziecka zosta\u0142a nagrodzona statuetk\u0105 Architektka Zr\u00f3wnowa\u017conego Rozwoju w kategorii Etyka i Prawa Cz\u0142owieka \u2013 United Nations Global Network oraz Wszechmocne w Dziennikarstwie 2023 \u2013 Wirtualna Polska, a tak\u017ce medalem imienia Janusza Korczaka \u2013 Akademia Pedagogiki Specjalnej im. Marii Grzegorzewskiej. W 2025 roku otrzyma\u0142a statuetk\u0119 Kobieca Marka Roku oraz tytu\u0142 Inspiratorki roku 2025 wr\u0119czonej podczas gali Sukces Pisany Szmink\u0105. W swojej pracy reporterskiej odkry\u0142a kulisy bran\u017cy fast fashion w Bangladeszu, dotar\u0142a do kopalni miki w Indiach i na Madagaskarze oraz na plantacje oleju palmowego w Indonezji czy plantacje kakaowca w Ghanie oraz ja\u015bminu w Egipcie obna\u017caj\u0105c przy tym brak transparentno\u015bci \u0142a\u0144cucha dostaw bran\u017cy kosmetycznej i spo\u017cywczej. Jest tak\u017ce autork\u0105 reporta\u017cy obna\u017caj\u0105cych nielegaln\u0105 prac\u0119 dzieci czy bolesne rytua\u0142y, kt\u00f3rym poddawane s\u0105 dziewczynki na ca\u0142ym \u015bwiecie.<\/p>\n<p>&nbsp;<\/p>\n<p>\u201eDo bycia w drodze popycha mnie mi\u0142o\u015b\u0107 do \u015awiata i Ludzi. Nie kolekcjonuj\u0119 piecz\u0105tek w paszporcie ale ludzkie historie. Obna\u017cam niewygodne prawdy i m\u00f3wi\u0119 o rzeczach wa\u017cnych. Pokazuj\u0119 \u015awiat bez r\u00f3\u017cowych okular\u00f3w, ale takim, jakim jest naprawd\u0119 \u2026 W reporta\u017cach cz\u0119sto poruszam problem nielegalnej pracy dzieci, czy bolesnych rytua\u0142\u00f3w, jakim s\u0105 poddawane. Ogl\u0105daj\u0105cy odcinki Dzieci \u015awiata dowiaduj\u0105 si\u0119 jak wygl\u0105da edukacja dzieci z r\u00f3\u017cnych cz\u0119\u015bci \u015awiata, jakie maj\u0105 mo\u017cliwo\u015bci rozwoju, jakie pragnienia, jak sp\u0119dzaj\u0105 wolny czas i czy w og\u00f3le go maj\u0105, czym si\u0119 bawi\u0105, jakie maj\u0105 perspektywy na przysz\u0142o\u015b\u0107, obowi\u0105zki, jak liczn\u0105 maj\u0105 rodzin\u0119, jak\u0105 rol\u0119 w niej pe\u0142ni\u0105. Dzieci \u015awiata obna\u017caj\u0105 tak\u017ce niewygodne prawdy, jak np. Fakt zatrudniania dzieci w nielegalnych kopalniach miki \u2013 minera\u0142u b\u0119d\u0105cego sk\u0142adnikiem naszych roz\u015bwietlaczy, czy cieni do powiek.\u201d<\/p>\n<p>&nbsp;<\/p>\n<p>Rozmow\u0119 z go\u015bciem KME poprowadz\u0105: <strong>prof. Piotr Skuba\u0142a<\/strong> (Wydzia\u0142 Nauk Przyrodniczych, Uniwersytet \u015al\u0105ski, ekolog, akarolog, etyk \u015brodowiskowy, edukator ekologiczny, dzia\u0142acz na rzecz ochrony przyrody, aktywista klimatyczny) oraz <strong>dr Ryszard Kulik<\/strong> (Pracownia na rzecz Wszystkich Istot, psycholog, aktywista ekologiczny, trener treningu psychologicznego, ekofilozof skoncentrowany na g\u0142\u0119bokiej ekologii, autor ksi\u0105\u017cek i\u00a0artyku\u0142\u00f3w po\u015bwi\u0119conych relacji cz\u0142owiek \u2013 przyroda). Kontakt z widzami na Facebooku i YouTube: <strong>Barbara Wojtaszek<\/strong> (prezeska Fundacji Klub My\u015bli Ekologicznej, polonistka i anglistka, edukatorka ekologiczna, aktywistka \u015al\u0105skiego Ruchu Klimatycznego). <u>Zapraszamy do zadawania pyta\u0144 go\u015bciowi.<\/u><\/p>\n<\/div>\r\n                    <\/div>\r\n                <\/div>[\/vc_column][\/vc_row][vc_row][vc_column][vc_single_image image=&#8221;165701&#8243; img_size=&#8221;full&#8221;][\/vc_column][\/vc_row]<\/p>","protected":false},"excerpt":{"rendered":"<p>[vc_row][vc_column][\/vc_column][\/vc_row][vc_row][vc_column][vc_single_image image=&#8221;165701&#8243; img_size=&#8221;full&#8221;][\/vc_column][\/vc_row] [&#8230;]<\/p>\n<p><a class=\"btn btn-secondary understrap-read-more-link\" href=\"https:\/\/us.edu.pl\/wydzial\/wnp\/2026\/04\/27\/165699\/\">Read More&#8230;<\/a><\/p>\n","protected":false},"author":115,"featured_media":165701,"comment_status":"open","ping_status":"open","sticky":false,"template":"","format":"standard","meta":{"_expiration-date-status":"","_expiration-date":0,"_expiration-date-type":"","_expiration-date-categories":[],"_expiration-date-options":[]},"categories":[6],"tags":[],"acf":[],"_links":{"self":[{"href":"https:\/\/us.edu.pl\/wydzial\/wnp\/wp-json\/wp\/v2\/posts\/165699"}],"collection":[{"href":"https:\/\/us.edu.pl\/wydzial\/wnp\/wp-json\/wp\/v2\/posts"}],"about":[{"href":"https:\/\/us.edu.pl\/wydzial\/wnp\/wp-json\/wp\/v2\/types\/post"}],"author":[{"embeddable":true,"href":"https:\/\/us.edu.pl\/wydzial\/wnp\/wp-json\/wp\/v2\/users\/115"}],"replies":[{"embeddable":true,"href":"https:\/\/us.edu.pl\/wydzial\/wnp\/wp-json\/wp\/v2\/comments?post=165699"}],"version-history":[{"count":0,"href":"https:\/\/us.edu.pl\/wydzial\/wnp\/wp-json\/wp\/v2\/posts\/165699\/revisions"}],"wp:featuredmedia":[{"embeddable":true,"href":"https:\/\/us.edu.pl\/wydzial\/wnp\/wp-json\/wp\/v2\/media\/165701"}],"wp:attachment":[{"href":"https:\/\/us.edu.pl\/wydzial\/wnp\/wp-json\/wp\/v2\/media?parent=165699"}],"wp:term":[{"taxonomy":"category","embeddable":true,"href":"https:\/\/us.edu.pl\/wydzial\/wnp\/wp-json\/wp\/v2\/categories?post=165699"},{"taxonomy":"post_tag","embeddable":true,"href":"https:\/\/us.edu.pl\/wydzial\/wnp\/wp-json\/wp\/v2\/tags?post=165699"}],"curies":[{"name":"wp","href":"https:\/\/api.w.org\/{rel}","templated":true}]}}