{"id":3910,"date":"2020-10-19T23:28:59","date_gmt":"2020-10-19T21:28:59","guid":{"rendered":"https:\/\/us.edu.pl\/wydzial\/wnp\/?p=3910"},"modified":"2020-10-22T08:04:32","modified_gmt":"2020-10-22T06:04:32","slug":"list-otwarty-do-ws-odchodzenia-od-wydobycia-wegla-na-gornym-slasku","status":"publish","type":"post","link":"https:\/\/us.edu.pl\/wydzial\/wnp\/2020\/10\/19\/list-otwarty-do-ws-odchodzenia-od-wydobycia-wegla-na-gornym-slasku\/","title":{"rendered":"List otwarty ws. odchodzenia od\u00a0 wydobycia w\u0119gla na G\u00f3rnym \u015al\u0105sku"},"content":{"rendered":"<p>[vc_row][vc_column]\r\n                <div class=\"text-modules\">\r\n                    <div class=\"container\">\r\n                        \r\n                        <div class=\"text-modules__content\"><p>Z inicjatywy Grupy Badawczej Sprawiedliwej Transformacji przy poparciu 50 naukowc\u00f3w z Uniwersytetu \u015al\u0105skiego w Katowicach zosta\u0142 wys\u0142any list otwarty do Prezesa Rady Ministr\u00f3w Mateusza Morawieckiego ws. odchodzenia od\u00a0 wydobycia w\u0119gla na G\u00f3rnym \u015al\u0105sku. W\u015br\u00f3d sygnatariuszy tego Apelu s\u0105 r\u00f3wnie\u017c naukowcy z Wydzia\u0142u Nauk Przyrodniczych Uniwersytetu \u015al\u0105skiego<\/p>\n<p><a href=\"https:\/\/www.pap.pl\/aktualnosci\/news%2C736277%2Capel-51-naukowcow-o-mozliwie-szybkie-odejscie-od-wydobycia-wegla-na-slasku?fbclid=IwAR2tjQ0ZhRqnPayP1UZlVocDjQKmrSwKFgn1B_WcfmeHAzLj_rTFGcnGVQs\">https:\/\/www.pap.pl\/aktualnosci\/news%2C736277%2Capel-51-naukowcow-o-mozliwie-szybkie-odejscie-od-wydobycia-wegla-na-slasku?fbclid=IwAR2tjQ0ZhRqnPayP1UZlVocDjQKmrSwKFgn1B_WcfmeHAzLj_rTFGcnGVQs<\/a><\/p>\n<p>&nbsp;<\/p>\n<p><a href=\"https:\/\/nettg.pl\/news\/171343\/naukowcy-z-uniwersytetu-slaskiego-w-liscie-do-premiera-apeluja-o-mozliwie-szybkie-odejscie-od-wydobycia-wegla-na-gornym-slasku\/set\/page\/2\">https:\/\/nettg.pl\/news\/171343\/naukowcy-z-uniwersytetu-slaskiego-w-liscie-do-premiera-apeluja-o-mozliwie-szybkie-odejscie-od-wydobycia-wegla-na-gornym-slasku\/set\/page\/2<\/a><\/p>\n<p><a href=\"https:\/\/twitter.com\/JTRG18\/status\/1316335210238279681?s=20\">https:\/\/twitter.com\/JTRG18\/status\/1316335210238279681?s=20<\/a><\/p>\n<p>&nbsp;<\/p>\n<p>wi\u0119cej o Grupie Badawczej Sprawiedliwej Transformacji mo\u017cna przeczyta\u0107 tu: <a href=\"https:\/\/us.edu.pl\/event\/konferencja-prasowa-dotyczaca-powolania-grupy-badawczej-sprawiedliwej-transformacji\/\">https:\/\/us.edu.pl\/event\/konferencja-prasowa-dotyczaca-powolania-grupy-badawczej-sprawiedliwej-transformacji\/<\/a><\/p>\n<\/div>\r\n                    <\/div>\r\n                <\/div>[\/vc_column][\/vc_row]<\/p>","protected":false},"excerpt":{"rendered":"<p>[vc_row][vc_column][\/vc_column][\/vc_row] [&#8230;]<\/p>\n<p><a class=\"btn btn-secondary understrap-read-more-link\" href=\"https:\/\/us.edu.pl\/wydzial\/wnp\/2020\/10\/19\/list-otwarty-do-ws-odchodzenia-od-wydobycia-wegla-na-gornym-slasku\/\">Read More&#8230;<\/a><\/p>\n","protected":false},"author":115,"featured_media":3911,"comment_status":"open","ping_status":"open","sticky":false,"template":"","format":"standard","meta":{"_expiration-date-status":"saved","_expiration-date":0,"_expiration-date-type":"","_expiration-date-categories":[],"_expiration-date-options":[]},"categories":[6],"tags":[],"acf":[],"_links":{"self":[{"href":"https:\/\/us.edu.pl\/wydzial\/wnp\/wp-json\/wp\/v2\/posts\/3910"}],"collection":[{"href":"https:\/\/us.edu.pl\/wydzial\/wnp\/wp-json\/wp\/v2\/posts"}],"about":[{"href":"https:\/\/us.edu.pl\/wydzial\/wnp\/wp-json\/wp\/v2\/types\/post"}],"author":[{"embeddable":true,"href":"https:\/\/us.edu.pl\/wydzial\/wnp\/wp-json\/wp\/v2\/users\/115"}],"replies":[{"embeddable":true,"href":"https:\/\/us.edu.pl\/wydzial\/wnp\/wp-json\/wp\/v2\/comments?post=3910"}],"version-history":[{"count":0,"href":"https:\/\/us.edu.pl\/wydzial\/wnp\/wp-json\/wp\/v2\/posts\/3910\/revisions"}],"wp:featuredmedia":[{"embeddable":true,"href":"https:\/\/us.edu.pl\/wydzial\/wnp\/wp-json\/wp\/v2\/media\/3911"}],"wp:attachment":[{"href":"https:\/\/us.edu.pl\/wydzial\/wnp\/wp-json\/wp\/v2\/media?parent=3910"}],"wp:term":[{"taxonomy":"category","embeddable":true,"href":"https:\/\/us.edu.pl\/wydzial\/wnp\/wp-json\/wp\/v2\/categories?post=3910"},{"taxonomy":"post_tag","embeddable":true,"href":"https:\/\/us.edu.pl\/wydzial\/wnp\/wp-json\/wp\/v2\/tags?post=3910"}],"curies":[{"name":"wp","href":"https:\/\/api.w.org\/{rel}","templated":true}]}}