{"id":156184,"date":"2022-06-13T08:38:11","date_gmt":"2022-06-13T06:38:11","guid":{"rendered":"https:\/\/us.edu.pl\/wydzial\/wns\/?p=156184"},"modified":"2022-06-28T08:42:54","modified_gmt":"2022-06-28T06:42:54","slug":"dzien-dziecka-afrykanskiego-badania-w-dzialaniu-pani-dr-anny-watoly","status":"publish","type":"post","link":"https:\/\/us.edu.pl\/wydzial\/wns\/2022\/06\/13\/dzien-dziecka-afrykanskiego-badania-w-dzialaniu-pani-dr-anny-watoly\/","title":{"rendered":"Dzie\u0144 Dziecka Afryka\u0144skiego &#8211; badania w dzia\u0142aniu dr Anny Wato\u0142y"},"content":{"rendered":"<p>[vc_row][vc_column width=&#8221;2\/3&#8243;]\r\n                <div class=\"text-modules\">\r\n                    <div class=\"container\">\r\n                        \r\n                        <div class=\"text-modules__content\"><p>Dzie\u0144 Dziecka Afryka\u0144skiego to \u015bwi\u0119to, kt\u00f3re obchodzimy 16 czerwca z inicjatywy Organizacji Jedno\u015bci Afryka\u0144skiej oraz UNICEFU. Wydarzenie upami\u0119tnia masakr\u0119 dzieci w Soweto ko\u0142o Johannesburga w RPA, dokonan\u0105 w 1976 roku przez tamtejszy re\u017cim rasistowski. Do protestuj\u0105cych przeciw niskiemu poziomowi edukacji dzieci policja otworzy\u0142a ogie\u0144, zabijaj\u0105c ponad 100 os\u00f3b.<\/p>\n<p>O szkole pod baobabem, badaniach realizowanych w\u015br\u00f3d dzieci z plemienia Masaj\u00f3w oraz z wyspy Wasimi, rozmawiamy z nasz\u0105 ekspertk\u0105 dr Ann\u0105 Wato\u0142\u0105.<\/p>\n<p><strong>Violetta Kulik: Pani Doktor, przyst\u0119puj\u0105c do realizacji bada\u0144 pedagogicznych przed badaczem stoi wiele trudnych wyzwa\u0144. Jedno z nich dotyczy wyboru w\u0142a\u015bciwych metod badawczych. Czy wyb\u00f3r najw\u0142a\u015bciwszych jest trudny?<\/strong><\/p>\n<p>Dr Anna Wato\u0142a: Ka\u017cda metoda w swych za\u0142o\u017ceniach zawiera wiele r\u00f3\u017cnego rodzaju metodologicznych uwarunkowa\u0144. Maj\u0105c na uwadze cel planowanych bada\u0144, wyb\u00f3r najw\u0142a\u015bciwszych metod wydaje si\u0119 do\u015b\u0107 trudnym i cz\u0119sto dyskusyjnym zadaniem. W 2012 roku odby\u0142am swoj\u0105 pierwsz\u0105 wizyt\u0119 do kilku afryka\u0144skich szk\u00f3\u0142 zlokalizowanych w Tanzanii oraz Kenii w okolicach Wybrze\u017ca Shimoni, Mombasy oraz na obrze\u017cach Parku Narodowego Amboseli. Przez kilka lat prowadzi\u0142am badania naukowe w\u015br\u00f3d spo\u0142eczno\u015bci szkolnej i uniwersyteckiej, z wykorzystaniem licznych metod badawczych. Po wielu dyskusjach prowadzonych w\u015br\u00f3d naukowc\u00f3w akademickich zacz\u0119\u0142am stosowa\u0107 metod\u0119 bada\u0144 w dzia\u0142aniu.<\/p>\n<p><strong>Violetta Kulik: Na czym polega metoda badania w dzia\u0142aniu?<\/strong><\/p>\n<p>Dr Anna Wato\u0142a: Badania w dzia\u0142aniu (ang. action research) to taki typ bada\u0144, kt\u00f3re zak\u0142ada zar\u00f3wno podejmowanie dzia\u0142ania, jak i tworzenie wiedzy lub teorii opartej na tym dzia\u0142aniu. Metoda ta umo\u017cliwia powi\u0105zanie teorii z praktyk\u0105, dzia\u0142ania z eksploracj\u0105, uczenie si\u0119 z nauczaniem. Polega na \u0142\u0105czeniu przemy\u015ble\u0144 i dzia\u0142a\u0144, teorii i praktyki, poprzez wsp\u00f3\u0142prac\u0119 z innymi lud\u017ami. Efektem tych dzia\u0142a\u0144\u00a0 jest proces osi\u0105gania praktycznych rozwi\u0105za\u0144, kt\u00f3re s\u0105 szczeg\u00f3lnie istotne i wa\u017cne; w znaczny spos\u00f3b wp\u0142ywaj\u0105 na polepszenie sytuacji jednostki oraz ca\u0142ej spo\u0142eczno\u015bci, w jakiej jednostka funkcjonuje.<br \/>\nBadania w dzia\u0142aniu przynosz\u0105 now\u0105 wiedz\u0119 wraz z konkretnym dzia\u0142aniem, rezultat praktyczny, kt\u00f3ry stanowi materi\u0119 g\u0142\u0119bokiej refleksji. Wspomniany rezultat praktyczny zmienia na lepsze zastan\u0105 rzeczywisto\u015b\u0107 organizacyjn\u0105 i spo\u0142eczn\u0105. W badaniach w dzia\u0142aniu badacz jest g\u0142\u00f3wnym inspiratorem i aktywnie uczestniczy w poszczeg\u00f3lnych dzia\u0142aniach.<\/p>\n<p><strong>Violetta Kulik: Od kilku lat organizuje Pani akcje niesienia pomocy dzieciom z biednych rejon\u00f3w Kenii i Tanzanii, poprzez tworzenie im warunk\u00f3w edukacyjnych. Co uda\u0142o si\u0119 Pani wdro\u017cy\u0107 w ramach metody badania w dzia\u0142aniu?<\/strong><\/p>\n<p>Dr Anna Wato\u0142a: Wykorzystanie metody badania w dzia\u0142aniu jest szczeg\u00f3lnie zasadne w\u00f3wczas, gdy pojawia si\u0119 szansa uzyskania zmiany na lepsze istniej\u0105cej sytuacji. W\u00f3wczas opracowuje si\u0119 plan dzia\u0142ania, kt\u00f3ry ma doprowadzi\u0107 do zmiany, nast\u0119pnie wdra\u017ca si\u0119 go w \u017cycie i prowadzi obserwacj\u0119 tego, co jest wynikiem podj\u0119tych dzia\u0142a\u0144. Po kilku latach pracy uda\u0142o mi si\u0119 zainstalowa\u0107 panele fotowoltaiczne do wytwarzania energii elektrycznej w szk\u00f3\u0142ce w ma\u0142ej wiosce ludu Masaj\u00f3w \u017cyj\u0105cych na obrze\u017cach Parku Narodowego w Amboseli oraz systematycznie dostarcza\u0107 przybory szkolne dla dzieci ze szko\u0142y na wyspie Oceanu Indyjskiego \u2013\u00a0 Wasini oraz do kilku szk\u00f3\u0142 u podn\u00f3\u017ca Kilimand\u017caro w Tanzanii. Cztery lata temu wraz z dr Ann\u0105 Brosch i dr. hab. Tomaszem Hukiem, prof. U\u015a podj\u0119li\u015bmy decyzj\u0119 o obj\u0119ciu pomoc\u0105 materialn\u0105 wychowank\u00f3w z sieroci\u0144ca Good Samaritan Vision w Kilifii (Kenia).<\/p>\n<p><strong>Violetta Kulik: Nawi\u0105za\u0142a Pani r\u00f3wnie\u017c kontakty naukowe z uniwersytetami w Kenii. Jakie s\u0105 rezultaty wsp\u00f3\u0142pracy?<\/strong><\/p>\n<p>Dr Anna Wato\u0142a: Nawi\u0105za\u0142am kontakty naukowe z czterema uniwersytetami w Kenii: Pwani University, Kenyatta University, Technical University of Mombasa, Koitaleel Samoei University College of Nairobi.<br \/>\nOwocem tych kontakt\u00f3w jest aktywny udzia\u0142 w kilku konferencjach naukowych w Kenii oraz uczestnictwo w projektach naukowo-badawczych w ramach programu Horizon 2020, a tak\u017ce wydanie kilku artyku\u0142\u00f3w naukowych. Obecnie na realizacj\u0119 czekaj\u0105 pomys\u0142y zwi\u0105zane z realizacj\u0105 praktyk pedagogicznych w kenijskich szko\u0142ach przez student\u00f3w z Europy. Mam nadziej\u0119, \u017ce r\u00f3wnie\u017c studenci z Uniwersytetu \u015al\u0105skiego b\u0119d\u0105 mieli szanse wzi\u0105\u0107 udzia\u0142 w tej trudnej, ambitnej ale jak\u017ce egzotycznej \u201enaukowej przygodzie\u201d.<\/p>\n<p><strong>Violetta Kulik: Serdecznie dzi\u0119kuj\u0119 za rozmow\u0119.<\/strong><\/p>\n<p>\n<\/div>\r\n                    <\/div>\r\n                <\/div>[\/vc_column][vc_column width=&#8221;1\/3&#8243;]\r\n                <div class=\"text-modules\">\r\n                    <div class=\"container\">\r\n                        \r\n                        <div class=\"text-modules__content\"><p><img class=\"alignnone size-medium wp-image-5293\" src=\"https:\/\/us.edu.pl\/wydzial\/wns\/wp-content\/uploads\/sites\/17\/Nieprzypisane\/10.Wato\u0142a-1-300x225.jpg\" alt=\"dr Anna Wato\u0142a z dzie\u0107mi z Kenii\" width=\"300\" height=\"225\" srcset=\"https:\/\/us.edu.pl\/wydzial\/wns\/wp-content\/uploads\/sites\/17\/Nieprzypisane\/10.Wato\u0142a-1-300x225.jpg 300w, https:\/\/us.edu.pl\/wydzial\/wns\/wp-content\/uploads\/sites\/17\/Nieprzypisane\/10.Wato\u0142a-1-768x576.jpg 768w, https:\/\/us.edu.pl\/wydzial\/wns\/wp-content\/uploads\/sites\/17\/Nieprzypisane\/10.Wato\u0142a-1-1024x768.jpg 1024w, https:\/\/us.edu.pl\/wydzial\/wns\/wp-content\/uploads\/sites\/17\/Nieprzypisane\/10.Wato\u0142a-1-575x431.jpg 575w\" sizes=\"(max-width: 300px) 100vw, 300px\" \/><\/p>\n<p>&nbsp;<\/p>\n<p><img class=\"alignnone size-medium wp-image-5288\" src=\"https:\/\/us.edu.pl\/wydzial\/wns\/wp-content\/uploads\/sites\/17\/Nieprzypisane\/9.Wato\u0142a-300x225.jpg\" alt=\"\" width=\"300\" height=\"225\" srcset=\"https:\/\/us.edu.pl\/wydzial\/wns\/wp-content\/uploads\/sites\/17\/Nieprzypisane\/9.Wato\u0142a-300x225.jpg 300w, https:\/\/us.edu.pl\/wydzial\/wns\/wp-content\/uploads\/sites\/17\/Nieprzypisane\/9.Wato\u0142a-768x576.jpg 768w, https:\/\/us.edu.pl\/wydzial\/wns\/wp-content\/uploads\/sites\/17\/Nieprzypisane\/9.Wato\u0142a-1024x768.jpg 1024w, https:\/\/us.edu.pl\/wydzial\/wns\/wp-content\/uploads\/sites\/17\/Nieprzypisane\/9.Wato\u0142a-575x431.jpg 575w\" sizes=\"(max-width: 300px) 100vw, 300px\" \/><\/p>\n<p>&nbsp;<\/p>\n<p><img class=\"alignnone size-medium wp-image-5251\" src=\"https:\/\/us.edu.pl\/wydzial\/wns\/wp-content\/uploads\/sites\/17\/Nieprzypisane\/kenia-300x199.jpg\" alt=\"Na zdj\u0119ciu dzieci z Kenii\" width=\"300\" height=\"199\" srcset=\"https:\/\/us.edu.pl\/wydzial\/wns\/wp-content\/uploads\/sites\/17\/Nieprzypisane\/kenia-300x199.jpg 300w, https:\/\/us.edu.pl\/wydzial\/wns\/wp-content\/uploads\/sites\/17\/Nieprzypisane\/kenia-768x509.jpg 768w, https:\/\/us.edu.pl\/wydzial\/wns\/wp-content\/uploads\/sites\/17\/Nieprzypisane\/kenia-1024x678.jpg 1024w, https:\/\/us.edu.pl\/wydzial\/wns\/wp-content\/uploads\/sites\/17\/Nieprzypisane\/kenia-575x381.jpg 575w\" sizes=\"(max-width: 300px) 100vw, 300px\" \/><\/p>\n<p>&nbsp;<\/p>\n<p><img class=\"alignnone size-medium wp-image-5287\" src=\"https:\/\/us.edu.pl\/wydzial\/wns\/wp-content\/uploads\/sites\/17\/Nieprzypisane\/6.Wato\u0142a-300x225.jpg\" alt=\"dr Anna Wato\u0142a z dzie\u0107mi z Keniii\" width=\"300\" height=\"225\" srcset=\"https:\/\/us.edu.pl\/wydzial\/wns\/wp-content\/uploads\/sites\/17\/Nieprzypisane\/6.Wato\u0142a-300x225.jpg 300w, https:\/\/us.edu.pl\/wydzial\/wns\/wp-content\/uploads\/sites\/17\/Nieprzypisane\/6.Wato\u0142a-768x576.jpg 768w, https:\/\/us.edu.pl\/wydzial\/wns\/wp-content\/uploads\/sites\/17\/Nieprzypisane\/6.Wato\u0142a-1024x768.jpg 1024w, https:\/\/us.edu.pl\/wydzial\/wns\/wp-content\/uploads\/sites\/17\/Nieprzypisane\/6.Wato\u0142a-575x431.jpg 575w\" sizes=\"(max-width: 300px) 100vw, 300px\" \/><\/p>\n<\/div>\r\n                    <\/div>\r\n                <\/div>[\/vc_column][\/vc_row]<\/p>","protected":false},"excerpt":{"rendered":"<p>[vc_row][vc_column width=&#8221;2\/3&#8243;][\/vc_column][vc_column width=&#8221;1\/3&#8243;][\/vc_column][\/vc_row] [&#8230;]<\/p>\n<p><a class=\"btn btn-secondary understrap-read-more-link\" href=\"https:\/\/us.edu.pl\/wydzial\/wns\/2022\/06\/13\/dzien-dziecka-afrykanskiego-badania-w-dzialaniu-pani-dr-anny-watoly\/\">Read More&#8230;<\/a><\/p>\n","protected":false},"author":133,"featured_media":5251,"comment_status":"open","ping_status":"open","sticky":false,"template":"","format":"standard","meta":{"_expiration-date-status":"","_expiration-date":0,"_expiration-date-type":"","_expiration-date-categories":[],"_expiration-date-options":[]},"categories":[146],"tags":[],"acf":[],"_links":{"self":[{"href":"https:\/\/us.edu.pl\/wydzial\/wns\/wp-json\/wp\/v2\/posts\/156184"}],"collection":[{"href":"https:\/\/us.edu.pl\/wydzial\/wns\/wp-json\/wp\/v2\/posts"}],"about":[{"href":"https:\/\/us.edu.pl\/wydzial\/wns\/wp-json\/wp\/v2\/types\/post"}],"author":[{"embeddable":true,"href":"https:\/\/us.edu.pl\/wydzial\/wns\/wp-json\/wp\/v2\/users\/133"}],"replies":[{"embeddable":true,"href":"https:\/\/us.edu.pl\/wydzial\/wns\/wp-json\/wp\/v2\/comments?post=156184"}],"version-history":[{"count":11,"href":"https:\/\/us.edu.pl\/wydzial\/wns\/wp-json\/wp\/v2\/posts\/156184\/revisions"}],"predecessor-version":[{"id":156549,"href":"https:\/\/us.edu.pl\/wydzial\/wns\/wp-json\/wp\/v2\/posts\/156184\/revisions\/156549"}],"wp:featuredmedia":[{"embeddable":true,"href":"https:\/\/us.edu.pl\/wydzial\/wns\/wp-json\/wp\/v2\/media\/5251"}],"wp:attachment":[{"href":"https:\/\/us.edu.pl\/wydzial\/wns\/wp-json\/wp\/v2\/media?parent=156184"}],"wp:term":[{"taxonomy":"category","embeddable":true,"href":"https:\/\/us.edu.pl\/wydzial\/wns\/wp-json\/wp\/v2\/categories?post=156184"},{"taxonomy":"post_tag","embeddable":true,"href":"https:\/\/us.edu.pl\/wydzial\/wns\/wp-json\/wp\/v2\/tags?post=156184"}],"curies":[{"name":"wp","href":"https:\/\/api.w.org\/{rel}","templated":true}]}}