{"id":157918,"date":"2022-08-08T11:12:54","date_gmt":"2022-08-08T09:12:54","guid":{"rendered":"https:\/\/us.edu.pl\/wydzial\/wns\/?p=157918"},"modified":"2022-08-08T11:13:41","modified_gmt":"2022-08-08T09:13:41","slug":"informacje-dotyczace-ceremonii-pogrzebowej-dr-natalii-stepien-lampy","status":"publish","type":"post","link":"https:\/\/us.edu.pl\/wydzial\/wns\/2022\/08\/08\/informacje-dotyczace-ceremonii-pogrzebowej-dr-natalii-stepien-lampy\/","title":{"rendered":"Informacje dotycz\u0105ce ceremonii pogrzebowej dr Natalii St\u0119pie\u0144-Lampy"},"content":{"rendered":"<p>[vc_row][vc_column]\r\n                <div class=\"text-modules\">\r\n                    <div class=\"container\">\r\n                        \r\n                        <div class=\"text-modules__content\"><p><img class=\"alignnone wp-image-157907 size-full\" src=\"https:\/\/us.edu.pl\/wydzial\/wns\/wp-content\/uploads\/sites\/17\/Bez-kategorii\/Natalia-Stepien-Lampa-08.08.2022.png\" alt=\"Klepsydra\" width=\"1279\" height=\"901\" srcset=\"https:\/\/us.edu.pl\/wydzial\/wns\/wp-content\/uploads\/sites\/17\/Bez-kategorii\/Natalia-Stepien-Lampa-08.08.2022.png 1279w, https:\/\/us.edu.pl\/wydzial\/wns\/wp-content\/uploads\/sites\/17\/Bez-kategorii\/Natalia-Stepien-Lampa-08.08.2022-300x211.png 300w, https:\/\/us.edu.pl\/wydzial\/wns\/wp-content\/uploads\/sites\/17\/Bez-kategorii\/Natalia-Stepien-Lampa-08.08.2022-1024x721.png 1024w, https:\/\/us.edu.pl\/wydzial\/wns\/wp-content\/uploads\/sites\/17\/Bez-kategorii\/Natalia-Stepien-Lampa-08.08.2022-768x541.png 768w, https:\/\/us.edu.pl\/wydzial\/wns\/wp-content\/uploads\/sites\/17\/Bez-kategorii\/Natalia-Stepien-Lampa-08.08.2022-575x405.png 575w\" sizes=\"(max-width: 1279px) 100vw, 1279px\" \/><\/p>\n<\/div>\r\n                    <\/div>\r\n                <\/div>[\/vc_column][\/vc_row]<\/p>","protected":false},"excerpt":{"rendered":"<p>[vc_row][vc_column][\/vc_column][\/vc_row] [&#8230;]<\/p>\n<p><a class=\"btn btn-secondary understrap-read-more-link\" href=\"https:\/\/us.edu.pl\/wydzial\/wns\/2022\/08\/08\/informacje-dotyczace-ceremonii-pogrzebowej-dr-natalii-stepien-lampy\/\">Read More&#8230;<\/a><\/p>\n","protected":false},"author":134,"featured_media":157907,"comment_status":"open","ping_status":"open","sticky":false,"template":"","format":"standard","meta":{"_expiration-date-status":"","_expiration-date":0,"_expiration-date-type":"","_expiration-date-categories":[],"_expiration-date-options":[]},"categories":[1,11],"tags":[],"acf":[],"_links":{"self":[{"href":"https:\/\/us.edu.pl\/wydzial\/wns\/wp-json\/wp\/v2\/posts\/157918"}],"collection":[{"href":"https:\/\/us.edu.pl\/wydzial\/wns\/wp-json\/wp\/v2\/posts"}],"about":[{"href":"https:\/\/us.edu.pl\/wydzial\/wns\/wp-json\/wp\/v2\/types\/post"}],"author":[{"embeddable":true,"href":"https:\/\/us.edu.pl\/wydzial\/wns\/wp-json\/wp\/v2\/users\/134"}],"replies":[{"embeddable":true,"href":"https:\/\/us.edu.pl\/wydzial\/wns\/wp-json\/wp\/v2\/comments?post=157918"}],"version-history":[{"count":3,"href":"https:\/\/us.edu.pl\/wydzial\/wns\/wp-json\/wp\/v2\/posts\/157918\/revisions"}],"predecessor-version":[{"id":157921,"href":"https:\/\/us.edu.pl\/wydzial\/wns\/wp-json\/wp\/v2\/posts\/157918\/revisions\/157921"}],"wp:featuredmedia":[{"embeddable":true,"href":"https:\/\/us.edu.pl\/wydzial\/wns\/wp-json\/wp\/v2\/media\/157907"}],"wp:attachment":[{"href":"https:\/\/us.edu.pl\/wydzial\/wns\/wp-json\/wp\/v2\/media?parent=157918"}],"wp:term":[{"taxonomy":"category","embeddable":true,"href":"https:\/\/us.edu.pl\/wydzial\/wns\/wp-json\/wp\/v2\/categories?post=157918"},{"taxonomy":"post_tag","embeddable":true,"href":"https:\/\/us.edu.pl\/wydzial\/wns\/wp-json\/wp\/v2\/tags?post=157918"}],"curies":[{"name":"wp","href":"https:\/\/api.w.org\/{rel}","templated":true}]}}