{"id":158188,"date":"2022-09-12T11:23:10","date_gmt":"2022-09-12T09:23:10","guid":{"rendered":"https:\/\/us.edu.pl\/wydzial\/wns\/?p=158188"},"modified":"2022-09-12T11:27:38","modified_gmt":"2022-09-12T09:27:38","slug":"grupy-wsparcia-i-rozwoju-osobistego-spotkania-dla-studentow-i-studentek","status":"publish","type":"post","link":"https:\/\/us.edu.pl\/wydzial\/wns\/2022\/09\/12\/grupy-wsparcia-i-rozwoju-osobistego-spotkania-dla-studentow-i-studentek\/","title":{"rendered":"\u201eGrupy wsparcia i rozwoju osobistego\u201d \u2013 spotkania dla student\u00f3w i studentek"},"content":{"rendered":"<p><span style=\"font-size: 12pt;\"><a href=\"https:\/\/us.edu.pl\/ksztalcenie\/rpsid\/\">Rzecznik praw studenta i doktoranta<\/a> dr hab. Agnieszka Bielska-Brodziak, prof. U\u015a zaprasza do wzi\u0119cia udzia\u0142u w kolejnej edycji \u201eGrupy rozwoju i wsparcia osobistego\u201d.<\/span><\/p>\n<p>&nbsp;<\/p>\n<p><span style=\"font-size: 12pt;\">Celem projektu jest u\u0142atwienie wgl\u0105du we w\u0142asne prze\u017cycia i uruchamianie proces\u00f3w zmian wewn\u0119trznych, kt\u00f3re sprzyjaj\u0105 g\u0142\u0119bszemu rozumieniu siebie: swoich potrzeb, zasob\u00f3w i ogranicze\u0144. Praca w grupie pozwala lepiej si\u0119 komunikowa\u0107: uwa\u017cniej s\u0142ucha\u0107 i ja\u015bniej wypowiada\u0107 w\u0142asne opinie. Daje szans\u0119 na wzrost \u015bwiadomo\u015bci w\u0142asnego stanu psychicznego, lepszego radzenia sobie z trudno\u015bciami. Umo\u017cliwia te\u017c rozwini\u0119cie zdolno\u015bci do wczuwania si\u0119 w prze\u017cycia innych.<\/span><\/p>\n<p>&nbsp;<\/p>\n<p><span style=\"font-size: 12pt;\">Grupa odb\u0119dzie 8 spotka\u0144 prowadzonych przez terapeutki nurtu Gestalt. Spotkania s\u0105 bezp\u0142atne i b\u0119d\u0105 realizowane w okresie pa\u017adziernik \u2013 grudzie\u0144 2022, we wtorki w godz. 15.30\u201318.30 na Wydziale Prawa i Administracji U\u015a w Katowicach (ul. Bankowa 11b, pok\u00f3j 2.42).<\/span><\/p>\n<p>&nbsp;<\/p>\n<p><span style=\"font-size: 12pt;\">Liczba miejsc jest ograniczona. Rekrutacja trwa do 30 wrze\u015bnia 2022 roku. Zg\u0142oszenia nale\u017cy dokona\u0107 za pomoc\u0105 <a href=\"https:\/\/forms.office.com\/r\/NWvCkvyav0\">formularza rekrutacyjnego<\/a>.<\/span><\/p>","protected":false},"excerpt":{"rendered":"<p>Rzecznik praw studenta i doktoranta dr hab. Agnieszka Bielska-Brodziak, prof. U\u015a zaprasza do wzi\u0119cia udzia\u0142u w kolejnej edycji \u201eGrupy rozwoju i wsparcia osobistego\u201d. &nbsp; Celem projektu jest u\u0142atwienie wgl\u0105du we w\u0142asne prze\u017cycia i uruchamianie proces\u00f3w zmian wewn\u0119trznych, kt\u00f3re sprzyjaj\u0105 g\u0142\u0119bszemu rozumieniu siebie: swoich potrzeb, zasob\u00f3w i ogranicze\u0144. Praca w grupie pozwala lepiej si\u0119 komunikowa\u0107: uwa\u017cniej [&#8230;]<\/p>\n<p><a class=\"btn btn-secondary understrap-read-more-link\" href=\"https:\/\/us.edu.pl\/wydzial\/wns\/2022\/09\/12\/grupy-wsparcia-i-rozwoju-osobistego-spotkania-dla-studentow-i-studentek\/\">Read More&#8230;<\/a><\/p>\n","protected":false},"author":134,"featured_media":158186,"comment_status":"open","ping_status":"open","sticky":false,"template":"","format":"standard","meta":{"_expiration-date-status":"","_expiration-date":0,"_expiration-date-type":"","_expiration-date-categories":[],"_expiration-date-options":[]},"categories":[11],"tags":[],"acf":[],"_links":{"self":[{"href":"https:\/\/us.edu.pl\/wydzial\/wns\/wp-json\/wp\/v2\/posts\/158188"}],"collection":[{"href":"https:\/\/us.edu.pl\/wydzial\/wns\/wp-json\/wp\/v2\/posts"}],"about":[{"href":"https:\/\/us.edu.pl\/wydzial\/wns\/wp-json\/wp\/v2\/types\/post"}],"author":[{"embeddable":true,"href":"https:\/\/us.edu.pl\/wydzial\/wns\/wp-json\/wp\/v2\/users\/134"}],"replies":[{"embeddable":true,"href":"https:\/\/us.edu.pl\/wydzial\/wns\/wp-json\/wp\/v2\/comments?post=158188"}],"version-history":[{"count":3,"href":"https:\/\/us.edu.pl\/wydzial\/wns\/wp-json\/wp\/v2\/posts\/158188\/revisions"}],"predecessor-version":[{"id":158191,"href":"https:\/\/us.edu.pl\/wydzial\/wns\/wp-json\/wp\/v2\/posts\/158188\/revisions\/158191"}],"wp:featuredmedia":[{"embeddable":true,"href":"https:\/\/us.edu.pl\/wydzial\/wns\/wp-json\/wp\/v2\/media\/158186"}],"wp:attachment":[{"href":"https:\/\/us.edu.pl\/wydzial\/wns\/wp-json\/wp\/v2\/media?parent=158188"}],"wp:term":[{"taxonomy":"category","embeddable":true,"href":"https:\/\/us.edu.pl\/wydzial\/wns\/wp-json\/wp\/v2\/categories?post=158188"},{"taxonomy":"post_tag","embeddable":true,"href":"https:\/\/us.edu.pl\/wydzial\/wns\/wp-json\/wp\/v2\/tags?post=158188"}],"curies":[{"name":"wp","href":"https:\/\/api.w.org\/{rel}","templated":true}]}}