{"id":158919,"date":"2022-10-24T08:46:08","date_gmt":"2022-10-24T06:46:08","guid":{"rendered":"https:\/\/us.edu.pl\/wydzial\/wns\/?p=158919"},"modified":"2022-11-03T08:46:42","modified_gmt":"2022-11-03T07:46:42","slug":"widzialna-psychologia-rozmowa-z-dr-lukaszem-jachem","status":"publish","type":"post","link":"https:\/\/us.edu.pl\/wydzial\/wns\/2022\/10\/24\/widzialna-psychologia-rozmowa-z-dr-lukaszem-jachem\/","title":{"rendered":"Widzialna Psychologia &#8211; rozmowa z dr. \u0141ukaszem Jachem"},"content":{"rendered":"<p>[vc_row][vc_column width=&#8221;2\/3&#8243;]\r\n                <div class=\"text-modules\">\r\n                    <div class=\"container\">\r\n                        \r\n                        <div class=\"text-modules__content\"><p>Czy wiecie, \u017ce \u201eWidzialna Psychologia\u201d to nowy projekt na naszym wydziale?<\/p>\n<p>&nbsp;<\/p>\n<p>O tym jak zrodzi\u0142 si\u0119 pomys\u0142 i o \u017ar\u00f3d\u0142ach inspiracji rozmawiamy z dr. \u0141ukaszem Jachem.<\/p>\n<p><strong>Violetta Kulik: \u201eWidzialna Psychologia\u201d\u00a0\u2013 to nowy projekt pracownik\u00f3w, zwi\u0105zanych z kierunkiem PSYCHOLOGIA na Uniwersytecie \u015al\u0105skim, z ciekawymi filmami, wyk\u0142adami, podcastami oraz materia\u0142ami, w kt\u00f3rych nasi wyk\u0142adowcy i badacze b\u0119d\u0105 opowiada\u0107 o wynikach swoich bada\u0144 oraz inspiruj\u0105cych wsp\u00f3\u0142czesnych koncepcjach psychologicznych. Sk\u0105d pomys\u0142 i \u017ar\u00f3d\u0142a inspiracji?<\/strong><\/p>\n<p>Dr \u0141ukasz Jach: Projekt &#8222;Widzialna Psychologia&#8221; zrodzi\u0142 si\u0119 w g\u0142owach pracownik\u00f3w zwi\u0105zanych z Instytutem Psychologii U\u015a i kierunkiem psychologia pod koniec 2021 roku. G\u0142\u00f3wne \u017ar\u00f3d\u0142a inspiracji do jego rozpocz\u0119cia by\u0142y dwa. Pierwszym z nich by\u0142a ch\u0119\u0107 zwr\u00f3cenia uwagi na to, \u017ce psychologia \u2013 podobnie jak inne nauki spo\u0142eczne \u2013 funkcjonuje nie tylko jako dyscyplina akademicka czy praktyczna, ale jest tak\u017ce cz\u0119\u015bci\u0105 \u017cycia ka\u017cdego cz\u0142owieka. Wystarczy rozejrze\u0107 si\u0119 dooko\u0142a, by znale\u017a\u0107 \u015blady psychologicznych koncepcji w otaczaj\u0105cych nas zjawiskach i procesach. Drug\u0105 inspiracj\u0105 dla rozpocz\u0119cia projektu by\u0142o to, \u017ce wielu pracownik\u00f3w zwi\u0105zanych z Instytutem Psychologii oraz kierunkiem psychologia na co dzie\u0144 w taki czy inny spos\u00f3b zajmuje si\u0119 popularyzacj\u0105 psychologii. Niekt\u00f3rzy pisz\u0105 ksi\u0105\u017cki czy artyku\u0142y popularnonaukowe, inni zawieraj\u0105 psychologiczne komentarze w swoich wypowiedziach w mediach spo\u0142eczno\u015bciowych, jeszcze inni wsp\u00f3\u0142pracuj\u0105 ze stowarzyszeniami czy fundacjami oraz prowadz\u0105 popularnonaukowe wyk\u0142ady czy warsztaty. Pomy\u015bleli\u015bmy zatem, \u017ce mamy si\u0119 czym pochwali\u0107 i warto to pokaza\u0107.<\/p>\n<p><strong>Violetta Kulik: &#8222;Widzialna Psychologia&#8221; oznacza wi\u0119c widzialno\u015b\u0107 podw\u00f3jn\u0105?<\/strong><\/p>\n<p>Dr \u0141ukasz Jach: Dok\u0142adnie tak. Z jednej strony chodzi tu o \u201ewidzialno\u015b\u0107\u201d samej psychologii, z drugiej za\u015b o \u201ewidzialno\u015b\u0107\u201d ekspert\u00f3w z Uniwersytetu \u015al\u0105skiego, kt\u00f3rzy pokazuj\u0105 swoj\u0105 wiedz\u0119 i do\u015bwiadczenie poza salami wyk\u0142adowymi. Na pomys\u0142 dzia\u0142a\u0144, kt\u00f3re przerodzi\u0142y si\u0119 p\u00f3\u017aniej w &#8222;Widzialn\u0105 Psychologi\u0119&#8221; wpad\u0142a prof. U\u015a dr hab. Irena Pilch (kieruj\u0105ca w tamtym czasie Instytutem Psychologii U\u015a), kt\u00f3ra o zarz\u0105dzanie projektem poprosi\u0142a mnie zapewne ze wzgl\u0119du na to, \u017ce wcze\u015bniej zajmowa\u0142em si\u0119 ju\u017c popularyzacj\u0105 nauki, mi\u0119dzy innymi podczas \u015al\u0105skiego Festiwalu Nauki, w radiu czy na \u0142amach \u201eTygodnika Powszechnego\u201d. Ale \u201eWidzialnej Psychologii\u201d nie by\u0142oby bez moich kole\u017canek i koleg\u00f3w, kt\u00f3rzy postanowili po\u015bwi\u0119ci\u0107 sw\u00f3j czas i zaanga\u017cowa\u0107 si\u0119 w jej tworzenie.<\/p>\n<p><strong>Violetta Kulik: Kiedy rozpocz\u0119\u0142y si\u0119 prace nad zbieraniem materia\u0142u?<\/strong><\/p>\n<p>Dr \u0141ukasz Jach: Idea \u201eWidzialnej Psychologii\u201d spotka\u0142a si\u0119 z ciep\u0142ym przyj\u0119ciem, wi\u0119c mniej wi\u0119cej od pocz\u0105tku 2022 roku zacz\u0119li\u015bmy prace na zbieraniem materia\u0142u. W ramach projektu powstaj\u0105 wyk\u0142ady audiowizualne prezentuj\u0105ce wsp\u00f3\u0142czesne kierunki rozwoju psychologii, podcasty audio na temat bada\u0144 prowadzonych przez naszych pracownik\u00f3w oraz materia\u0142y o interesuj\u0105cych z psychologicznego punktu widzenia ksi\u0105\u017ckach, filmach, serialach, grach komputerowych i grach planszowych. W organizowaniu \u201eWidzialnej Psychologii\u201d pomagaj\u0105 nam pracownicy Centrum Komunikacji Medialnej. Nagrania powstaj\u0105 w uniwersyteckim studiu zlokalizowanym w budynku Wydzia\u0142u Nauk Spo\u0142ecznych przy ulicy Bankowej. Z Centrum Komunikacji Medialnej otrzymali\u015bmy te\u017c grafiki przedstawiaj\u0105ce logotypy \u201eWidzialnej Psychologii\u201d oraz jej trzech filar\u00f3w: \u201eAlfabetu Psychologicznego\u201d, \u201ePodcast\u00f3w Psychologicznych\u201d i \u201ePsychologicznego Domu Kultury\u201d.<\/p>\n<p><strong>Violetta Kulik: Do kogo skierowany jest ten projekt?<\/strong><\/p>\n<p>Dr \u0141ukasz Jach: Projekt skierowany jest do szerokiego grona odbiorc\u00f3w &#8211; od student\u00f3w U\u015a pocz\u0105wszy, na ka\u017cdym, kto chcia\u0142by dowiedzie\u0107 si\u0119 czego\u015b interesuj\u0105cego na temat psychologii sko\u0144czywszy. W naszej bazie znajduje si\u0119 ju\u017c sporo materia\u0142\u00f3w, a wci\u0105\u017c powstaj\u0105 kolejne. Pa\u017adziernik tego roku to moment, w kt\u00f3rym zacz\u0119li\u015bmy prezentowa\u0107 je odbiorcom. Nowe tre\u015bci b\u0119dziemy publikowa\u0107 mniej wi\u0119cej co dwa tygodnie.<\/p>\n<p><strong>Violetta Kulik: A zatem to projekt d\u0142ugofalowy?<\/strong><\/p>\n<p>Dr \u0141ukasz Jach: Wiemy, kiedy \u201eWidzialna Psychologia\u201d si\u0119 zacz\u0119\u0142a. A kiedy si\u0119 sko\u0144czy? C\u00f3\u017c, tego nie wiemy&#8230;<\/p>\n<p><strong>Violetta Kulik: Serdecznie dzi\u0119kuj\u0119 za rozmow\u0119.<\/strong><\/p>\n<\/div>\r\n                    <\/div>\r\n                <\/div>[\/vc_column][vc_column width=&#8221;1\/3&#8243;]\r\n                <div class=\"text-modules\">\r\n                    <div class=\"container\">\r\n                        \r\n                        <div class=\"text-modules__content\"><p><img class=\"alignnone wp-image-158725 size-full\" src=\"https:\/\/us.edu.pl\/wydzial\/wns\/wp-content\/uploads\/sites\/17\/Bez-kategorii\/WP.png\" alt=\"lornetka\" width=\"1000\" height=\"1000\" srcset=\"https:\/\/us.edu.pl\/wydzial\/wns\/wp-content\/uploads\/sites\/17\/Bez-kategorii\/WP.png 1000w, https:\/\/us.edu.pl\/wydzial\/wns\/wp-content\/uploads\/sites\/17\/Bez-kategorii\/WP-300x300.png 300w, https:\/\/us.edu.pl\/wydzial\/wns\/wp-content\/uploads\/sites\/17\/Bez-kategorii\/WP-150x150.png 150w, https:\/\/us.edu.pl\/wydzial\/wns\/wp-content\/uploads\/sites\/17\/Bez-kategorii\/WP-768x768.png 768w, https:\/\/us.edu.pl\/wydzial\/wns\/wp-content\/uploads\/sites\/17\/Bez-kategorii\/WP-575x575.png 575w\" sizes=\"(max-width: 1000px) 100vw, 1000px\" \/><\/p>\n<\/div>\r\n                    <\/div>\r\n                <\/div>[\/vc_column][\/vc_row]<\/p>","protected":false},"excerpt":{"rendered":"<p>[vc_row][vc_column width=&#8221;2\/3&#8243;][\/vc_column][vc_column width=&#8221;1\/3&#8243;][\/vc_column][\/vc_row] [&#8230;]<\/p>\n<p><a class=\"btn btn-secondary understrap-read-more-link\" href=\"https:\/\/us.edu.pl\/wydzial\/wns\/2022\/10\/24\/widzialna-psychologia-rozmowa-z-dr-lukaszem-jachem\/\">Read More&#8230;<\/a><\/p>\n","protected":false},"author":133,"featured_media":5273,"comment_status":"open","ping_status":"open","sticky":false,"template":"","format":"standard","meta":{"_expiration-date-status":"","_expiration-date":0,"_expiration-date-type":"","_expiration-date-categories":[],"_expiration-date-options":[]},"categories":[147,146],"tags":[],"acf":[],"_links":{"self":[{"href":"https:\/\/us.edu.pl\/wydzial\/wns\/wp-json\/wp\/v2\/posts\/158919"}],"collection":[{"href":"https:\/\/us.edu.pl\/wydzial\/wns\/wp-json\/wp\/v2\/posts"}],"about":[{"href":"https:\/\/us.edu.pl\/wydzial\/wns\/wp-json\/wp\/v2\/types\/post"}],"author":[{"embeddable":true,"href":"https:\/\/us.edu.pl\/wydzial\/wns\/wp-json\/wp\/v2\/users\/133"}],"replies":[{"embeddable":true,"href":"https:\/\/us.edu.pl\/wydzial\/wns\/wp-json\/wp\/v2\/comments?post=158919"}],"version-history":[{"count":1,"href":"https:\/\/us.edu.pl\/wydzial\/wns\/wp-json\/wp\/v2\/posts\/158919\/revisions"}],"predecessor-version":[{"id":158920,"href":"https:\/\/us.edu.pl\/wydzial\/wns\/wp-json\/wp\/v2\/posts\/158919\/revisions\/158920"}],"wp:featuredmedia":[{"embeddable":true,"href":"https:\/\/us.edu.pl\/wydzial\/wns\/wp-json\/wp\/v2\/media\/5273"}],"wp:attachment":[{"href":"https:\/\/us.edu.pl\/wydzial\/wns\/wp-json\/wp\/v2\/media?parent=158919"}],"wp:term":[{"taxonomy":"category","embeddable":true,"href":"https:\/\/us.edu.pl\/wydzial\/wns\/wp-json\/wp\/v2\/categories?post=158919"},{"taxonomy":"post_tag","embeddable":true,"href":"https:\/\/us.edu.pl\/wydzial\/wns\/wp-json\/wp\/v2\/tags?post=158919"}],"curies":[{"name":"wp","href":"https:\/\/api.w.org\/{rel}","templated":true}]}}