{"id":158943,"date":"2022-10-25T09:36:12","date_gmt":"2022-10-25T07:36:12","guid":{"rendered":"https:\/\/us.edu.pl\/wydzial\/wns\/?p=158943"},"modified":"2022-11-02T09:49:16","modified_gmt":"2022-11-02T08:49:16","slug":"profesor-wizytujaca-olena-budnyk-gosciem-naszego-wydzialu","status":"publish","type":"post","link":"https:\/\/us.edu.pl\/wydzial\/wns\/2022\/10\/25\/profesor-wizytujaca-olena-budnyk-gosciem-naszego-wydzialu\/","title":{"rendered":"Wizyta Profesor Oleny Budnyk"},"content":{"rendered":"<p>[vc_row][vc_column width=&#8221;2\/3&#8243;]\r\n                <div class=\"text-modules\">\r\n                    <div class=\"container\">\r\n                        \r\n                        <div class=\"text-modules__content\"><p>W dniach od 17 do 21 pa\u017adziernika br. w ramach projektu \u201eZintegrowany Program Uniwersytetu \u015al\u0105skiego\u201d go\u015bcili\u015bmy Profesor wizytuj\u0105c\u0105 Olen\u0119 Budnyk (PhD, EdD) z Vasyl Stefanyk Precarpathian National University w Ivano-Frankivsku, dyrektork\u0119 Centrum Innowacyjnych Technologii Edukacyjnych \u201ePNU EcoSystem\u201d <a href=\"https:\/\/ciot.pnu.edu.ua\/en\/\">https:\/\/ciot.pnu.edu.ua\/en\/<\/a><\/p>\n<p>Podczas wizyty Profesor Olena Budnyk przeprowadzi\u0142a pierwsz\u0105 cz\u0119\u015b\u0107 kursu akademickiego dla student\u00f3w naszego wydzia\u0142u na temat <em>E-learning &amp; Inclusive Education, <\/em>kt\u00f3ra dotyczy\u0142a temat\u00f3w zwi\u0105zanych z e-edukacj\u0105 w\u0142\u0105czaj\u0105c\u0105 oraz wykorzystaniem technologii informacyjno-komunikacyjnych w pracy z dzie\u0107mi\/uczniami ze zr\u00f3\u017cnicowanymi potrzebami edukacyjnymi. Dalsza cz\u0119\u015b\u0107 wizyty Prof. Oleny Budnyk b\u0119dzie realizowana w formie zdalnej do 12 grudnia 2022.<\/p>\n<\/div>\r\n                    <\/div>\r\n                <\/div>[\/vc_column][vc_column width=&#8221;1\/3&#8243;]\r\n                <div class=\"text-modules\">\r\n                    <div class=\"container\">\r\n                        \r\n                        <div class=\"text-modules__content\"><p><img class=\"alignnone wp-image-158944 size-large\" src=\"https:\/\/us.edu.pl\/wydzial\/wns\/wp-content\/uploads\/sites\/17\/Bez-kategorii\/wizyta-studyjna-VIII-768x1024.jpg\" alt=\"Od lewej Profesor Olen\u0119 Budnyk i Dziekan Profesor Zenon Gajdzica\" width=\"640\" height=\"853\" srcset=\"https:\/\/us.edu.pl\/wydzial\/wns\/wp-content\/uploads\/sites\/17\/Bez-kategorii\/wizyta-studyjna-VIII-768x1024.jpg 768w, https:\/\/us.edu.pl\/wydzial\/wns\/wp-content\/uploads\/sites\/17\/Bez-kategorii\/wizyta-studyjna-VIII-225x300.jpg 225w, https:\/\/us.edu.pl\/wydzial\/wns\/wp-content\/uploads\/sites\/17\/Bez-kategorii\/wizyta-studyjna-VIII-1152x1536.jpg 1152w, https:\/\/us.edu.pl\/wydzial\/wns\/wp-content\/uploads\/sites\/17\/Bez-kategorii\/wizyta-studyjna-VIII-1536x2048.jpg 1536w, https:\/\/us.edu.pl\/wydzial\/wns\/wp-content\/uploads\/sites\/17\/Bez-kategorii\/wizyta-studyjna-VIII-431x575.jpg 431w, https:\/\/us.edu.pl\/wydzial\/wns\/wp-content\/uploads\/sites\/17\/Bez-kategorii\/wizyta-studyjna-VIII-scaled.jpg 1920w\" sizes=\"(max-width: 640px) 100vw, 640px\" \/><\/p>\n<p>Prof. Olena Budnyk\u00a0 i prof. dr hab. Zenon Gajdzica<\/p>\n<\/div>\r\n                    <\/div>\r\n                <\/div>[\/vc_column][\/vc_row]<\/p>","protected":false},"excerpt":{"rendered":"<p>[vc_row][vc_column width=&#8221;2\/3&#8243;][\/vc_column][vc_column width=&#8221;1\/3&#8243;][\/vc_column][\/vc_row] [&#8230;]<\/p>\n<p><a class=\"btn btn-secondary understrap-read-more-link\" href=\"https:\/\/us.edu.pl\/wydzial\/wns\/2022\/10\/25\/profesor-wizytujaca-olena-budnyk-gosciem-naszego-wydzialu\/\">Read More&#8230;<\/a><\/p>\n","protected":false},"author":133,"featured_media":158944,"comment_status":"open","ping_status":"open","sticky":false,"template":"","format":"standard","meta":{"_expiration-date-status":"","_expiration-date":0,"_expiration-date-type":"","_expiration-date-categories":[],"_expiration-date-options":[]},"categories":[146],"tags":[],"acf":[],"_links":{"self":[{"href":"https:\/\/us.edu.pl\/wydzial\/wns\/wp-json\/wp\/v2\/posts\/158943"}],"collection":[{"href":"https:\/\/us.edu.pl\/wydzial\/wns\/wp-json\/wp\/v2\/posts"}],"about":[{"href":"https:\/\/us.edu.pl\/wydzial\/wns\/wp-json\/wp\/v2\/types\/post"}],"author":[{"embeddable":true,"href":"https:\/\/us.edu.pl\/wydzial\/wns\/wp-json\/wp\/v2\/users\/133"}],"replies":[{"embeddable":true,"href":"https:\/\/us.edu.pl\/wydzial\/wns\/wp-json\/wp\/v2\/comments?post=158943"}],"version-history":[{"count":3,"href":"https:\/\/us.edu.pl\/wydzial\/wns\/wp-json\/wp\/v2\/posts\/158943\/revisions"}],"predecessor-version":[{"id":159047,"href":"https:\/\/us.edu.pl\/wydzial\/wns\/wp-json\/wp\/v2\/posts\/158943\/revisions\/159047"}],"wp:featuredmedia":[{"embeddable":true,"href":"https:\/\/us.edu.pl\/wydzial\/wns\/wp-json\/wp\/v2\/media\/158944"}],"wp:attachment":[{"href":"https:\/\/us.edu.pl\/wydzial\/wns\/wp-json\/wp\/v2\/media?parent=158943"}],"wp:term":[{"taxonomy":"category","embeddable":true,"href":"https:\/\/us.edu.pl\/wydzial\/wns\/wp-json\/wp\/v2\/categories?post=158943"},{"taxonomy":"post_tag","embeddable":true,"href":"https:\/\/us.edu.pl\/wydzial\/wns\/wp-json\/wp\/v2\/tags?post=158943"}],"curies":[{"name":"wp","href":"https:\/\/api.w.org\/{rel}","templated":true}]}}