{"id":159318,"date":"2022-11-22T08:27:24","date_gmt":"2022-11-22T07:27:24","guid":{"rendered":"https:\/\/us.edu.pl\/wydzial\/wns\/?p=159318"},"modified":"2022-11-22T08:27:24","modified_gmt":"2022-11-22T07:27:24","slug":"udzial-prof-rafala-mustera-w-tegorocznej-edycji-europejskiego-kongresu-malych-i-srednich-przedsiebiorstw","status":"publish","type":"post","link":"https:\/\/us.edu.pl\/wydzial\/wns\/2022\/11\/22\/udzial-prof-rafala-mustera-w-tegorocznej-edycji-europejskiego-kongresu-malych-i-srednich-przedsiebiorstw\/","title":{"rendered":"Udzia\u0142 prof. Rafa\u0142a Mustera w tegorocznej edycji Europejskiego Kongresu Ma\u0142ych i \u015arednich Przedsi\u0119biorstw"},"content":{"rendered":"<p>[vc_row][vc_column width=&#8221;1\/2&#8243;]\r\n                <div class=\"text-modules\">\r\n                    <div class=\"container\">\r\n                        \r\n                        <div class=\"text-modules__content\"><p>Dr hab. Rafa\u0142 Muster, prof. U\u015a na zaproszenie Konwentu Dyrektor\u00f3w Urz\u0119d\u00f3w Pracy Wojew\u00f3dztwa \u015al\u0105skiego oraz Regionalnej Izby Gospodarczej w Katowicach, wzi\u0105\u0142 udzia\u0142 w panelu dyskusyjnym \u201eRegres, czy progres \u015bl\u0105skiego rynku pracy?\u201d podczas tegorocznej edycji Europejskiego Kongresu Ma\u0142ych i \u015arednich Przedsi\u0119biorstw.<\/p>\n<p>\n<\/div>\r\n                    <\/div>\r\n                <\/div>[\/vc_column][vc_column width=&#8221;1\/2&#8243;]\r\n                <div class=\"text-modules\">\r\n                    <div class=\"container\">\r\n                        \r\n                        <div class=\"text-modules__content\"><p><img class=\"alignnone wp-image-159319 size-large\" src=\"https:\/\/us.edu.pl\/wydzial\/wns\/wp-content\/uploads\/sites\/17\/Bez-kategorii\/R_Muster_Kongres-714x1024.jpg\" alt=\"prof. Rafa\u0142 Muster\" width=\"640\" height=\"918\" srcset=\"https:\/\/us.edu.pl\/wydzial\/wns\/wp-content\/uploads\/sites\/17\/Bez-kategorii\/R_Muster_Kongres-714x1024.jpg 714w, https:\/\/us.edu.pl\/wydzial\/wns\/wp-content\/uploads\/sites\/17\/Bez-kategorii\/R_Muster_Kongres-209x300.jpg 209w, https:\/\/us.edu.pl\/wydzial\/wns\/wp-content\/uploads\/sites\/17\/Bez-kategorii\/R_Muster_Kongres-768x1101.jpg 768w, https:\/\/us.edu.pl\/wydzial\/wns\/wp-content\/uploads\/sites\/17\/Bez-kategorii\/R_Muster_Kongres-1071x1536.jpg 1071w, https:\/\/us.edu.pl\/wydzial\/wns\/wp-content\/uploads\/sites\/17\/Bez-kategorii\/R_Muster_Kongres-1428x2048.jpg 1428w, https:\/\/us.edu.pl\/wydzial\/wns\/wp-content\/uploads\/sites\/17\/Bez-kategorii\/R_Muster_Kongres-401x575.jpg 401w, https:\/\/us.edu.pl\/wydzial\/wns\/wp-content\/uploads\/sites\/17\/Bez-kategorii\/R_Muster_Kongres-scaled.jpg 1785w\" sizes=\"(max-width: 640px) 100vw, 640px\" \/><\/p>\n<p>dr hab. Rafa\u0142 Muster, prof. U\u015a<\/p>\n<\/div>\r\n                    <\/div>\r\n                <\/div>[\/vc_column][\/vc_row]<\/p>","protected":false},"excerpt":{"rendered":"<p>[vc_row][vc_column width=&#8221;1\/2&#8243;][\/vc_column][vc_column width=&#8221;1\/2&#8243;][\/vc_column][\/vc_row] [&#8230;]<\/p>\n<p><a class=\"btn btn-secondary understrap-read-more-link\" href=\"https:\/\/us.edu.pl\/wydzial\/wns\/2022\/11\/22\/udzial-prof-rafala-mustera-w-tegorocznej-edycji-europejskiego-kongresu-malych-i-srednich-przedsiebiorstw\/\">Read More&#8230;<\/a><\/p>\n","protected":false},"author":133,"featured_media":159319,"comment_status":"open","ping_status":"open","sticky":false,"template":"","format":"standard","meta":{"_expiration-date-status":"","_expiration-date":0,"_expiration-date-type":"","_expiration-date-categories":[],"_expiration-date-options":[]},"categories":[11],"tags":[],"acf":[],"_links":{"self":[{"href":"https:\/\/us.edu.pl\/wydzial\/wns\/wp-json\/wp\/v2\/posts\/159318"}],"collection":[{"href":"https:\/\/us.edu.pl\/wydzial\/wns\/wp-json\/wp\/v2\/posts"}],"about":[{"href":"https:\/\/us.edu.pl\/wydzial\/wns\/wp-json\/wp\/v2\/types\/post"}],"author":[{"embeddable":true,"href":"https:\/\/us.edu.pl\/wydzial\/wns\/wp-json\/wp\/v2\/users\/133"}],"replies":[{"embeddable":true,"href":"https:\/\/us.edu.pl\/wydzial\/wns\/wp-json\/wp\/v2\/comments?post=159318"}],"version-history":[{"count":1,"href":"https:\/\/us.edu.pl\/wydzial\/wns\/wp-json\/wp\/v2\/posts\/159318\/revisions"}],"predecessor-version":[{"id":159320,"href":"https:\/\/us.edu.pl\/wydzial\/wns\/wp-json\/wp\/v2\/posts\/159318\/revisions\/159320"}],"wp:featuredmedia":[{"embeddable":true,"href":"https:\/\/us.edu.pl\/wydzial\/wns\/wp-json\/wp\/v2\/media\/159319"}],"wp:attachment":[{"href":"https:\/\/us.edu.pl\/wydzial\/wns\/wp-json\/wp\/v2\/media?parent=159318"}],"wp:term":[{"taxonomy":"category","embeddable":true,"href":"https:\/\/us.edu.pl\/wydzial\/wns\/wp-json\/wp\/v2\/categories?post=159318"},{"taxonomy":"post_tag","embeddable":true,"href":"https:\/\/us.edu.pl\/wydzial\/wns\/wp-json\/wp\/v2\/tags?post=159318"}],"curies":[{"name":"wp","href":"https:\/\/api.w.org\/{rel}","templated":true}]}}