{"id":159536,"date":"2022-12-05T08:07:16","date_gmt":"2022-12-05T07:07:16","guid":{"rendered":"https:\/\/us.edu.pl\/wydzial\/wns\/?p=159536"},"modified":"2022-12-05T08:23:44","modified_gmt":"2022-12-05T07:23:44","slug":"dodawanie-otuchy-jako-typowo-ludzka-umiejetnosc-spoleczna-i-wychowawcza","status":"publish","type":"post","link":"https:\/\/us.edu.pl\/wydzial\/wns\/2022\/12\/05\/dodawanie-otuchy-jako-typowo-ludzka-umiejetnosc-spoleczna-i-wychowawcza\/","title":{"rendered":"Dodawanie otuchy jako typowo ludzka umiej\u0119tno\u015b\u0107 spo\u0142eczna i wychowawcza"},"content":{"rendered":"<p>[vc_row][vc_column width=&#8221;2\/3&#8243;]\r\n                <div class=\"text-modules\">\r\n                    <div class=\"container\">\r\n                        \r\n                        <div class=\"text-modules__content\"><p>Artyku\u0142 pt. <strong>&#8222;<\/strong><strong>Dodawanie otuchy jako forma wzmocnienia ludzko\u015bci nie tylko w czasie pandemii. Mi\u0119dzygeneracyjna transmisja przes\u0142ania Wincentego Kad\u0142ubka&#8221;<\/strong> autorstwa dr hab. Alicji \u017bywczok, prof U\u015a, stanowi cenne studium mediewistyczne mniej znanej cz\u0119\u015bci dorobku mistrza Wincentego Kad\u0142ubka (ok. 1150\u20131223). W swym dziele kronikarskim: <em>Magistrii Vincentii Chronicon Polonorum<\/em> zach\u0119ca\u0142 do nietracenia i nabierania otuchy, a zw\u0142aszcza do czerpania przyjemno\u015bci z dodawania jej innym ludziom. Zaleca\u0142 r\u00f3wnie\u017c prowadzenie prawego \u017cycia, kt\u00f3re w jego przekonaniu pozostaje najpewniejszym \u201estra\u017cnikiem szcz\u0119\u015bcia\u201d.<\/p>\n<p>Dodawanie otuchy jako typowo ludzka umiej\u0119tno\u015b\u0107 spo\u0142eczna i wychowawcza stanowi zasadnicz\u0105 problematyk\u0119 teorii wychowania, pedagogiki og\u00f3lnej, pedagogiki spo\u0142ecznej, a ukazana w kontek\u015bcie historycznym \u2013 r\u00f3wnie\u017c historii wychowania. Niniejszy artyku\u0142 jest wi\u0119c propozycj\u0105 udzielenia odpowiedzi na kilka pyta\u0144 (i zarazem rozwi\u0105zania problem\u00f3w badawczych): jak Wincenty Kad\u0142ubek postrzega otuch\u0119 oraz jakie znaczenie przypisuje dodawaniu jej innym ludziom? Jakie przekazuje wskaz\u00f3wki odno\u015bnie do nietracenia i nabierania otuchy oraz dodawania jej innym? Jakie czynniki stanowi\u0105, jego zdaniem, przeszkody w nape\u0142nianiu si\u0119 otuch\u0105 oraz jak si\u0119 przed nimi chroni\u0107 (to znaczy jak im zapobiega\u0107 oraz jak je pokonywa\u0107)?. Pos\u0142u\u017cenie si\u0119 metodami hermeneutycznymi w badaniu problematyki dodawania otuchy jako umiej\u0119tno\u015bci spo\u0142ecznej, rozpoznanej w dorobku tego my\u015bliciela, wydaje si\u0119 uzasadnione, bior\u0105c pod uwag\u0119 jej znaczenie poznawcze i noetyczne.<\/p>\n<p>Wi\u0119cej informacji na stronie: <a href=\"https:\/\/www.ejournals.eu\/PMP\/2021\/Numer-7\/art\/20271\/\">Dodawanie otuchy jako forma wzmocnienia ludzko\u015bci nie tylko w czasie pandemii. Mi\u0119dzygeneracyjna transmisja przes\u0142ania Wincentego Kad\u0142ubka (ejournals.eu)<\/a><\/p>\n<\/div>\r\n                    <\/div>\r\n                <\/div>[\/vc_column][vc_column width=&#8221;1\/3&#8243;]\r\n                <div class=\"text-modules\">\r\n                    <div class=\"container\">\r\n                        \r\n                        <div class=\"text-modules__content\"><p><img class=\"alignnone wp-image-156505 size-large\" src=\"https:\/\/us.edu.pl\/wydzial\/wns\/wp-content\/uploads\/sites\/17\/Bez-kategorii\/pomoc-spoleczna-1024x683.jpg\" alt=\"grupka wspieraj\u0105cych si\u0119 m\u0142odych ludzi\" width=\"640\" height=\"427\" srcset=\"https:\/\/us.edu.pl\/wydzial\/wns\/wp-content\/uploads\/sites\/17\/Bez-kategorii\/pomoc-spoleczna-1024x683.jpg 1024w, https:\/\/us.edu.pl\/wydzial\/wns\/wp-content\/uploads\/sites\/17\/Bez-kategorii\/pomoc-spoleczna-300x200.jpg 300w, https:\/\/us.edu.pl\/wydzial\/wns\/wp-content\/uploads\/sites\/17\/Bez-kategorii\/pomoc-spoleczna-768x512.jpg 768w, https:\/\/us.edu.pl\/wydzial\/wns\/wp-content\/uploads\/sites\/17\/Bez-kategorii\/pomoc-spoleczna-1536x1024.jpg 1536w, https:\/\/us.edu.pl\/wydzial\/wns\/wp-content\/uploads\/sites\/17\/Bez-kategorii\/pomoc-spoleczna-2048x1365.jpg 2048w, https:\/\/us.edu.pl\/wydzial\/wns\/wp-content\/uploads\/sites\/17\/Bez-kategorii\/pomoc-spoleczna-575x383.jpg 575w\" sizes=\"(max-width: 640px) 100vw, 640px\" \/><\/p>\n<\/div>\r\n                    <\/div>\r\n                <\/div>[\/vc_column][\/vc_row]<\/p>","protected":false},"excerpt":{"rendered":"<p>[vc_row][vc_column width=&#8221;2\/3&#8243;][\/vc_column][vc_column width=&#8221;1\/3&#8243;][\/vc_column][\/vc_row] [&#8230;]<\/p>\n<p><a class=\"btn btn-secondary understrap-read-more-link\" href=\"https:\/\/us.edu.pl\/wydzial\/wns\/2022\/12\/05\/dodawanie-otuchy-jako-typowo-ludzka-umiejetnosc-spoleczna-i-wychowawcza\/\">Read More&#8230;<\/a><\/p>\n","protected":false},"author":133,"featured_media":156505,"comment_status":"open","ping_status":"open","sticky":false,"template":"","format":"standard","meta":{"_expiration-date-status":"","_expiration-date":0,"_expiration-date-type":"","_expiration-date-categories":[],"_expiration-date-options":[]},"categories":[147],"tags":[],"acf":[],"_links":{"self":[{"href":"https:\/\/us.edu.pl\/wydzial\/wns\/wp-json\/wp\/v2\/posts\/159536"}],"collection":[{"href":"https:\/\/us.edu.pl\/wydzial\/wns\/wp-json\/wp\/v2\/posts"}],"about":[{"href":"https:\/\/us.edu.pl\/wydzial\/wns\/wp-json\/wp\/v2\/types\/post"}],"author":[{"embeddable":true,"href":"https:\/\/us.edu.pl\/wydzial\/wns\/wp-json\/wp\/v2\/users\/133"}],"replies":[{"embeddable":true,"href":"https:\/\/us.edu.pl\/wydzial\/wns\/wp-json\/wp\/v2\/comments?post=159536"}],"version-history":[{"count":2,"href":"https:\/\/us.edu.pl\/wydzial\/wns\/wp-json\/wp\/v2\/posts\/159536\/revisions"}],"predecessor-version":[{"id":159539,"href":"https:\/\/us.edu.pl\/wydzial\/wns\/wp-json\/wp\/v2\/posts\/159536\/revisions\/159539"}],"wp:featuredmedia":[{"embeddable":true,"href":"https:\/\/us.edu.pl\/wydzial\/wns\/wp-json\/wp\/v2\/media\/156505"}],"wp:attachment":[{"href":"https:\/\/us.edu.pl\/wydzial\/wns\/wp-json\/wp\/v2\/media?parent=159536"}],"wp:term":[{"taxonomy":"category","embeddable":true,"href":"https:\/\/us.edu.pl\/wydzial\/wns\/wp-json\/wp\/v2\/categories?post=159536"},{"taxonomy":"post_tag","embeddable":true,"href":"https:\/\/us.edu.pl\/wydzial\/wns\/wp-json\/wp\/v2\/tags?post=159536"}],"curies":[{"name":"wp","href":"https:\/\/api.w.org\/{rel}","templated":true}]}}