{"id":159596,"date":"2022-12-08T10:15:06","date_gmt":"2022-12-08T09:15:06","guid":{"rendered":"https:\/\/us.edu.pl\/wydzial\/wns\/?p=159596"},"modified":"2022-12-09T14:24:13","modified_gmt":"2022-12-09T13:24:13","slug":"zielona-inkluzja-relacja-czlowieka-z-przyroda","status":"publish","type":"post","link":"https:\/\/us.edu.pl\/wydzial\/wns\/2022\/12\/08\/zielona-inkluzja-relacja-czlowieka-z-przyroda\/","title":{"rendered":"Zielona inkluzja.. &#8211; relacja cz\u0142owieka z przyrod\u0105"},"content":{"rendered":"<p>[vc_row][vc_column width=&#8221;2\/3&#8243;]\r\n                <div class=\"text-modules\">\r\n                    <div class=\"container\">\r\n                        \r\n                        <div class=\"text-modules__content\"><p>Czy wiecie, \u017ce powsta\u0142a ksi\u0105\u017cka na temat deficytu kontaktu cz\u0142owieka z przyrod\u0105, jego wykluczenia z natury, promuj\u0105ca nauk\u0119 w terenie oraz pedagogik\u0119 prze\u017cy\u0107?<\/p>\n<p>&nbsp;<\/p>\n<p>Ksi\u0105\u017cka <strong>\u201eZielona inkluzja czyli o relacji cz\u0142owieka z przyrod\u0105,\u00a0outdoor education i le\u015bnej bajce\u201d<\/strong> autorstwa <strong>dr Joanny Godawy<\/strong>, powsta\u0142a z potrzeby zwr\u00f3cenia uwagi na relacj\u0119 wsp\u00f3\u0142czesnego cz\u0142owieka ze \u015bwiatem natury. To ksi\u0105\u017cka o konieczno\u015bci w\u0142\u0105czenia si\u0119 do natury\/ wyj\u015bcia z deficytu natury, gdzie mowa jest o relacji, miejscu, dziecku i rozwoju osobistym ka\u017cdego z nas. To s\u0142owa o przygodzie, bajce, zr\u00f3wnowa\u017conym rozwoju i ekologii, w kt\u00f3rych mamy\u00a0 szans\u0119 zobaczy\u0107 siebie.<br \/>\nAutorka zaproponowa\u0142a tr\u00f3jfazowy model inkluzji\/ powrotu cz\u0142owieka do natury oparty na tr\u00f3jfazowej koncepcji antropologicznej Arnolda von Gennepa oraz autorski model le\u015bnej bajki przygotowuj\u0105cej i pog\u0142\u0119biaj\u0105cej kontakt dzieci z przyrod\u0105, wierz\u0105c, \u017ce jedn\u0105 z dr\u00f3g prowadz\u0105cych do\u00a0 inkluzji cz\u0142owieka z natur\u0105 s\u0105 dzia\u0142ania ukierunkowane na prac\u0119 i rozw\u00f3j dzieci w przestrzeni natury oraz ukazanie \u015brodowiska naturalnego jako miejsca wsp\u00f3lnego, w kt\u00f3rym mo\u017cemy i powinni\u015bmy podejmowa\u0107 dzia\u0142ania o charakterze badawczym, innowacyjnym i tw\u00f3rczym.<i><\/i><\/p>\n<\/div>\r\n                    <\/div>\r\n                <\/div>[\/vc_column][vc_column width=&#8221;1\/3&#8243;]\r\n                <div class=\"text-modules\">\r\n                    <div class=\"container\">\r\n                        \r\n                        <div class=\"text-modules__content\"><p><img class=\"alignnone wp-image-8024 size-full\" src=\"https:\/\/us.edu.pl\/wydzial\/wns\/wp-content\/uploads\/sites\/17\/Nieprzypisane\/zielona_inkluzja_3d.png\" alt=\"ok\u0142adka ksi\u0105\u017cki Zielona Inkluzja\" width=\"699\" height=\"954\" srcset=\"https:\/\/us.edu.pl\/wydzial\/wns\/wp-content\/uploads\/sites\/17\/Nieprzypisane\/zielona_inkluzja_3d.png 699w, https:\/\/us.edu.pl\/wydzial\/wns\/wp-content\/uploads\/sites\/17\/Nieprzypisane\/zielona_inkluzja_3d-220x300.png 220w, https:\/\/us.edu.pl\/wydzial\/wns\/wp-content\/uploads\/sites\/17\/Nieprzypisane\/zielona_inkluzja_3d-421x575.png 421w\" sizes=\"(max-width: 699px) 100vw, 699px\" \/><\/p>\n<\/div>\r\n                    <\/div>\r\n                <\/div>[\/vc_column][\/vc_row]<\/p>","protected":false},"excerpt":{"rendered":"<p>[vc_row][vc_column width=&#8221;2\/3&#8243;][\/vc_column][vc_column width=&#8221;1\/3&#8243;][\/vc_column][\/vc_row] [&#8230;]<\/p>\n<p><a class=\"btn btn-secondary understrap-read-more-link\" href=\"https:\/\/us.edu.pl\/wydzial\/wns\/2022\/12\/08\/zielona-inkluzja-relacja-czlowieka-z-przyroda\/\">Read More&#8230;<\/a><\/p>\n","protected":false},"author":133,"featured_media":159597,"comment_status":"open","ping_status":"open","sticky":false,"template":"","format":"standard","meta":{"_expiration-date-status":"","_expiration-date":0,"_expiration-date-type":"","_expiration-date-categories":[],"_expiration-date-options":[]},"categories":[147],"tags":[],"acf":[],"_links":{"self":[{"href":"https:\/\/us.edu.pl\/wydzial\/wns\/wp-json\/wp\/v2\/posts\/159596"}],"collection":[{"href":"https:\/\/us.edu.pl\/wydzial\/wns\/wp-json\/wp\/v2\/posts"}],"about":[{"href":"https:\/\/us.edu.pl\/wydzial\/wns\/wp-json\/wp\/v2\/types\/post"}],"author":[{"embeddable":true,"href":"https:\/\/us.edu.pl\/wydzial\/wns\/wp-json\/wp\/v2\/users\/133"}],"replies":[{"embeddable":true,"href":"https:\/\/us.edu.pl\/wydzial\/wns\/wp-json\/wp\/v2\/comments?post=159596"}],"version-history":[{"count":1,"href":"https:\/\/us.edu.pl\/wydzial\/wns\/wp-json\/wp\/v2\/posts\/159596\/revisions"}],"predecessor-version":[{"id":159598,"href":"https:\/\/us.edu.pl\/wydzial\/wns\/wp-json\/wp\/v2\/posts\/159596\/revisions\/159598"}],"wp:featuredmedia":[{"embeddable":true,"href":"https:\/\/us.edu.pl\/wydzial\/wns\/wp-json\/wp\/v2\/media\/159597"}],"wp:attachment":[{"href":"https:\/\/us.edu.pl\/wydzial\/wns\/wp-json\/wp\/v2\/media?parent=159596"}],"wp:term":[{"taxonomy":"category","embeddable":true,"href":"https:\/\/us.edu.pl\/wydzial\/wns\/wp-json\/wp\/v2\/categories?post=159596"},{"taxonomy":"post_tag","embeddable":true,"href":"https:\/\/us.edu.pl\/wydzial\/wns\/wp-json\/wp\/v2\/tags?post=159596"}],"curies":[{"name":"wp","href":"https:\/\/api.w.org\/{rel}","templated":true}]}}