{"id":159644,"date":"2022-12-12T07:55:43","date_gmt":"2022-12-12T06:55:43","guid":{"rendered":"https:\/\/us.edu.pl\/wydzial\/wns\/?p=159644"},"modified":"2022-12-19T08:12:15","modified_gmt":"2022-12-19T07:12:15","slug":"migrantowo-slaskie-raport-dr-rafala-cekiery","status":"publish","type":"post","link":"https:\/\/us.edu.pl\/wydzial\/wns\/2022\/12\/12\/migrantowo-slaskie-raport-dr-rafala-cekiery\/","title":{"rendered":"Migrantowo \u015al\u0105skie"},"content":{"rendered":"<p>[vc_row][vc_column width=&#8221;2\/3&#8243;]\r\n                <div class=\"text-modules\">\r\n                    <div class=\"container\">\r\n                        \r\n                        <div class=\"text-modules__content\"><p>Czy wiecie, jaka jest sytuacja uchod\u017ac\u00f3w w wojew\u00f3dztwie \u015bl\u0105skim?<\/p>\n<p>Czym jest &#8222;Migrantowo \u015al\u0105skie&#8221;?<\/p>\n<p>&nbsp;<\/p>\n<p>Coraz powszechniejsza staje si\u0119 \u015bwiadomo\u015b\u0107, \u017ce wsp\u00f3\u0142dzielimy miejsca zamieszkania i pracy z osobami pochodz\u0105cymi z innych rejon\u00f3w \u015bwiata, z odmiennym t\u0142em kulturowym. W ostatnich latach bardzo wzros\u0142a liczba obcokrajowc\u00f3w, kt\u00f3rzy s\u0105 wa\u017cnym zasobem wojew\u00f3dztwa \u015bl\u0105skiego, wspieraj\u0105c jego potencja\u0142 demograficzny, ekonomiczny i kulturowy.<\/p>\n<p>Przez ostatnich kilkana\u015bcie miesi\u0119cy na zlecenie EUROPE DIRECT \u015al\u0105skie dr Rafa\u0142 Cekiera realizowa\u0142 badania nt. sytuacji obcokrajowc\u00f3w w woj. \u015bl\u0105skim.<br \/>\nW\u0142a\u015bnie ukaza\u0142 si\u0119 kompleksowy raport:\u00a0<a href=\"https:\/\/www.prosilesia.pl\/resources\/upload\/ED%20%C5%9Alaskie\/RAPORT-%20Sytuacja%20obcokrajowc%C3%B3w.pdf\" class=\"mtli_attachment mtli_pdf\" class=\"mtli_attachment mtli_pdf\"><strong>&#8222;Sytuacja obcokrajowc\u00f3w w wojew\u00f3dztwie \u015bl\u0105skim &#8211; mi\u0119dzy pandemi\u0105 a wojn\u0105 w Ukrainie&#8221;<\/strong><\/a>, zawieraj\u0105cy rezultaty badania.<\/p>\n<p>Wi\u0119cej informacji na stronie EUROPE DIRECT \u015al\u0105skie: <a href=\"https:\/\/www.europedirect-slaskie.pl\/aktualnosci\/wpis,app-entity-news-239,501?fbclid=IwAR1kx83SuupECLuZPFkNxjLeuaP39LSA_ybqDDN0Fxfeb_asxoeYszNnu6Q\">https:\/\/www.europedirect-slaskie.pl\/aktualnosci\/wpis,app-entity-news-239,501?fbclid=IwAR1kx83SuupECLuZPFkNxjLeuaP39LSA_ybqDDN0Fxfeb_asxoeYszNnu6Q<\/a><\/p>\n<p>O raporcie i uzyskanych wynikach informowa\u0142a ostatnio bardzo obszernie Gazeta Wyborcza: <a href=\"https:\/\/katowice.wyborcza.pl\/katowice\/7,35063,29189112,mieszkancy-migrantowa-slaskiego-doceniaja-polska-sluzbe-zdrowia.html?_gl=1*1xjnh20*_gcl_aw*R0NMLjE2NjUzODQ0MzQuQ2owS0NRanc0b21hQmhEcUFSSXNBRFhVTHVWZ1N0Sm5yQUVkdkZyc05Hc21fb1hUbTBYRVFHLUpxNktTUFFvZDFBOUxSOUlUeGlreG9SZ2FBdVBfRUFMd193Y0I.&amp;_ga=2.209820309.1213507570.1669543406-1006705059.1553070853&amp;fbclid=IwAR0GEkTr_jZahgSfOSBimUnzyAQmikNTeF0ukrNYoovEqu8pxhqGZ_rLTLI&amp;disableRedirects=true#commentsAnchor\">Mieszka\u0144cy Migrantowa \u015al\u0105skiego doceniaj\u0105 polsk\u0105 s\u0142u\u017cb\u0119 zdrowia i \u017cyczliwo\u015b\u0107. Cudzoziemcy przyjechali do nas i ju\u017c tu zostan\u0105 (wyborcza.pl)<\/a><\/p>\n<\/div>\r\n                    <\/div>\r\n                <\/div>[\/vc_column][vc_column width=&#8221;1\/3&#8243;]\r\n                <div class=\"text-modules\">\r\n                    <div class=\"container\">\r\n                        \r\n                        <div class=\"text-modules__content\"><p><img class=\"alignnone wp-image-5736 size-full\" src=\"https:\/\/us.edu.pl\/wydzial\/wns\/wp-content\/uploads\/sites\/17\/Nieprzypisane\/fot_dr_Cekiera.jpg\" alt=\"dr Rafa\u0142 Cekiera\" width=\"435\" height=\"385\" srcset=\"https:\/\/us.edu.pl\/wydzial\/wns\/wp-content\/uploads\/sites\/17\/Nieprzypisane\/fot_dr_Cekiera.jpg 435w, https:\/\/us.edu.pl\/wydzial\/wns\/wp-content\/uploads\/sites\/17\/Nieprzypisane\/fot_dr_Cekiera-300x266.jpg 300w\" sizes=\"(max-width: 435px) 100vw, 435px\" \/><\/p>\n<\/div>\r\n                    <\/div>\r\n                <\/div>[\/vc_column][\/vc_row]<\/p>","protected":false},"excerpt":{"rendered":"<p>[vc_row][vc_column width=&#8221;2\/3&#8243;][\/vc_column][vc_column width=&#8221;1\/3&#8243;][\/vc_column][\/vc_row] [&#8230;]<\/p>\n<p><a class=\"btn btn-secondary understrap-read-more-link\" href=\"https:\/\/us.edu.pl\/wydzial\/wns\/2022\/12\/12\/migrantowo-slaskie-raport-dr-rafala-cekiery\/\">Read More&#8230;<\/a><\/p>\n","protected":false},"author":133,"featured_media":6952,"comment_status":"open","ping_status":"open","sticky":false,"template":"","format":"standard","meta":{"_expiration-date-status":"","_expiration-date":0,"_expiration-date-type":"","_expiration-date-categories":[],"_expiration-date-options":[]},"categories":[147],"tags":[],"acf":[],"_links":{"self":[{"href":"https:\/\/us.edu.pl\/wydzial\/wns\/wp-json\/wp\/v2\/posts\/159644"}],"collection":[{"href":"https:\/\/us.edu.pl\/wydzial\/wns\/wp-json\/wp\/v2\/posts"}],"about":[{"href":"https:\/\/us.edu.pl\/wydzial\/wns\/wp-json\/wp\/v2\/types\/post"}],"author":[{"embeddable":true,"href":"https:\/\/us.edu.pl\/wydzial\/wns\/wp-json\/wp\/v2\/users\/133"}],"replies":[{"embeddable":true,"href":"https:\/\/us.edu.pl\/wydzial\/wns\/wp-json\/wp\/v2\/comments?post=159644"}],"version-history":[{"count":5,"href":"https:\/\/us.edu.pl\/wydzial\/wns\/wp-json\/wp\/v2\/posts\/159644\/revisions"}],"predecessor-version":[{"id":159702,"href":"https:\/\/us.edu.pl\/wydzial\/wns\/wp-json\/wp\/v2\/posts\/159644\/revisions\/159702"}],"wp:featuredmedia":[{"embeddable":true,"href":"https:\/\/us.edu.pl\/wydzial\/wns\/wp-json\/wp\/v2\/media\/6952"}],"wp:attachment":[{"href":"https:\/\/us.edu.pl\/wydzial\/wns\/wp-json\/wp\/v2\/media?parent=159644"}],"wp:term":[{"taxonomy":"category","embeddable":true,"href":"https:\/\/us.edu.pl\/wydzial\/wns\/wp-json\/wp\/v2\/categories?post=159644"},{"taxonomy":"post_tag","embeddable":true,"href":"https:\/\/us.edu.pl\/wydzial\/wns\/wp-json\/wp\/v2\/tags?post=159644"}],"curies":[{"name":"wp","href":"https:\/\/api.w.org\/{rel}","templated":true}]}}