{"id":159964,"date":"2023-01-23T09:41:54","date_gmt":"2023-01-23T08:41:54","guid":{"rendered":"https:\/\/us.edu.pl\/wydzial\/wns\/?p=159964"},"modified":"2023-01-23T10:06:22","modified_gmt":"2023-01-23T09:06:22","slug":"prawo-do-wizerunku-charakter-prawny","status":"publish","type":"post","link":"https:\/\/us.edu.pl\/wydzial\/wns\/2023\/01\/23\/prawo-do-wizerunku-charakter-prawny\/","title":{"rendered":"Prawo do wizerunku &#8211; charakter prawny"},"content":{"rendered":"<p>[vc_row][vc_column width=&#8221;2\/3&#8243;]\r\n                <div class=\"text-modules\">\r\n                    <div class=\"container\">\r\n                        \r\n                        <div class=\"text-modules__content\"><p>We wsp\u00f3\u0142autorskim tek\u015bcie\u00a0 <a href=\"https:\/\/us.edu.pl\/wydzial\/wns\/wp-content\/uploads\/sites\/17\/Nieprzypisane\/\u201ePrawo-do-wizerunku-w-spo\u0142ecze\u0144stwie-informacyjnym\u201d.pdf\" class=\"mtli_attachment mtli_pdf\" data-mtli=\"mtli_filesize281,52kB\" class=\"mtli_attachment mtli_pdf\" data-mtli=\"mtli_filesize281,52kB\">\u201ePrawo do wizerunku w spo\u0142ecze\u0144stwie informacyjnym\u201d<\/a>, opublikowanym w czasopi\u015bmie \u201eSantander Art and Culture Law Review\u201d, dr Agnieszka Grzesiok-Horosz poruszy\u0142a z prof. UEK dr. hab. Piotrem Horoszem zagadnienia charakteru prawnego prawa do wizerunku, zw\u0142aszcza problematyki nieadekwatno\u015bci obowi\u0105zuj\u0105cych w tym zakresie regulacji prawnych, do wymog\u00f3w epoki spo\u0142ecze\u0144stwa cyfrowego.<\/p>\n<p>Autorzy s\u0105 zdania, \u017ce prawna ochrona wizerunku nabiera obecnie szczeg\u00f3lnego znaczenia ze wzgl\u0119du na \u0142atwo\u015b\u0107 jego utrwalania oraz globalnego rozpowszechniania, jak r\u00f3wnie\u017c z uwagi na post\u0119puj\u0105c\u0105 komercjalizacj\u0119 wizerunku. Sprawia to, i\u017c \u2013 w ocenie autor\u00f3w &#8211; przepisy prawne skoncentrowane na ochronie wizerunku jako dobra osobistego wymagaj\u0105 gruntownej nowelizacji. W artykule dokonali analizy maj\u0105tkowego aspektu prawa do wizerunku,\u00a0 postuluj\u0105c &#8211; wobec rozbie\u017cno\u015bci mi\u0119dzy orzecznictwem a praktyk\u0105 &#8211; kwesti\u0119 zmiany przepis\u00f3w, w tym mi\u0119dzy innymi obr\u00f3t prawem do wizerunku.<\/p>\n<style type=\"text\/css\">a[data-mtli~=\"mtli_filesize281,52kB\"]:after {content:\" (281,52 kB)\"}<\/style><\/div>\r\n                    <\/div>\r\n                <\/div>[\/vc_column][vc_column width=&#8221;1\/3&#8243;]\r\n                <div class=\"text-modules\">\r\n                    <div class=\"container\">\r\n                        \r\n                        <div class=\"text-modules__content\"><p><img class=\"alignnone wp-image-9462 size-large\" src=\"https:\/\/us.edu.pl\/wydzial\/wns\/wp-content\/uploads\/sites\/17\/Bez-kategorii\/Zdjecie-dzieci-na-telefonie-1024x683.jpg\" alt=\"Zdjecie dzieci na telefonie\" width=\"640\" height=\"427\" srcset=\"https:\/\/us.edu.pl\/wydzial\/wns\/wp-content\/uploads\/sites\/17\/Bez-kategorii\/Zdjecie-dzieci-na-telefonie-1024x683.jpg 1024w, https:\/\/us.edu.pl\/wydzial\/wns\/wp-content\/uploads\/sites\/17\/Bez-kategorii\/Zdjecie-dzieci-na-telefonie-300x200.jpg 300w, https:\/\/us.edu.pl\/wydzial\/wns\/wp-content\/uploads\/sites\/17\/Bez-kategorii\/Zdjecie-dzieci-na-telefonie-768x512.jpg 768w, https:\/\/us.edu.pl\/wydzial\/wns\/wp-content\/uploads\/sites\/17\/Bez-kategorii\/Zdjecie-dzieci-na-telefonie-1536x1024.jpg 1536w, https:\/\/us.edu.pl\/wydzial\/wns\/wp-content\/uploads\/sites\/17\/Bez-kategorii\/Zdjecie-dzieci-na-telefonie-2048x1365.jpg 2048w, https:\/\/us.edu.pl\/wydzial\/wns\/wp-content\/uploads\/sites\/17\/Bez-kategorii\/Zdjecie-dzieci-na-telefonie-575x383.jpg 575w\" sizes=\"(max-width: 640px) 100vw, 640px\" \/><\/p>\n<\/div>\r\n                    <\/div>\r\n                <\/div>[\/vc_column][\/vc_row]<\/p>\n<style type=\"text\/css\">a[data-mtli~=\"mtli_filesize281,52kB\"]:after {content:\" (281,52 kB)\"}<\/style>","protected":false},"excerpt":{"rendered":"<p>[vc_row][vc_column width=&#8221;2\/3&#8243;][\/vc_column][vc_column width=&#8221;1\/3&#8243;][\/vc_column][\/vc_row] [&#8230;]<\/p>\n<p><a class=\"btn btn-secondary understrap-read-more-link\" href=\"https:\/\/us.edu.pl\/wydzial\/wns\/2023\/01\/23\/prawo-do-wizerunku-charakter-prawny\/\">Read More&#8230;<\/a><\/p>\n","protected":false},"author":133,"featured_media":9462,"comment_status":"open","ping_status":"open","sticky":false,"template":"","format":"standard","meta":{"_expiration-date-status":"","_expiration-date":0,"_expiration-date-type":"","_expiration-date-categories":[],"_expiration-date-options":[]},"categories":[147],"tags":[],"acf":[],"_links":{"self":[{"href":"https:\/\/us.edu.pl\/wydzial\/wns\/wp-json\/wp\/v2\/posts\/159964"}],"collection":[{"href":"https:\/\/us.edu.pl\/wydzial\/wns\/wp-json\/wp\/v2\/posts"}],"about":[{"href":"https:\/\/us.edu.pl\/wydzial\/wns\/wp-json\/wp\/v2\/types\/post"}],"author":[{"embeddable":true,"href":"https:\/\/us.edu.pl\/wydzial\/wns\/wp-json\/wp\/v2\/users\/133"}],"replies":[{"embeddable":true,"href":"https:\/\/us.edu.pl\/wydzial\/wns\/wp-json\/wp\/v2\/comments?post=159964"}],"version-history":[{"count":2,"href":"https:\/\/us.edu.pl\/wydzial\/wns\/wp-json\/wp\/v2\/posts\/159964\/revisions"}],"predecessor-version":[{"id":159970,"href":"https:\/\/us.edu.pl\/wydzial\/wns\/wp-json\/wp\/v2\/posts\/159964\/revisions\/159970"}],"wp:featuredmedia":[{"embeddable":true,"href":"https:\/\/us.edu.pl\/wydzial\/wns\/wp-json\/wp\/v2\/media\/9462"}],"wp:attachment":[{"href":"https:\/\/us.edu.pl\/wydzial\/wns\/wp-json\/wp\/v2\/media?parent=159964"}],"wp:term":[{"taxonomy":"category","embeddable":true,"href":"https:\/\/us.edu.pl\/wydzial\/wns\/wp-json\/wp\/v2\/categories?post=159964"},{"taxonomy":"post_tag","embeddable":true,"href":"https:\/\/us.edu.pl\/wydzial\/wns\/wp-json\/wp\/v2\/tags?post=159964"}],"curies":[{"name":"wp","href":"https:\/\/api.w.org\/{rel}","templated":true}]}}