{"id":160188,"date":"2023-02-12T13:11:20","date_gmt":"2023-02-12T12:11:20","guid":{"rendered":"https:\/\/us.edu.pl\/wydzial\/wns\/?p=160188"},"modified":"2023-02-28T10:59:49","modified_gmt":"2023-02-28T09:59:49","slug":"nie-brak-motyli-w-brzuchu-sprawia-ze-malzenstwa-sie-rozpadaja-ale-brak-przyjazni-miedzy-nimi","status":"publish","type":"post","link":"https:\/\/us.edu.pl\/wydzial\/wns\/2023\/02\/12\/nie-brak-motyli-w-brzuchu-sprawia-ze-malzenstwa-sie-rozpadaja-ale-brak-przyjazni-miedzy-nimi\/","title":{"rendered":"Funkcjonowanie ludzkiego m\u00f3zgu pod wp\u0142ywem zakochania &#8211; rozmowa z dr hab. Beat\u0105 Ecler-Noco\u0144, prof. U\u015a"},"content":{"rendered":"<p>[vc_row][vc_column width=&#8221;2\/3&#8243;]\r\n                <div class=\"text-modules\">\r\n                    <div class=\"container\">\r\n                        \r\n                        <div class=\"text-modules__content\"><p>Mi\u0142o\u015b\u0107 \u2013 wa\u017cny aspekt psychologii, religii i filozofii. Jest najwspanialsz\u0105 rzecz\u0105 na \u015bwiecie, o kt\u00f3r\u0105 nale\u017cy dba\u0107 i piel\u0119gnowa\u0107.<\/p>\n<p>O znaczeniu mi\u0142o\u015bci rozmawiam z dr hab. Beat\u0105 Ecler-Noco\u0144, prof. U\u015a, kt\u00f3rej zainteresowania badawcze to: pedagogika rodziny, relacje w ma\u0142\u017ce\u0144stwie, uwarunkowania wychowawcze rozwoju dziecka i postawy rodzicielskie.<\/p>\n<p>&nbsp;<\/p>\n<p><strong>Violetta Kulik: Pani Profesor, czy mi\u0142o\u015b\u0107 mo\u017cna wyt\u0142umaczy\u0107 reakcjami chemicznymi?<\/strong><\/p>\n<p>Dr hab. Beata Ecler-Noco\u0144, prof. U\u015a: W moim postrzeganiu mi\u0142o\u015bci nie mo\u017cna t\u0142umaczy\u0107 tylko przez reakcje chemiczne. Cz\u0142owiek stanowi psycho-fizyczn\u0105 (a nawet duchow\u0105) ca\u0142o\u015b\u0107. Bez w\u0105tpienia ka\u017cda emocja (a do\u015bwiadczeniu mi\u0142o\u015bci towarzyszy emocjonalne pobudzenie) ma znaczenie dla funkcjonowania biologicznego organizmu i wprowadza now\u0105 jako\u015b\u0107 w nasze \u017cycie.<\/p>\n<p><strong>Violetta Kulik: Naukowcy zbadali m\u00f3zgi zakochanych os\u00f3b. Jak funkcjonuje m\u00f3zg pod wp\u0142ywem zakochania?<\/strong><\/p>\n<p>Dr hab. Beata Ecler-Noco\u0144, prof. U\u015a: Kiedy\u015b dane mi by\u0142o przeczyta\u0107 wyniki interesuj\u0105cych bada\u0144. Ich autorzy twierdzili, \u017ce niekt\u00f3re partie m\u00f3zgu podczas do\u015bwiadczania pobudzenia zwi\u0105zanego z zakochaniem, promieniuj\u0105 jak Las Vegas w nocy. Co interesuj\u0105ce, twierdzili r\u00f3wnie\u017c, \u017ce najd\u0142u\u017cej \u201e\u015bwieci\u0142\u201d m\u00f3zg m\u0119\u017cczyzny \u2013 a\u017c ca\u0142e trzy lata. Gdyby jednak cz\u0142owiek chcia\u0142 budowa\u0107 trwa\u0142\u0105 relacj\u0119 na \u201emotylach w brzuchu\u201d, to m\u00f3g\u0142by si\u0119 bardzo rozczarowa\u0107. Trzy lata to stosunkowo kr\u00f3tki czas na budowanie trwa\u0142ego zwi\u0105zku, a trzeba pami\u0119ta\u0107, \u017ce by\u0142 to najd\u0142u\u017cszy okres pobudzenia.<br \/>\nPobudzony zakochaniem organizm funkcjonuje jak pod wp\u0142ywem narkotyku. Zakochany mo\u017ce nie je\u015b\u0107, nie pi\u0107, jakby potrzeby z pierwszych pi\u0119ter piramidy Maslowa przesta\u0142y istnie\u0107. Nie bez przyczyny patronem zakochanych jest \u015bwi\u0119ty Walenty, r\u00f3wnocze\u015bnie opiekun os\u00f3b szalonych.<\/p>\n<p><strong>Violetta Kulik: Uczucia mi\u0119dzy partnerami w zwi\u0105zku mog\u0105 mie\u0107 r\u00f3\u017cny charakter. Kiedy mo\u017cemy m\u00f3wi\u0107 o mi\u0142o\u015bci?<\/strong><\/p>\n<p>Dr hab. Beata Ecler-Noco\u0144, prof. U\u015a: Karol Wojty\u0142a w publikacji sprzed sze\u015b\u0107dziesi\u0119ciu lat (\u201eMi\u0142o\u015b\u0107 i odpowiedzialno\u015b\u0107\u201d) wymienia a\u017c pi\u0119\u0107 moment\u00f3w w rozwijaj\u0105cych si\u0119 relacjach kobiety i m\u0119\u017cczyzny, kt\u00f3rych dopiero wsp\u00f3\u0142istnienie mo\u017cna definiowa\u0107 jako mi\u0142o\u015b\u0107: po\u017c\u0105danie, zakochanie \u2013 te dwa, cho\u0107 cudowne, raczej kieruj\u0105 odczuwaj\u0105cego mi\u0142o\u015b\u0107 ku sobie i ku w\u0142asnym potrzebom \u2013 \u201echce si\u0119\u201d drugiego cz\u0142owieka jako dobra dla siebie. To potrzeba typu: \u201eJa chc\u0119 by\u0107 blisko ciebie, ja ci\u0119 po\u017c\u0105dam\u201d \u2013 tu jeszcze o mi\u0142o\u015bci (w znaczeniu \u201ejeste\u015b dla mnie wyj\u0105tkowy, pragn\u0119 twojego dobra, chcia\u0142bym, aby\u015b by\u0142a\/by\u0142 szcz\u0119\u015bliwa\/szcz\u0119\u015bliwy) mowy nie ma. Dopiero p\u00f3\u017aniej, kiedy partnerzy do\u015bwiadczaj\u0105 przyja\u017ani, wzajemno\u015bci i afirmacji, mamy do czynienia z mi\u0142o\u015bci\u0105. Kiedy partnerzy si\u0119 przyja\u017ani\u0105 ze sob\u0105, wa\u017cne s\u0105 dla nich wzajemne troski, problemy, stany emocjonalne itd. Afirmacja to moment, kiedy druga osoba staje si\u0119 wyj\u0105tkowa. Jednak dopiero przy wzajemno\u015bci tych\u017ce do\u015bwiadcze\u0144 mo\u017cemy domniemywa\u0107, \u017ce nie spotkamy si\u0119 z toksyczno\u015bci\u0105 w zwi\u0105zku.<\/p>\n<p>Oko\u0142o dziesi\u0119\u0107 lat temu bada\u0142am relacje mi\u0119dzy ma\u0142\u017conkami pod wzgl\u0119dem jako\u015bci tych\u017ce relacji. By\u0142y to ma\u0142\u017ce\u0144stwa najcz\u0119\u015bciej z d\u0142ugim sta\u017cem, co wskazywa\u0142oby na trwa\u0142o\u015b\u0107 mi\u0142o\u015bci. Wyr\u00f3\u017cni\u0142am trzy typy relacji: trwania, wsp\u00f3\u0142-trwania i wzrastania. Tylko w tym ostatnim typie ma\u0142\u017conkowie wci\u0105\u017c pozostawali dla siebie niezwykli, troszczyli si\u0119 o siebie nawzajem, by\u0142a mi\u0119dzy nimi g\u0142\u0119boka przyja\u017a\u0144 i momenty, kiedy dalej odczuwali co\u015b na kszta\u0142t \u201emotyli w brzuchu\u201d. Niemniej taki zwi\u0105zek wymaga wielkiej pracy nad sob\u0105 i wzajemnymi relacjami.<\/p>\n<p><strong>Violetta Kulik: Zdrowy zwi\u0105zek to ten, w kt\u00f3rym obie strony polegaj\u0105 na sobie, wspieraj\u0105 si\u0119, s\u0105 wsp\u00f3\u0142zale\u017cne. Istnieje te\u017c ten patologiczny rodzaj mi\u0142o\u015bci. Kto kocha mi\u0142o\u015bci\u0105 obsesyjn\u0105?<\/strong><\/p>\n<p>Dr hab. Beata Ecler-Noco\u0144, prof. U\u015a: Ostatnio dane mi by\u0142o przeczyta\u0107 niezwykle interesuj\u0105ce badania. Sue Gerhardt, brytyjska psychoterapeutka pisze w ksi\u0105\u017cce \u201eZnaczenie mi\u0142o\u015bci. Jak uczucia wp\u0142ywaj\u0105 na rozw\u00f3j m\u00f3zgu\u201d o wadze wczesnych relacji z dzieckiem (tych jeszcze przed drugim rokiem \u017cycia). Podkre\u015bla znaczenie blisko\u015bci, czu\u0142o\u015bci itd. Te pierwsze relacje z osobami z otoczenia (mam\u0105, tat\u0105) s\u0105 kluczowe dla rozwoju m\u00f3zgu, a w konsekwencji dla przysz\u0142ych zwi\u0105zk\u00f3w dziecka. Jednym s\u0142owem, za przysz\u0142\u0105 patologiczn\u0105 mi\u0142o\u015b\u0107 kogo\u015b, mo\u017ce w pewnym stopniu odpowiada\u0107 brak zainteresowania rodzica we wczesnym dzieci\u0144stwie. Nie by\u0142abym pedagogiem, gdybym nie podkre\u015bli\u0142a, \u017ce m\u0142odzi rodzice mog\u0105 ju\u017c teraz zadba\u0107 o pi\u0119kno prze\u017cywania mi\u0142o\u015bci swoich dzieci w przysz\u0142o\u015bci.<\/p>\n<p><strong>Violetta Kulik: Czego chcia\u0142aby Pani \u017cyczy\u0107 wszystkim zakochanym?<\/strong><\/p>\n<p>Dr Hab. Beata Ecler- Noco\u0144, prof. U\u015a: \u017bycz\u0119, aby ich mi\u0142o\u015b\u0107 by\u0142a coraz pi\u0119kniejsza, dojrzalsza i trwa\u0142a wiecznie. I niech pami\u0119taj\u0105 (pozwol\u0119 sobie sparafrazowa\u0107 pewn\u0105 my\u015bl), \u017ce to nie brak \u201emotyli w brzuchu\u201d (czyli sta\u0142ego zakochania) sprawia, \u017ce ma\u0142\u017ce\u0144stwa si\u0119 rozpadaj\u0105, ale brak przyja\u017ani mi\u0119dzy ma\u0142\u017conkami.<\/p>\n<p><strong>Violetta Kulik: Serdecznie dzi\u0119kuj\u0119 za rozmow\u0119.<\/strong><\/p>\n<\/div>\r\n                    <\/div>\r\n                <\/div>[\/vc_column][vc_column width=&#8221;1\/3&#8243;]\r\n                <div class=\"text-modules\">\r\n                    <div class=\"container\">\r\n                        \r\n                        <div class=\"text-modules__content\"><p><img class=\"alignnone wp-image-160189 size-full\" src=\"https:\/\/us.edu.pl\/wydzial\/wns\/wp-content\/uploads\/sites\/17\/Bez-kategorii\/dr-hab.-Beata-Elcer-Nocon-prof.-US.jpg\" alt=\"dr hab. Beata Elcer-Noco\u0144, prof. U\u015a\" width=\"1024\" height=\"683\" srcset=\"https:\/\/us.edu.pl\/wydzial\/wns\/wp-content\/uploads\/sites\/17\/Bez-kategorii\/dr-hab.-Beata-Elcer-Nocon-prof.-US.jpg 1024w, https:\/\/us.edu.pl\/wydzial\/wns\/wp-content\/uploads\/sites\/17\/Bez-kategorii\/dr-hab.-Beata-Elcer-Nocon-prof.-US-300x200.jpg 300w, https:\/\/us.edu.pl\/wydzial\/wns\/wp-content\/uploads\/sites\/17\/Bez-kategorii\/dr-hab.-Beata-Elcer-Nocon-prof.-US-768x512.jpg 768w, https:\/\/us.edu.pl\/wydzial\/wns\/wp-content\/uploads\/sites\/17\/Bez-kategorii\/dr-hab.-Beata-Elcer-Nocon-prof.-US-575x384.jpg 575w\" sizes=\"(max-width: 1024px) 100vw, 1024px\" \/><\/p>\n<p>dr hab. Beata Ecler-Noco\u0144, prof. U\u015a<\/p>\n<p>\n<\/div>\r\n                    <\/div>\r\n                <\/div>[\/vc_column][\/vc_row]<\/p>","protected":false},"excerpt":{"rendered":"<p>[vc_row][vc_column width=&#8221;2\/3&#8243;][\/vc_column][vc_column width=&#8221;1\/3&#8243;][\/vc_column][\/vc_row] [&#8230;]<\/p>\n<p><a class=\"btn btn-secondary understrap-read-more-link\" href=\"https:\/\/us.edu.pl\/wydzial\/wns\/2023\/02\/12\/nie-brak-motyli-w-brzuchu-sprawia-ze-malzenstwa-sie-rozpadaja-ale-brak-przyjazni-miedzy-nimi\/\">Read More&#8230;<\/a><\/p>\n","protected":false},"author":133,"featured_media":158090,"comment_status":"open","ping_status":"open","sticky":false,"template":"","format":"standard","meta":{"_expiration-date-status":"","_expiration-date":0,"_expiration-date-type":"","_expiration-date-categories":[],"_expiration-date-options":[]},"categories":[146],"tags":[],"acf":[],"_links":{"self":[{"href":"https:\/\/us.edu.pl\/wydzial\/wns\/wp-json\/wp\/v2\/posts\/160188"}],"collection":[{"href":"https:\/\/us.edu.pl\/wydzial\/wns\/wp-json\/wp\/v2\/posts"}],"about":[{"href":"https:\/\/us.edu.pl\/wydzial\/wns\/wp-json\/wp\/v2\/types\/post"}],"author":[{"embeddable":true,"href":"https:\/\/us.edu.pl\/wydzial\/wns\/wp-json\/wp\/v2\/users\/133"}],"replies":[{"embeddable":true,"href":"https:\/\/us.edu.pl\/wydzial\/wns\/wp-json\/wp\/v2\/comments?post=160188"}],"version-history":[{"count":10,"href":"https:\/\/us.edu.pl\/wydzial\/wns\/wp-json\/wp\/v2\/posts\/160188\/revisions"}],"predecessor-version":[{"id":160449,"href":"https:\/\/us.edu.pl\/wydzial\/wns\/wp-json\/wp\/v2\/posts\/160188\/revisions\/160449"}],"wp:featuredmedia":[{"embeddable":true,"href":"https:\/\/us.edu.pl\/wydzial\/wns\/wp-json\/wp\/v2\/media\/158090"}],"wp:attachment":[{"href":"https:\/\/us.edu.pl\/wydzial\/wns\/wp-json\/wp\/v2\/media?parent=160188"}],"wp:term":[{"taxonomy":"category","embeddable":true,"href":"https:\/\/us.edu.pl\/wydzial\/wns\/wp-json\/wp\/v2\/categories?post=160188"},{"taxonomy":"post_tag","embeddable":true,"href":"https:\/\/us.edu.pl\/wydzial\/wns\/wp-json\/wp\/v2\/tags?post=160188"}],"curies":[{"name":"wp","href":"https:\/\/api.w.org\/{rel}","templated":true}]}}