{"id":161677,"date":"2023-05-12T11:06:16","date_gmt":"2023-05-12T09:06:16","guid":{"rendered":"https:\/\/us.edu.pl\/wydzial\/wns\/?p=161677"},"modified":"2023-05-15T08:17:22","modified_gmt":"2023-05-15T06:17:22","slug":"kolo-naukowe-paidagogos-z-wizyta-na-wydziale-nauk-przyrodniczych-us","status":"publish","type":"post","link":"https:\/\/us.edu.pl\/wydzial\/wns\/2023\/05\/12\/kolo-naukowe-paidagogos-z-wizyta-na-wydziale-nauk-przyrodniczych-us\/","title":{"rendered":"Ko\u0142o Naukowe \u201ePAIDAGOGOS\u201d z wizyt\u0105 na Wydziale Nauk Przyrodniczych U\u015a"},"content":{"rendered":"<p>[vc_row][vc_column width=&#8221;2\/3&#8243;]\r\n                <div class=\"text-modules\">\r\n                    <div class=\"container\">\r\n                        \r\n                        <div class=\"text-modules__content\"><p>Ko\u0142o Naukowe Pedagogiki Przedszkolnej i Wczesnoszkolnej \u201ePAIDAGOGOS\u201d wraz ze swoim opiekunem naukowym dr Hewili\u0105 Hetma\u0144czyk w dniu 8 maja br.\u00a0 odwiedzi\u0142o Wydzia\u0142 Nauk Przyrodniczych U\u015a w Katowicach przy ul. Jagiello\u0144skiej 28.<\/p>\n<p>Cz\u0142onkowie ko\u0142a mieli okazj\u0119 pozna\u0107 wydzia\u0142, a szczeg\u00f3lnie dzia\u0142alno\u015b\u0107 Instytutu Biologii, Biotechnologii i Ochrony \u015arodowiska, jak r\u00f3wnie\u017c wzi\u0119li udzia\u0142 w zaj\u0119ciach pokazowych w laboratorium przeprowadzonych przez dr Ma\u0142gorzat\u0119 Pawlik.<\/p>\n<p>Wi\u0119cej informacji oraz fotorelacja z wydarzenia znajduje si\u0119 na:<\/p>\n<p><a href=\"https:\/\/www.facebook.com\/profile.php?id=100088202905030\">https:\/\/www.facebook.com\/profile.php?id=100088202905030<\/a><\/p>\n<\/div>\r\n                    <\/div>\r\n                <\/div>[\/vc_column][vc_column width=&#8221;1\/3&#8243;]\r\n                <div class=\"text-modules\">\r\n                    <div class=\"container\">\r\n                        \r\n                        <div class=\"text-modules__content\"><p><img class=\"alignnone size-medium wp-image-161678\" src=\"https:\/\/us.edu.pl\/wydzial\/wns\/wp-content\/uploads\/sites\/17\/Bez-kategorii\/hh1-300x225.jpg\" alt=\"Uczstnicy wydzarzenia\" width=\"300\" height=\"225\" srcset=\"https:\/\/us.edu.pl\/wydzial\/wns\/wp-content\/uploads\/sites\/17\/Bez-kategorii\/hh1-300x225.jpg 300w, https:\/\/us.edu.pl\/wydzial\/wns\/wp-content\/uploads\/sites\/17\/Bez-kategorii\/hh1-1024x768.jpg 1024w, https:\/\/us.edu.pl\/wydzial\/wns\/wp-content\/uploads\/sites\/17\/Bez-kategorii\/hh1-768x576.jpg 768w, https:\/\/us.edu.pl\/wydzial\/wns\/wp-content\/uploads\/sites\/17\/Bez-kategorii\/hh1-1536x1152.jpg 1536w, https:\/\/us.edu.pl\/wydzial\/wns\/wp-content\/uploads\/sites\/17\/Bez-kategorii\/hh1-2048x1536.jpg 2048w, https:\/\/us.edu.pl\/wydzial\/wns\/wp-content\/uploads\/sites\/17\/Bez-kategorii\/hh1-575x431.jpg 575w\" sizes=\"(max-width: 300px) 100vw, 300px\" \/><\/p>\n<p><img class=\"alignnone size-medium wp-image-161679\" src=\"https:\/\/us.edu.pl\/wydzial\/wns\/wp-content\/uploads\/sites\/17\/Bez-kategorii\/hh2-300x225.jpg\" alt=\"Uczestnicy wydarzenia \" width=\"300\" height=\"225\" srcset=\"https:\/\/us.edu.pl\/wydzial\/wns\/wp-content\/uploads\/sites\/17\/Bez-kategorii\/hh2-300x225.jpg 300w, https:\/\/us.edu.pl\/wydzial\/wns\/wp-content\/uploads\/sites\/17\/Bez-kategorii\/hh2-1024x768.jpg 1024w, https:\/\/us.edu.pl\/wydzial\/wns\/wp-content\/uploads\/sites\/17\/Bez-kategorii\/hh2-768x576.jpg 768w, https:\/\/us.edu.pl\/wydzial\/wns\/wp-content\/uploads\/sites\/17\/Bez-kategorii\/hh2-1536x1152.jpg 1536w, https:\/\/us.edu.pl\/wydzial\/wns\/wp-content\/uploads\/sites\/17\/Bez-kategorii\/hh2-2048x1536.jpg 2048w, https:\/\/us.edu.pl\/wydzial\/wns\/wp-content\/uploads\/sites\/17\/Bez-kategorii\/hh2-575x431.jpg 575w\" sizes=\"(max-width: 300px) 100vw, 300px\" \/><\/p>\n<\/div>\r\n                    <\/div>\r\n                <\/div>[\/vc_column][\/vc_row]<\/p>","protected":false},"excerpt":{"rendered":"<p>[vc_row][vc_column width=&#8221;2\/3&#8243;][\/vc_column][vc_column width=&#8221;1\/3&#8243;][\/vc_column][\/vc_row] [&#8230;]<\/p>\n<p><a class=\"btn btn-secondary understrap-read-more-link\" href=\"https:\/\/us.edu.pl\/wydzial\/wns\/2023\/05\/12\/kolo-naukowe-paidagogos-z-wizyta-na-wydziale-nauk-przyrodniczych-us\/\">Read More&#8230;<\/a><\/p>\n","protected":false},"author":133,"featured_media":161679,"comment_status":"open","ping_status":"open","sticky":false,"template":"","format":"standard","meta":{"_expiration-date-status":"","_expiration-date":0,"_expiration-date-type":"","_expiration-date-categories":[],"_expiration-date-options":[]},"categories":[11],"tags":[],"acf":[],"_links":{"self":[{"href":"https:\/\/us.edu.pl\/wydzial\/wns\/wp-json\/wp\/v2\/posts\/161677"}],"collection":[{"href":"https:\/\/us.edu.pl\/wydzial\/wns\/wp-json\/wp\/v2\/posts"}],"about":[{"href":"https:\/\/us.edu.pl\/wydzial\/wns\/wp-json\/wp\/v2\/types\/post"}],"author":[{"embeddable":true,"href":"https:\/\/us.edu.pl\/wydzial\/wns\/wp-json\/wp\/v2\/users\/133"}],"replies":[{"embeddable":true,"href":"https:\/\/us.edu.pl\/wydzial\/wns\/wp-json\/wp\/v2\/comments?post=161677"}],"version-history":[{"count":3,"href":"https:\/\/us.edu.pl\/wydzial\/wns\/wp-json\/wp\/v2\/posts\/161677\/revisions"}],"predecessor-version":[{"id":161696,"href":"https:\/\/us.edu.pl\/wydzial\/wns\/wp-json\/wp\/v2\/posts\/161677\/revisions\/161696"}],"wp:featuredmedia":[{"embeddable":true,"href":"https:\/\/us.edu.pl\/wydzial\/wns\/wp-json\/wp\/v2\/media\/161679"}],"wp:attachment":[{"href":"https:\/\/us.edu.pl\/wydzial\/wns\/wp-json\/wp\/v2\/media?parent=161677"}],"wp:term":[{"taxonomy":"category","embeddable":true,"href":"https:\/\/us.edu.pl\/wydzial\/wns\/wp-json\/wp\/v2\/categories?post=161677"},{"taxonomy":"post_tag","embeddable":true,"href":"https:\/\/us.edu.pl\/wydzial\/wns\/wp-json\/wp\/v2\/tags?post=161677"}],"curies":[{"name":"wp","href":"https:\/\/api.w.org\/{rel}","templated":true}]}}