{"id":164942,"date":"2024-03-20T09:12:41","date_gmt":"2024-03-20T08:12:41","guid":{"rendered":"https:\/\/us.edu.pl\/wydzial\/wns\/?p=164942"},"modified":"2024-03-20T09:17:19","modified_gmt":"2024-03-20T08:17:19","slug":"kolejne-wydarzenie-dot-depresji","status":"publish","type":"post","link":"https:\/\/us.edu.pl\/wydzial\/wns\/2024\/03\/20\/kolejne-wydarzenie-dot-depresji\/","title":{"rendered":"Wydarzenie dla szk\u00f3\u0142 dot. depresji &#8211; podsumowanie"},"content":{"rendered":"<p>[vc_row][vc_column width=&#8221;2\/3&#8243;]\r\n                <div class=\"text-modules\">\r\n                    <div class=\"container\">\r\n                        \r\n                        <div class=\"text-modules__content\"><p>W ramach projektu: Nauka jest wsz\u0119dzie! zrealizowano w Teatrze Korez wyk\u0142ad: <strong>Czy mo\u017cna zarazi\u0107 si\u0119 depresj\u0105? <\/strong>w ramach obchod\u00f3w Europejskiego Miasta Nauki Katowice 2024, w pa\u015bmie Miasto-Region-Akademia.<\/p>\n<p>Na wyk\u0142ad w styczniu zapisa\u0142o si\u0119 380 os\u00f3b, z czego tylko 200 os\u00f3b mog\u0142o uczestniczy\u0107 w wydarzeniu. Dla uczni\u00f3w z listy rezerwowej przygotowali\u015bmy powt\u00f3rk\u0119, kt\u00f3ra odby\u0142a si\u0119 19 marca br. w budynku na na ul. Gra\u017cy\u0144skiego 53.<\/p>\n<p>Dzi\u0119kujemy dr Dorocie Prysak za kolejna dawk\u0119 wiedzy dla uczni\u00f3w i nauczycieli, kt\u00f3rzy ch\u0119tnie w\u0142\u0105czyli si\u0119 w dyskusj\u0119 na tematy:<br \/>\nJakie czynniki powoduj\u0105 depresj\u0119?<br \/>\nKogo dotyka depresja i dlaczego?<br \/>\nKto mo\u017ce zdiagnozowa\u0107 depresj\u0119?<br \/>\nDlaczego w Polsce choroba psychiczna to nadal wstyd?<\/p>\n<\/div>\r\n                    <\/div>\r\n                <\/div>[\/vc_column][vc_column width=&#8221;1\/3&#8243;]\r\n                <div class=\"text-modules\">\r\n                    <div class=\"container\">\r\n                        \r\n                        <div class=\"text-modules__content\"><p><img class=\"alignnone wp-image-164943 size-large\" src=\"https:\/\/us.edu.pl\/wydzial\/wns\/wp-content\/uploads\/sites\/17\/Bez-kategorii\/depresja-766x1024.jpg\" alt=\"dr Dorota Prysak w trakcie wyk\u0142adu.\" width=\"640\" height=\"856\" srcset=\"https:\/\/us.edu.pl\/wydzial\/wns\/wp-content\/uploads\/sites\/17\/Bez-kategorii\/depresja-766x1024.jpg 766w, https:\/\/us.edu.pl\/wydzial\/wns\/wp-content\/uploads\/sites\/17\/Bez-kategorii\/depresja-224x300.jpg 224w, https:\/\/us.edu.pl\/wydzial\/wns\/wp-content\/uploads\/sites\/17\/Bez-kategorii\/depresja-768x1026.jpg 768w, https:\/\/us.edu.pl\/wydzial\/wns\/wp-content\/uploads\/sites\/17\/Bez-kategorii\/depresja-1149x1536.jpg 1149w, https:\/\/us.edu.pl\/wydzial\/wns\/wp-content\/uploads\/sites\/17\/Bez-kategorii\/depresja-1532x2048.jpg 1532w, https:\/\/us.edu.pl\/wydzial\/wns\/wp-content\/uploads\/sites\/17\/Bez-kategorii\/depresja-430x575.jpg 430w, https:\/\/us.edu.pl\/wydzial\/wns\/wp-content\/uploads\/sites\/17\/Bez-kategorii\/depresja-scaled.jpg 1916w\" sizes=\"(max-width: 640px) 100vw, 640px\" \/><\/p>\n<\/div>\r\n                    <\/div>\r\n                <\/div>[\/vc_column][\/vc_row]<\/p>","protected":false},"excerpt":{"rendered":"<p>[vc_row][vc_column width=&#8221;2\/3&#8243;][\/vc_column][vc_column width=&#8221;1\/3&#8243;][\/vc_column][\/vc_row] [&#8230;]<\/p>\n<p><a class=\"btn btn-secondary understrap-read-more-link\" href=\"https:\/\/us.edu.pl\/wydzial\/wns\/2024\/03\/20\/kolejne-wydarzenie-dot-depresji\/\">Read More&#8230;<\/a><\/p>\n","protected":false},"author":133,"featured_media":164944,"comment_status":"open","ping_status":"open","sticky":false,"template":"","format":"standard","meta":{"_expiration-date-status":"","_expiration-date":0,"_expiration-date-type":"","_expiration-date-categories":[],"_expiration-date-options":[]},"categories":[11],"tags":[],"acf":[],"_links":{"self":[{"href":"https:\/\/us.edu.pl\/wydzial\/wns\/wp-json\/wp\/v2\/posts\/164942"}],"collection":[{"href":"https:\/\/us.edu.pl\/wydzial\/wns\/wp-json\/wp\/v2\/posts"}],"about":[{"href":"https:\/\/us.edu.pl\/wydzial\/wns\/wp-json\/wp\/v2\/types\/post"}],"author":[{"embeddable":true,"href":"https:\/\/us.edu.pl\/wydzial\/wns\/wp-json\/wp\/v2\/users\/133"}],"replies":[{"embeddable":true,"href":"https:\/\/us.edu.pl\/wydzial\/wns\/wp-json\/wp\/v2\/comments?post=164942"}],"version-history":[{"count":3,"href":"https:\/\/us.edu.pl\/wydzial\/wns\/wp-json\/wp\/v2\/posts\/164942\/revisions"}],"predecessor-version":[{"id":164947,"href":"https:\/\/us.edu.pl\/wydzial\/wns\/wp-json\/wp\/v2\/posts\/164942\/revisions\/164947"}],"wp:featuredmedia":[{"embeddable":true,"href":"https:\/\/us.edu.pl\/wydzial\/wns\/wp-json\/wp\/v2\/media\/164944"}],"wp:attachment":[{"href":"https:\/\/us.edu.pl\/wydzial\/wns\/wp-json\/wp\/v2\/media?parent=164942"}],"wp:term":[{"taxonomy":"category","embeddable":true,"href":"https:\/\/us.edu.pl\/wydzial\/wns\/wp-json\/wp\/v2\/categories?post=164942"},{"taxonomy":"post_tag","embeddable":true,"href":"https:\/\/us.edu.pl\/wydzial\/wns\/wp-json\/wp\/v2\/tags?post=164942"}],"curies":[{"name":"wp","href":"https:\/\/api.w.org\/{rel}","templated":true}]}}