{"id":166057,"date":"2024-07-29T08:29:18","date_gmt":"2024-07-29T06:29:18","guid":{"rendered":"https:\/\/us.edu.pl\/wydzial\/wns\/?p=166057"},"modified":"2024-07-29T18:40:05","modified_gmt":"2024-07-29T16:40:05","slug":"lato-w-miescie-z-naukowcami-czyli-wrzesniowe-odkrywanie-pasji-i-inspiracji-dla-kazdego","status":"publish","type":"post","link":"https:\/\/us.edu.pl\/wydzial\/wns\/2024\/07\/29\/lato-w-miescie-z-naukowcami-czyli-wrzesniowe-odkrywanie-pasji-i-inspiracji-dla-kazdego\/","title":{"rendered":"Lato w mie\u015bcie z naukowcami, czyli wrze\u015bniowe odkrywanie pasji i inspiracji dla ka\u017cdego!"},"content":{"rendered":"<p>[vc_row][vc_column width=&#8221;2\/3&#8243;]\r\n                <div class=\"text-modules\">\r\n                    <div class=\"container\">\r\n                        \r\n                        <div class=\"text-modules__content\"><p><strong>Czy lato w mie\u015bcie musi by\u0107 nudne?<\/strong><\/p>\n<p>Absolutnie nie! Szczeg\u00f3lnie lato w\u00a0Mie\u015bcie Nauki mo\u017ce by\u0107 pasjonuj\u0105ce. Grupa naukowc\u00f3w ma dla Ciebie gor\u0105c\u0105 letni\u0105 propozycj\u0119, nie do odrzucenia.<\/p>\n<p>Naukowiec nadal mo\u017ce kojarzy\u0107 si\u0119 z ponurym jegomo\u015bciem patrz\u0105cym godzinami przez lup\u0119 na pr\u00f3bki lub zamkni\u0119tym miesi\u0105cami w bibliotece lub archiwum. Chcesz zobaczy\u0107, \u017ce jest zupe\u0142nie inaczej? Zapraszamy Ci\u0119 na spotkanie, podczas kt\u00f3rego dzielimy si\u0119 swoimi pasjami. Poznasz naukowc\u00f3w \u201epo godzinach\u201d, ich zainteresowania, odkrycia \u2013 spojrzysz na nich zupe\u0142nie nowym spojrzeniem. Je\u015bli marz\u0105 Ci si\u0119 podr\u00f3\u017ce, a nie mo\u017cesz daleko wyjecha\u0107, ta propozycja jest dla Ciebie. Podczas jednego wrze\u015bniowego dnia zabierzemy Ci\u0119 w podr\u00f3\u017c w r\u00f3\u017cne zak\u0105tki Europy \u2013 dowiesz si\u0119 wi\u0119cej na temat le\u017c\u0105cych na \u015brodku Atlantyku wysp portugalskich, budowie wulkanu, \u015brodowiska \u017cycia wieloryb\u00f3w, francuskiej mozaiki klimatycznej, le\u015bnych przedszkoli i o tym dlaczego przedszkolaki w Skandynawii odbywaj\u0105 drzemki na \u015bwie\u017cym powietrzu nawet zim\u0105. Razem spr\u00f3bujemy zg\u0142\u0119bi\u0107 kultur\u0119 francusk\u0105 i spr\u00f3bujemy odpowiedzie\u0107, czy nowoczesne miasto mo\u017ce by\u0107 ekologiczne. Zaprosimy go\u015bci specjalnych z Hiszpanii i Chorwacji \u2013 naukowc\u00f3w, kt\u00f3rzy w dost\u0119pny spos\u00f3b przybli\u017c\u0105 Ci ciekawostki z ich kraj\u00f3w.<\/p>\n<p>Nie musisz daleko wyje\u017cd\u017ca\u0107, aby poczu\u0107 si\u0119 jak prawdziwy podr\u00f3\u017cnik, a\u00a0przy okazji pozna\u0107 interesuj\u0105cych naukowc\u00f3w ze \u015al\u0105ska i nie tylko. Dodatkowo b\u0119dzie okazja do dyskusji o \u015brodowisku, klimacie i zr\u00f3wnowa\u017conym rozwoju w\u00a0perspektywie globalnej i lokalnej. Nie czekaj \u2013 przyjd\u017a!<\/p>\n<p>&nbsp;<\/p>\n<p>Dla kogo? Dla m\u0142odzie\u017cy, doros\u0142ych i senior\u00f3w \u2013 spotkanie otwarte dla zainteresowanych tematem. W zwi\u0105zku z ograniczon\u0105 liczb\u0105 miejsc obowi\u0105zuj\u0105 zapisy. Zapisz si\u0119 ju\u017c dzisiaj przez formularz! Kliknij lub skopiuj link: <a href=\"http:\/\/www.formularze.us.edu.pl\/latowmiescie_2024\">www.formularze.us.edu.pl\/latowmiescie_2024<\/a><\/p>\n<p>Kiedy? 3.09.2024<\/p>\n<p>Gdzie? SpinPlace Bankowa 5 w Katowicach. Przyjd\u017a i zobacz jak Uniwersytet \u015al\u0105ski odrestaurowa\u0142 budynek dawnego NBP.<\/p>\n<p>Ile to kosztuje? Bezp\u0142atne<\/p>\n<p><a href=\"https:\/\/us.edu.pl\/wydzial\/wns\/wp-content\/uploads\/sites\/17\/Bez-kategorii\/LATO-w-MIESCIE_skrocony-program_aktualny.pdf\" class=\"mtli_attachment mtli_pdf\" data-mtli=\"mtli_filesize682,25kB\" class=\"mtli_attachment mtli_pdf\" data-mtli=\"mtli_filesize682,25kB\">LATO w MIE\u015aCIE_program<\/a><\/p>\n<p>Projekt &#8222;Lato w mie\u015bcie z naukowcami, czyli wrze\u015bniowe odkrywanie pasji i inspiracji dla ka\u017cdego&#8221; zosta\u0142 dofinansowany przez G\u00f3rno\u015bl\u0105sko-Zag\u0142\u0119biowsk\u0105 Metropoli\u0119.<\/p>\n<p>&nbsp;<\/p>\n<p><strong>Wydarzenie jest organizowane w pa\u015bmie Miasto-Region-Akademia w ramach obchod\u00f3w Europejskiego Miasta Nauki Katowice 2024.<\/strong><\/p>\n<p>&nbsp;<\/p>\n<p><img class=\"alignnone size-medium wp-image-166061\" src=\"https:\/\/us.edu.pl\/wydzial\/wns\/wp-content\/uploads\/sites\/17\/Bez-kategorii\/MRA_1-300x93.png\" alt=\"plakat wydarzenia\" width=\"300\" height=\"93\" srcset=\"https:\/\/us.edu.pl\/wydzial\/wns\/wp-content\/uploads\/sites\/17\/Bez-kategorii\/MRA_1-300x93.png 300w, https:\/\/us.edu.pl\/wydzial\/wns\/wp-content\/uploads\/sites\/17\/Bez-kategorii\/MRA_1.png 361w\" sizes=\"(max-width: 300px) 100vw, 300px\" \/><\/p>\n<style type=\"text\/css\">a[data-mtli~=\"mtli_filesize682,25kB\"]:after {content:\" (682,25 kB)\"}<\/style><\/div>\r\n                    <\/div>\r\n                <\/div>[\/vc_column][vc_column width=&#8221;1\/3&#8243;]\r\n                <div class=\"text-modules\">\r\n                    <div class=\"container\">\r\n                        \r\n                        <div class=\"text-modules__content\"><p><img class=\"alignnone wp-image-166059 size-large\" src=\"https:\/\/us.edu.pl\/wydzial\/wns\/wp-content\/uploads\/sites\/17\/Bez-kategorii\/katowice-2632551_1280-1024x768.jpg\" alt=\"Katowice\" width=\"640\" height=\"480\" srcset=\"https:\/\/us.edu.pl\/wydzial\/wns\/wp-content\/uploads\/sites\/17\/Bez-kategorii\/katowice-2632551_1280-1024x768.jpg 1024w, https:\/\/us.edu.pl\/wydzial\/wns\/wp-content\/uploads\/sites\/17\/Bez-kategorii\/katowice-2632551_1280-300x225.jpg 300w, https:\/\/us.edu.pl\/wydzial\/wns\/wp-content\/uploads\/sites\/17\/Bez-kategorii\/katowice-2632551_1280-768x576.jpg 768w, https:\/\/us.edu.pl\/wydzial\/wns\/wp-content\/uploads\/sites\/17\/Bez-kategorii\/katowice-2632551_1280-575x431.jpg 575w, https:\/\/us.edu.pl\/wydzial\/wns\/wp-content\/uploads\/sites\/17\/Bez-kategorii\/katowice-2632551_1280.jpg 1280w\" sizes=\"(max-width: 640px) 100vw, 640px\" \/><\/p>\n<\/div>\r\n                    <\/div>\r\n                <\/div>[\/vc_column][\/vc_row]<\/p>\n<style type=\"text\/css\">a[data-mtli~=\"mtli_filesize682,25kB\"]:after {content:\" (682,25 kB)\"}<\/style>","protected":false},"excerpt":{"rendered":"<p>[vc_row][vc_column width=&#8221;2\/3&#8243;][\/vc_column][vc_column width=&#8221;1\/3&#8243;][\/vc_column][\/vc_row] [&#8230;]<\/p>\n<p><a class=\"btn btn-secondary understrap-read-more-link\" href=\"https:\/\/us.edu.pl\/wydzial\/wns\/2024\/07\/29\/lato-w-miescie-z-naukowcami-czyli-wrzesniowe-odkrywanie-pasji-i-inspiracji-dla-kazdego\/\">Read More&#8230;<\/a><\/p>\n","protected":false},"author":133,"featured_media":166059,"comment_status":"open","ping_status":"open","sticky":false,"template":"","format":"standard","meta":{"_expiration-date-status":"","_expiration-date":0,"_expiration-date-type":"","_expiration-date-categories":[],"_expiration-date-options":[]},"categories":[146],"tags":[],"acf":[],"_links":{"self":[{"href":"https:\/\/us.edu.pl\/wydzial\/wns\/wp-json\/wp\/v2\/posts\/166057"}],"collection":[{"href":"https:\/\/us.edu.pl\/wydzial\/wns\/wp-json\/wp\/v2\/posts"}],"about":[{"href":"https:\/\/us.edu.pl\/wydzial\/wns\/wp-json\/wp\/v2\/types\/post"}],"author":[{"embeddable":true,"href":"https:\/\/us.edu.pl\/wydzial\/wns\/wp-json\/wp\/v2\/users\/133"}],"replies":[{"embeddable":true,"href":"https:\/\/us.edu.pl\/wydzial\/wns\/wp-json\/wp\/v2\/comments?post=166057"}],"version-history":[{"count":3,"href":"https:\/\/us.edu.pl\/wydzial\/wns\/wp-json\/wp\/v2\/posts\/166057\/revisions"}],"predecessor-version":[{"id":166063,"href":"https:\/\/us.edu.pl\/wydzial\/wns\/wp-json\/wp\/v2\/posts\/166057\/revisions\/166063"}],"wp:featuredmedia":[{"embeddable":true,"href":"https:\/\/us.edu.pl\/wydzial\/wns\/wp-json\/wp\/v2\/media\/166059"}],"wp:attachment":[{"href":"https:\/\/us.edu.pl\/wydzial\/wns\/wp-json\/wp\/v2\/media?parent=166057"}],"wp:term":[{"taxonomy":"category","embeddable":true,"href":"https:\/\/us.edu.pl\/wydzial\/wns\/wp-json\/wp\/v2\/categories?post=166057"},{"taxonomy":"post_tag","embeddable":true,"href":"https:\/\/us.edu.pl\/wydzial\/wns\/wp-json\/wp\/v2\/tags?post=166057"}],"curies":[{"name":"wp","href":"https:\/\/api.w.org\/{rel}","templated":true}]}}