{"id":167913,"date":"2024-09-24T19:57:20","date_gmt":"2024-09-24T17:57:20","guid":{"rendered":"https:\/\/us.edu.pl\/wydzial\/wns\/?p=167913"},"modified":"2024-09-27T14:30:22","modified_gmt":"2024-09-27T12:30:22","slug":"projekt-edukatorium-historyczno-spoleczne-zdobyl-nagrode-wydarzenie-historyczne-roku-2023-w-kategorii-edukacja","status":"publish","type":"post","link":"https:\/\/us.edu.pl\/wydzial\/wns\/2024\/09\/24\/projekt-edukatorium-historyczno-spoleczne-zdobyl-nagrode-wydarzenie-historyczne-roku-2023-w-kategorii-edukacja\/","title":{"rendered":"Projekt Edukatorium Historyczno-Spo\u0142eczne zdoby\u0142 nagrod\u0119 Wydarzenie Historyczne Roku 2023 w kategorii Edukacja"},"content":{"rendered":"<p>[vc_row][vc_column width=&#8221;2\/3&#8243;]\r\n                <div class=\"text-modules\">\r\n                    <div class=\"container\">\r\n                        \r\n                        <div class=\"text-modules__content\"><\/p>\n<div>\n<div dir=\"auto\">\n<p>Projekt Edukatorium Historyczno-Spo\u0142eczne realizowany we wsp\u00f3\u0142pracy Miasta Katowice oraz Uniwersytetu \u015al\u0105skiego w Katowicach zdoby\u0142 nagrod\u0119 Wydarzenie Historyczne Roku 2023 w kategorii Edukacja.<\/p>\n<p>W ramach Uniwersytetu Otwartego w Uniwersytecie \u015al\u0105skim koordynowali go pracownicy Instytutu Historii Uniwersytetu \u015al\u0105skiego (dr Marcela Gruszczyk, prof. Lech Krzy\u017canowski oraz prof. Mi\u0142osz Skrzypek), a w tworzeniu scenariuszy lekcji z wiedzy o spo\u0142ecze\u0144stwie uczestniczy\u0142a dr Monika Szynol z naszego wydzia\u0142u.<\/p>\n<\/div>\n<div dir=\"auto\">W tej samej kategorii nominacj\u0119 zdoby\u0142 film &#8222;Wojciech Korfanty &#8211; Syn Ziemi \u015al\u0105skiej&#8221;, wsp\u00f3\u0142tworzony przez dr Macieja Marmol\u0119 we wsp\u00f3\u0142pracy z Muzeum Powsta\u0144 \u015al\u0105skich.<\/div>\n<\/div>\n<div dir=\"auto\"><\/div>\n<div dir=\"auto\">Serdecznie gratulujemy i \u017cyczymy kolejnych sukces\u00f3w!<\/div>\n<p>\n<\/div>\r\n                    <\/div>\r\n                <\/div>[\/vc_column][vc_column width=&#8221;1\/3&#8243;]\r\n                <div class=\"text-modules\">\r\n                    <div class=\"container\">\r\n                        \r\n                        <div class=\"text-modules__content\"><p><img class=\"alignnone wp-image-167914 size-large\" src=\"https:\/\/us.edu.pl\/wydzial\/wns\/wp-content\/uploads\/sites\/17\/Bez-kategorii\/hist-1024x492.jpg\" alt=\"uczestnicy wydarzenia\" width=\"640\" height=\"308\" srcset=\"https:\/\/us.edu.pl\/wydzial\/wns\/wp-content\/uploads\/sites\/17\/Bez-kategorii\/hist-1024x492.jpg 1024w, https:\/\/us.edu.pl\/wydzial\/wns\/wp-content\/uploads\/sites\/17\/Bez-kategorii\/hist-300x144.jpg 300w, https:\/\/us.edu.pl\/wydzial\/wns\/wp-content\/uploads\/sites\/17\/Bez-kategorii\/hist-768x369.jpg 768w, https:\/\/us.edu.pl\/wydzial\/wns\/wp-content\/uploads\/sites\/17\/Bez-kategorii\/hist-575x276.jpg 575w, https:\/\/us.edu.pl\/wydzial\/wns\/wp-content\/uploads\/sites\/17\/Bez-kategorii\/hist.jpg 1080w\" sizes=\"(max-width: 640px) 100vw, 640px\" \/><\/p>\n<\/div>\r\n                    <\/div>\r\n                <\/div>[\/vc_column][\/vc_row]<\/p>","protected":false},"excerpt":{"rendered":"<p>[vc_row][vc_column width=&#8221;2\/3&#8243;][\/vc_column][vc_column width=&#8221;1\/3&#8243;][\/vc_column][\/vc_row] [&#8230;]<\/p>\n<p><a class=\"btn btn-secondary understrap-read-more-link\" href=\"https:\/\/us.edu.pl\/wydzial\/wns\/2024\/09\/24\/projekt-edukatorium-historyczno-spoleczne-zdobyl-nagrode-wydarzenie-historyczne-roku-2023-w-kategorii-edukacja\/\">Read More&#8230;<\/a><\/p>\n","protected":false},"author":133,"featured_media":167914,"comment_status":"open","ping_status":"open","sticky":false,"template":"","format":"standard","meta":{"_expiration-date-status":"","_expiration-date":0,"_expiration-date-type":"","_expiration-date-categories":[],"_expiration-date-options":[]},"categories":[11],"tags":[],"acf":[],"_links":{"self":[{"href":"https:\/\/us.edu.pl\/wydzial\/wns\/wp-json\/wp\/v2\/posts\/167913"}],"collection":[{"href":"https:\/\/us.edu.pl\/wydzial\/wns\/wp-json\/wp\/v2\/posts"}],"about":[{"href":"https:\/\/us.edu.pl\/wydzial\/wns\/wp-json\/wp\/v2\/types\/post"}],"author":[{"embeddable":true,"href":"https:\/\/us.edu.pl\/wydzial\/wns\/wp-json\/wp\/v2\/users\/133"}],"replies":[{"embeddable":true,"href":"https:\/\/us.edu.pl\/wydzial\/wns\/wp-json\/wp\/v2\/comments?post=167913"}],"version-history":[{"count":2,"href":"https:\/\/us.edu.pl\/wydzial\/wns\/wp-json\/wp\/v2\/posts\/167913\/revisions"}],"predecessor-version":[{"id":168440,"href":"https:\/\/us.edu.pl\/wydzial\/wns\/wp-json\/wp\/v2\/posts\/167913\/revisions\/168440"}],"wp:featuredmedia":[{"embeddable":true,"href":"https:\/\/us.edu.pl\/wydzial\/wns\/wp-json\/wp\/v2\/media\/167914"}],"wp:attachment":[{"href":"https:\/\/us.edu.pl\/wydzial\/wns\/wp-json\/wp\/v2\/media?parent=167913"}],"wp:term":[{"taxonomy":"category","embeddable":true,"href":"https:\/\/us.edu.pl\/wydzial\/wns\/wp-json\/wp\/v2\/categories?post=167913"},{"taxonomy":"post_tag","embeddable":true,"href":"https:\/\/us.edu.pl\/wydzial\/wns\/wp-json\/wp\/v2\/tags?post=167913"}],"curies":[{"name":"wp","href":"https:\/\/api.w.org\/{rel}","templated":true}]}}