{"id":168801,"date":"2024-10-03T08:45:46","date_gmt":"2024-10-03T06:45:46","guid":{"rendered":"https:\/\/us.edu.pl\/wydzial\/wns\/?p=168801"},"modified":"2024-10-03T08:45:46","modified_gmt":"2024-10-03T06:45:46","slug":"wyjazd-szkoleniowy-pracownikow-instytutu-pedagogiki-do-danii","status":"publish","type":"post","link":"https:\/\/us.edu.pl\/wydzial\/wns\/2024\/10\/03\/wyjazd-szkoleniowy-pracownikow-instytutu-pedagogiki-do-danii\/","title":{"rendered":"Wyjazd szkoleniowy pracownik\u00f3w Instytutu Pedagogiki do Danii"},"content":{"rendered":"<p>[vc_row][vc_column width=&#8221;2\/3&#8243;]\r\n                <div class=\"text-modules\">\r\n                    <div class=\"container\">\r\n                        \r\n                        <div class=\"text-modules__content\"><p>Tu\u017c przed startem nowego roku akademickiego pracownicy Instytutu Pedagogiki \u2013 dr Dagmara Dobosz, dr Marcin Gierczyk, prof. U\u015a, dr Ewelina Kawiak i dr Hewilia Hetma\u0144czyk przebywali na tygodniowym wyje\u017adzie szkoleniowym w ramach programu ERASMUS+.<\/p>\n<p>Podczas wizyty w University of Southern Denmark w Odense wymieniali do\u015bwiadczenia, a tak\u017ce dobre praktyki w zakresie edukacji oraz dobrostanu dzieci i m\u0142odzie\u017cy.<\/p>\n<\/div>\r\n                    <\/div>\r\n                <\/div>[\/vc_column][vc_column width=&#8221;1\/3&#8243;]\r\n                <div class=\"text-modules\">\r\n                    <div class=\"container\">\r\n                        \r\n                        <div class=\"text-modules__content\"><p><img class=\"alignnone wp-image-168802 size-large\" src=\"https:\/\/us.edu.pl\/wydzial\/wns\/wp-content\/uploads\/sites\/17\/Bez-kategorii\/3102-1024x759.jpg\" alt=\"Uczestnicy wydarzenia\" width=\"640\" height=\"474\" srcset=\"https:\/\/us.edu.pl\/wydzial\/wns\/wp-content\/uploads\/sites\/17\/Bez-kategorii\/3102-1024x759.jpg 1024w, https:\/\/us.edu.pl\/wydzial\/wns\/wp-content\/uploads\/sites\/17\/Bez-kategorii\/3102-300x222.jpg 300w, https:\/\/us.edu.pl\/wydzial\/wns\/wp-content\/uploads\/sites\/17\/Bez-kategorii\/3102-768x569.jpg 768w, https:\/\/us.edu.pl\/wydzial\/wns\/wp-content\/uploads\/sites\/17\/Bez-kategorii\/3102-1536x1139.jpg 1536w, https:\/\/us.edu.pl\/wydzial\/wns\/wp-content\/uploads\/sites\/17\/Bez-kategorii\/3102-2048x1518.jpg 2048w, https:\/\/us.edu.pl\/wydzial\/wns\/wp-content\/uploads\/sites\/17\/Bez-kategorii\/3102-575x426.jpg 575w\" sizes=\"(max-width: 640px) 100vw, 640px\" \/><\/p>\n<\/div>\r\n                    <\/div>\r\n                <\/div>[\/vc_column][\/vc_row]<\/p>","protected":false},"excerpt":{"rendered":"<p>[vc_row][vc_column width=&#8221;2\/3&#8243;][\/vc_column][vc_column width=&#8221;1\/3&#8243;][\/vc_column][\/vc_row] [&#8230;]<\/p>\n<p><a class=\"btn btn-secondary understrap-read-more-link\" href=\"https:\/\/us.edu.pl\/wydzial\/wns\/2024\/10\/03\/wyjazd-szkoleniowy-pracownikow-instytutu-pedagogiki-do-danii\/\">Read More&#8230;<\/a><\/p>\n","protected":false},"author":133,"featured_media":168802,"comment_status":"open","ping_status":"open","sticky":false,"template":"","format":"standard","meta":{"_expiration-date-status":"","_expiration-date":0,"_expiration-date-type":"","_expiration-date-categories":[],"_expiration-date-options":[]},"categories":[146],"tags":[],"acf":[],"_links":{"self":[{"href":"https:\/\/us.edu.pl\/wydzial\/wns\/wp-json\/wp\/v2\/posts\/168801"}],"collection":[{"href":"https:\/\/us.edu.pl\/wydzial\/wns\/wp-json\/wp\/v2\/posts"}],"about":[{"href":"https:\/\/us.edu.pl\/wydzial\/wns\/wp-json\/wp\/v2\/types\/post"}],"author":[{"embeddable":true,"href":"https:\/\/us.edu.pl\/wydzial\/wns\/wp-json\/wp\/v2\/users\/133"}],"replies":[{"embeddable":true,"href":"https:\/\/us.edu.pl\/wydzial\/wns\/wp-json\/wp\/v2\/comments?post=168801"}],"version-history":[{"count":1,"href":"https:\/\/us.edu.pl\/wydzial\/wns\/wp-json\/wp\/v2\/posts\/168801\/revisions"}],"predecessor-version":[{"id":168805,"href":"https:\/\/us.edu.pl\/wydzial\/wns\/wp-json\/wp\/v2\/posts\/168801\/revisions\/168805"}],"wp:featuredmedia":[{"embeddable":true,"href":"https:\/\/us.edu.pl\/wydzial\/wns\/wp-json\/wp\/v2\/media\/168802"}],"wp:attachment":[{"href":"https:\/\/us.edu.pl\/wydzial\/wns\/wp-json\/wp\/v2\/media?parent=168801"}],"wp:term":[{"taxonomy":"category","embeddable":true,"href":"https:\/\/us.edu.pl\/wydzial\/wns\/wp-json\/wp\/v2\/categories?post=168801"},{"taxonomy":"post_tag","embeddable":true,"href":"https:\/\/us.edu.pl\/wydzial\/wns\/wp-json\/wp\/v2\/tags?post=168801"}],"curies":[{"name":"wp","href":"https:\/\/api.w.org\/{rel}","templated":true}]}}