{"id":169065,"date":"2024-10-07T08:17:51","date_gmt":"2024-10-07T06:17:51","guid":{"rendered":"https:\/\/us.edu.pl\/wydzial\/wns\/?p=169065"},"modified":"2024-10-07T09:26:02","modified_gmt":"2024-10-07T07:26:02","slug":"dr-hab-karina-leksy-z-nominacje-na-funkcje-krajowego-reprezentanta-unesco-chair-global-health-education","status":"publish","type":"post","link":"https:\/\/us.edu.pl\/wydzial\/wns\/2024\/10\/07\/dr-hab-karina-leksy-z-nominacje-na-funkcje-krajowego-reprezentanta-unesco-chair-global-health-education\/","title":{"rendered":"Dr hab. Karina Leksy z nominacj\u0105 na funkcj\u0119 Krajowego Reprezentanta UNESCO Chair Global Health &#038; Education"},"content":{"rendered":"<p>[vc_row][vc_column]\r\n                <div class=\"text-modules\">\r\n                    <div class=\"container\">\r\n                        \r\n                        <div class=\"text-modules__content\"><p>Wraz z pocz\u0105tkiem roku akademickiego 2024\/2025 dr hab. Karina Leksy z Instytutu Pedagogiki otrzyma\u0142a nominacj\u0119 na pe\u0142nienie funkcji Krajowego Reprezentanta UNESCO Chair Global Health &amp; Education. Misj\u0105 Organizacji jest tworzenie warunk\u00f3w dla jak najlepszego rozwoju, zdrowia i edukacji dzieci i m\u0142odzie\u017cy. UNESCO Chair oraz Centrum Wsp\u00f3\u0142pracy WHO ds. Globalnego Zdrowia i Edukacji tworz\u0105c globaln\u0105 spo\u0142eczno\u015b\u0107 chc\u0105 przyczyni\u0107 si\u0119 do poprawy zdrowia fizycznego i psychospo\u0142ecznego oraz dost\u0119pu do edukacji poprzez wsp\u00f3\u0142prac\u0119 interdyscyplinarn\u0105 i mi\u0119dzysektorow\u0105 na poziomie mi\u0119dzynarodowym i krajowym. \u00a0Reprezentant Krajowy UNESCO Chair Global Health &amp; Education pe\u0142ni rol\u0119 \u201e\u0142\u0105cznika\u201d pomi\u0119dzy inicjatywami o charakterze globalnym a poziomem krajowym i regionalnym, jak r\u00f3wnie\u017c or\u0119downika przemian spo\u0142eczno-kulturowych i systemowych s\u0142u\u017c\u0105cych zdrowiu i dobremu samopoczuciu dzieci i m\u0142odzie\u017cy w \u015brodowisku szkolnym, jak i poza nim.<\/p>\n<p>Wi\u0119cej informacji o \u00a0misji UNESCO Chair Global Health &amp; Education dost\u0119pne s\u0105 na stronie <a href=\"https:\/\/unescochair-ghe.org\/\">UNESCO Chair GHE \u2013 UNESCO Chair Global Health and Education Health Education, Prevention, Health Promotion, Children and Young People (unescochair-ghe.org)<\/a><\/p>\n<\/div>\r\n                    <\/div>\r\n                <\/div>[\/vc_column][\/vc_row]<\/p>","protected":false},"excerpt":{"rendered":"<p>[vc_row][vc_column][\/vc_column][\/vc_row] [&#8230;]<\/p>\n<p><a class=\"btn btn-secondary understrap-read-more-link\" href=\"https:\/\/us.edu.pl\/wydzial\/wns\/2024\/10\/07\/dr-hab-karina-leksy-z-nominacje-na-funkcje-krajowego-reprezentanta-unesco-chair-global-health-education\/\">Read More&#8230;<\/a><\/p>\n","protected":false},"author":134,"featured_media":169073,"comment_status":"open","ping_status":"open","sticky":false,"template":"","format":"standard","meta":{"_expiration-date-status":"","_expiration-date":0,"_expiration-date-type":"","_expiration-date-categories":[],"_expiration-date-options":[]},"categories":[11],"tags":[],"acf":[],"_links":{"self":[{"href":"https:\/\/us.edu.pl\/wydzial\/wns\/wp-json\/wp\/v2\/posts\/169065"}],"collection":[{"href":"https:\/\/us.edu.pl\/wydzial\/wns\/wp-json\/wp\/v2\/posts"}],"about":[{"href":"https:\/\/us.edu.pl\/wydzial\/wns\/wp-json\/wp\/v2\/types\/post"}],"author":[{"embeddable":true,"href":"https:\/\/us.edu.pl\/wydzial\/wns\/wp-json\/wp\/v2\/users\/134"}],"replies":[{"embeddable":true,"href":"https:\/\/us.edu.pl\/wydzial\/wns\/wp-json\/wp\/v2\/comments?post=169065"}],"version-history":[{"count":2,"href":"https:\/\/us.edu.pl\/wydzial\/wns\/wp-json\/wp\/v2\/posts\/169065\/revisions"}],"predecessor-version":[{"id":169076,"href":"https:\/\/us.edu.pl\/wydzial\/wns\/wp-json\/wp\/v2\/posts\/169065\/revisions\/169076"}],"wp:featuredmedia":[{"embeddable":true,"href":"https:\/\/us.edu.pl\/wydzial\/wns\/wp-json\/wp\/v2\/media\/169073"}],"wp:attachment":[{"href":"https:\/\/us.edu.pl\/wydzial\/wns\/wp-json\/wp\/v2\/media?parent=169065"}],"wp:term":[{"taxonomy":"category","embeddable":true,"href":"https:\/\/us.edu.pl\/wydzial\/wns\/wp-json\/wp\/v2\/categories?post=169065"},{"taxonomy":"post_tag","embeddable":true,"href":"https:\/\/us.edu.pl\/wydzial\/wns\/wp-json\/wp\/v2\/tags?post=169065"}],"curies":[{"name":"wp","href":"https:\/\/api.w.org\/{rel}","templated":true}]}}