{"id":171270,"date":"2024-11-25T09:09:57","date_gmt":"2024-11-25T08:09:57","guid":{"rendered":"https:\/\/us.edu.pl\/wydzial\/wns\/?p=171270"},"modified":"2024-11-25T09:09:57","modified_gmt":"2024-11-25T08:09:57","slug":"udzial-naszych-pracownikow-w-xxvi-ogolnopolskim-przegladzie-muzyki-wieziennej-blues-zza-krat","status":"publish","type":"post","link":"https:\/\/us.edu.pl\/wydzial\/wns\/2024\/11\/25\/udzial-naszych-pracownikow-w-xxvi-ogolnopolskim-przegladzie-muzyki-wieziennej-blues-zza-krat\/","title":{"rendered":"Udzia\u0142 naszych pracownik\u00f3w w XXVI Og\u00f3lnopolskim Przegl\u0105dzie Muzyki Wi\u0119ziennej \u201eBlues zza krat\u201d"},"content":{"rendered":"<p>[vc_row][vc_column width=&#8221;2\/3&#8243;]\r\n                <div class=\"text-modules\">\r\n                    <div class=\"container\">\r\n                        \r\n                        <div class=\"text-modules__content\"><p>Pracownicy naszego wydzia\u0142u: dr Monika Noszczyk-Bernasiewicz oraz dr hab. Maciej Bernasiewicz, prof. U\u015a wyk\u0142adaj\u0105cy na specjalno\u015bci pedagogika resocjalizacyjna z penitencjarystyk\u0105 w dniu 21 listopada 2024 roku wzi\u0119li udzia\u0142 \u00a0w XXVI Og\u00f3lnopolskim Przegl\u0105dzie Muzyki Wi\u0119ziennej <a href=\"https:\/\/sw.gov.pl\/aktualnosc\/zaklad-karny-wojkowice-xxvi-final-blues-zza-krat\">\u201eBlues zza krat\u201d.<\/a><\/p>\n<p>Konkurs odbywa si\u0119 cyklicznie w Zak\u0142adzie Karnym w Wojkowicach i gromadzi najlepsze zespo\u0142y zak\u0142adane przez osadzonych z zak\u0142ad\u00f3w karnych z ca\u0142ej Polski.<\/p>\n<p>Koncert fina\u0142owy poprzedzi\u0142y wst\u0119pne eliminacje na\u00a0kt\u00f3re nades\u0142ano 17 zg\u0142osze\u0144. Finalnie na\u00a0deskach wojkowickiej sceny swoje umiej\u0119tno\u015bci wokalne zaprezentowa\u0142o 7\u00a0wykonawc\u00f3w. Prezentowany repertuar cieszy\u0142 si\u0119 du\u017cym zainteresowaniem zaproszonych go\u015bci, w\u00a0tym skazanych zasiadaj\u0105cych w\u00a0roli publiczno\u015bci. W koncercie fina\u0142owym o\u00a0g\u0142\u00f3wn\u0105 nagrod\u0119 walczy\u0142y zespo\u0142y i\u00a0soli\u015bci z\u00a0jednostek penitencjarnych z\u00a0Zabrza, Strzelec Opolskich, Radomia, Kami\u0144ska, Czerwonego Boru, Opola Lubelskiego, Krzywa\u0144ca, Goleniowa, Gda\u0144ska, Sztumu, Nowego S\u0105cza, Ole\u015bnicy oraz\u00a0Wojkowic.<\/p>\n<p>Sukces odniesiony na\u00a0deskach wi\u0119ziennej sceny niekt\u00f3rym skazanym wyznacza kierunek, w\u00a0kt\u00f3ry warto dalej p\u00f3j\u015b\u0107. Z perspektywy XXVI ju\u017c edycji konkursu mo\u017cna stwierdzi\u0107, \u017ce\u00a0cho\u0107 nie jest to\u00a0metoda resocjalizacji dla ka\u017cdego, wielu by\u0142ym skazanym to\u00a0w\u0142a\u015bnie tworzenie muzyki i\u00a0dzielenie si\u0119 ni\u0105 pomog\u0142o wyj\u015b\u0107 na\u00a0prost\u0105.<\/p>\n<\/div>\r\n                    <\/div>\r\n                <\/div>[\/vc_column][vc_column width=&#8221;1\/3&#8243;]\r\n                <div class=\"text-modules\">\r\n                    <div class=\"container\">\r\n                        \r\n                        <div class=\"text-modules__content\"><p><img class=\"alignnone wp-image-171280 size-large\" src=\"https:\/\/us.edu.pl\/wydzial\/wns\/wp-content\/uploads\/sites\/17\/Bez-kategorii\/DSC_0710-1024x742.jpg\" alt=\"\" width=\"640\" height=\"464\" srcset=\"https:\/\/us.edu.pl\/wydzial\/wns\/wp-content\/uploads\/sites\/17\/Bez-kategorii\/DSC_0710-1024x742.jpg 1024w, https:\/\/us.edu.pl\/wydzial\/wns\/wp-content\/uploads\/sites\/17\/Bez-kategorii\/DSC_0710-300x217.jpg 300w, https:\/\/us.edu.pl\/wydzial\/wns\/wp-content\/uploads\/sites\/17\/Bez-kategorii\/DSC_0710-768x556.jpg 768w, https:\/\/us.edu.pl\/wydzial\/wns\/wp-content\/uploads\/sites\/17\/Bez-kategorii\/DSC_0710-1536x1112.jpg 1536w, https:\/\/us.edu.pl\/wydzial\/wns\/wp-content\/uploads\/sites\/17\/Bez-kategorii\/DSC_0710-2048x1483.jpg 2048w, https:\/\/us.edu.pl\/wydzial\/wns\/wp-content\/uploads\/sites\/17\/Bez-kategorii\/DSC_0710-575x416.jpg 575w\" sizes=\"(max-width: 640px) 100vw, 640px\" \/><\/p>\n<\/div>\r\n                    <\/div>\r\n                <\/div>[\/vc_column][\/vc_row]<\/p>","protected":false},"excerpt":{"rendered":"<p>[vc_row][vc_column width=&#8221;2\/3&#8243;][\/vc_column][vc_column width=&#8221;1\/3&#8243;][\/vc_column][\/vc_row] [&#8230;]<\/p>\n<p><a class=\"btn btn-secondary understrap-read-more-link\" href=\"https:\/\/us.edu.pl\/wydzial\/wns\/2024\/11\/25\/udzial-naszych-pracownikow-w-xxvi-ogolnopolskim-przegladzie-muzyki-wieziennej-blues-zza-krat\/\">Read More&#8230;<\/a><\/p>\n","protected":false},"author":133,"featured_media":171284,"comment_status":"open","ping_status":"open","sticky":false,"template":"","format":"standard","meta":{"_expiration-date-status":"","_expiration-date":0,"_expiration-date-type":"","_expiration-date-categories":[],"_expiration-date-options":[]},"categories":[146],"tags":[],"acf":[],"_links":{"self":[{"href":"https:\/\/us.edu.pl\/wydzial\/wns\/wp-json\/wp\/v2\/posts\/171270"}],"collection":[{"href":"https:\/\/us.edu.pl\/wydzial\/wns\/wp-json\/wp\/v2\/posts"}],"about":[{"href":"https:\/\/us.edu.pl\/wydzial\/wns\/wp-json\/wp\/v2\/types\/post"}],"author":[{"embeddable":true,"href":"https:\/\/us.edu.pl\/wydzial\/wns\/wp-json\/wp\/v2\/users\/133"}],"replies":[{"embeddable":true,"href":"https:\/\/us.edu.pl\/wydzial\/wns\/wp-json\/wp\/v2\/comments?post=171270"}],"version-history":[{"count":1,"href":"https:\/\/us.edu.pl\/wydzial\/wns\/wp-json\/wp\/v2\/posts\/171270\/revisions"}],"predecessor-version":[{"id":171286,"href":"https:\/\/us.edu.pl\/wydzial\/wns\/wp-json\/wp\/v2\/posts\/171270\/revisions\/171286"}],"wp:featuredmedia":[{"embeddable":true,"href":"https:\/\/us.edu.pl\/wydzial\/wns\/wp-json\/wp\/v2\/media\/171284"}],"wp:attachment":[{"href":"https:\/\/us.edu.pl\/wydzial\/wns\/wp-json\/wp\/v2\/media?parent=171270"}],"wp:term":[{"taxonomy":"category","embeddable":true,"href":"https:\/\/us.edu.pl\/wydzial\/wns\/wp-json\/wp\/v2\/categories?post=171270"},{"taxonomy":"post_tag","embeddable":true,"href":"https:\/\/us.edu.pl\/wydzial\/wns\/wp-json\/wp\/v2\/tags?post=171270"}],"curies":[{"name":"wp","href":"https:\/\/api.w.org\/{rel}","templated":true}]}}