{"id":172923,"date":"2025-01-21T09:42:22","date_gmt":"2025-01-21T08:42:22","guid":{"rendered":"https:\/\/us.edu.pl\/wydzial\/wns\/?p=172923"},"modified":"2025-01-21T09:42:22","modified_gmt":"2025-01-21T08:42:22","slug":"dr-anna-pyszkowska-uzyskala-finansowanie-w-ramach-konkursu-rownosc-i-roznorodnosc-w-badaniach-naukowych-iii-edycja","status":"publish","type":"post","link":"https:\/\/us.edu.pl\/wydzial\/wns\/2025\/01\/21\/dr-anna-pyszkowska-uzyskala-finansowanie-w-ramach-konkursu-rownosc-i-roznorodnosc-w-badaniach-naukowych-iii-edycja\/","title":{"rendered":"Dr Anna Pyszkowska uzyska\u0142a finansowanie w ramach konkursu &#8222;R\u00f3wno\u015b\u0107 i r\u00f3\u017cnorodno\u015b\u0107 w badaniach naukowych \u2013 III edycja&#8221;"},"content":{"rendered":"<p>[vc_row][vc_column width=&#8221;1\/2&#8243;]\r\n                <div class=\"text-modules\">\r\n                    <div class=\"container\">\r\n                        \r\n                        <div class=\"text-modules__content\"><\/p>\n<div>\n<div dir=\"auto\">\n<p>Dr Anna Pyszkowska uzyska\u0142a finansowanie w ramach konkursu &#8222;R\u00f3wno\u015b\u0107 i r\u00f3\u017cnorodno\u015b\u0107 w badaniach naukowych \u2013 III edycja&#8221;, kt\u00f3ry by\u0142 organizowany przez Inicjatyw\u0119 Doskona\u0142o\u015bci Badawczej Uniwersytetu \u015al\u0105skiego w Katowicach.<\/p>\n<\/div>\n<\/div>\n<div>\n<div dir=\"auto\">\n<p>Tytu\u0142 projektu to: &#8222;Konceptualizacja do\u015bwiadcze\u0144 inercji przez osoby neuroatypowe i walidacja autorskiego narz\u0119dzia The Inertia Scale (Skala Inercji) \u2013 badanie pilota\u017cowe&#8221;. W ramach projektu zostan\u0105 przeprowadzone dwa badania maj\u0105ce na celu walidacj\u0119 narz\u0119dzia do mierzenia zjawiska inercji, czyli poczucia bezw\u0142adu poznawczego i fizycznego, w\u015br\u00f3d os\u00f3b neuroatypowych (w spektrum autyzmu i\/lub z ADHD).<\/p>\n<\/div>\n<\/div>\n<div>\n<div dir=\"auto\">Wyniki umo\u017cliwi\u0105 stworzenie pierwszej naukowej konceptualizacji inercji, kt\u00f3ra dotychczas nie by\u0142a badana w spos\u00f3b ilo\u015bciowy. Uzyskane \u015brodki pozwol\u0105 na op\u0142acenie uczestnictwa osobom badanym.<\/div>\n<\/div>\n<p>\n<\/div>\r\n                    <\/div>\r\n                <\/div>[\/vc_column][vc_column width=&#8221;1\/2&#8243;]\r\n                <div class=\"text-modules\">\r\n                    <div class=\"container\">\r\n                        \r\n                        <div class=\"text-modules__content\"><p><img class=\"alignnone size-medium wp-image-5653\" src=\"https:\/\/us.edu.pl\/wydzial\/wns\/wp-content\/uploads\/sites\/17\/Nieprzypisane\/Anna_Pyszkowska_tlo-300x225.png\" alt=\"dr Anna Pyszkowska\" width=\"300\" height=\"225\" srcset=\"https:\/\/us.edu.pl\/wydzial\/wns\/wp-content\/uploads\/sites\/17\/Nieprzypisane\/Anna_Pyszkowska_tlo-300x225.png 300w, https:\/\/us.edu.pl\/wydzial\/wns\/wp-content\/uploads\/sites\/17\/Nieprzypisane\/Anna_Pyszkowska_tlo-768x576.png 768w, https:\/\/us.edu.pl\/wydzial\/wns\/wp-content\/uploads\/sites\/17\/Nieprzypisane\/Anna_Pyszkowska_tlo-575x431.png 575w, https:\/\/us.edu.pl\/wydzial\/wns\/wp-content\/uploads\/sites\/17\/Nieprzypisane\/Anna_Pyszkowska_tlo.png 800w\" sizes=\"(max-width: 300px) 100vw, 300px\" \/><\/p>\n<p>dr Anna Pyszkowska<\/p>\n<\/div>\r\n                    <\/div>\r\n                <\/div>[\/vc_column][\/vc_row]<\/p>","protected":false},"excerpt":{"rendered":"<p>[vc_row][vc_column width=&#8221;1\/2&#8243;][\/vc_column][vc_column width=&#8221;1\/2&#8243;][\/vc_column][\/vc_row] [&#8230;]<\/p>\n<p><a class=\"btn btn-secondary understrap-read-more-link\" href=\"https:\/\/us.edu.pl\/wydzial\/wns\/2025\/01\/21\/dr-anna-pyszkowska-uzyskala-finansowanie-w-ramach-konkursu-rownosc-i-roznorodnosc-w-badaniach-naukowych-iii-edycja\/\">Read More&#8230;<\/a><\/p>\n","protected":false},"author":133,"featured_media":5653,"comment_status":"open","ping_status":"open","sticky":false,"template":"","format":"standard","meta":{"_expiration-date-status":"","_expiration-date":0,"_expiration-date-type":"","_expiration-date-categories":[],"_expiration-date-options":[]},"categories":[146],"tags":[],"acf":[],"_links":{"self":[{"href":"https:\/\/us.edu.pl\/wydzial\/wns\/wp-json\/wp\/v2\/posts\/172923"}],"collection":[{"href":"https:\/\/us.edu.pl\/wydzial\/wns\/wp-json\/wp\/v2\/posts"}],"about":[{"href":"https:\/\/us.edu.pl\/wydzial\/wns\/wp-json\/wp\/v2\/types\/post"}],"author":[{"embeddable":true,"href":"https:\/\/us.edu.pl\/wydzial\/wns\/wp-json\/wp\/v2\/users\/133"}],"replies":[{"embeddable":true,"href":"https:\/\/us.edu.pl\/wydzial\/wns\/wp-json\/wp\/v2\/comments?post=172923"}],"version-history":[{"count":1,"href":"https:\/\/us.edu.pl\/wydzial\/wns\/wp-json\/wp\/v2\/posts\/172923\/revisions"}],"predecessor-version":[{"id":172927,"href":"https:\/\/us.edu.pl\/wydzial\/wns\/wp-json\/wp\/v2\/posts\/172923\/revisions\/172927"}],"wp:featuredmedia":[{"embeddable":true,"href":"https:\/\/us.edu.pl\/wydzial\/wns\/wp-json\/wp\/v2\/media\/5653"}],"wp:attachment":[{"href":"https:\/\/us.edu.pl\/wydzial\/wns\/wp-json\/wp\/v2\/media?parent=172923"}],"wp:term":[{"taxonomy":"category","embeddable":true,"href":"https:\/\/us.edu.pl\/wydzial\/wns\/wp-json\/wp\/v2\/categories?post=172923"},{"taxonomy":"post_tag","embeddable":true,"href":"https:\/\/us.edu.pl\/wydzial\/wns\/wp-json\/wp\/v2\/tags?post=172923"}],"curies":[{"name":"wp","href":"https:\/\/api.w.org\/{rel}","templated":true}]}}