{"id":175868,"date":"2025-02-27T09:02:26","date_gmt":"2025-02-27T08:02:26","guid":{"rendered":"https:\/\/us.edu.pl\/wydzial\/wns\/?p=175868"},"modified":"2025-02-27T09:02:26","modified_gmt":"2025-02-27T08:02:26","slug":"spotkanie-informacyjne-na-temat-programu-erasmus-dla-osob-studiujacych-pedagogike-i-psychologie","status":"publish","type":"post","link":"https:\/\/us.edu.pl\/wydzial\/wns\/2025\/02\/27\/spotkanie-informacyjne-na-temat-programu-erasmus-dla-osob-studiujacych-pedagogike-i-psychologie\/","title":{"rendered":"Spotkanie informacyjne na temat Programu Erasmus dla os\u00f3b studiuj\u0105cych pedagogik\u0119 i psychologi\u0119"},"content":{"rendered":"<p>[vc_row][vc_column width=&#8221;1\/2&#8243;]\r\n                <div class=\"text-modules\">\r\n                    <div class=\"container\">\r\n                        \r\n                        <div class=\"text-modules__content\"><p>Serdecznie zapraszamy na spotkanie informacyjne na temat Programu Erasmus dla os\u00f3b studiuj\u0105cych pedagogik\u0119 i psychologi\u0119.<\/p>\n<p>W czasie spotkania dowiesz si\u0119, dok\u0105d mo\u017cesz wyjecha\u0107 i jak wygl\u0105da procedura rekrutacyjna, poznasz historie os\u00f3b, kt\u00f3re zdecydowa\u0142y si\u0119 na studia za granic\u0105 i przekonasz si\u0119, \u017ce przygoda z Uniwersytetem nie musi ko\u0144czy\u0107 si\u0119 w Katowicach!<\/p>\n<p>Kiedy? wtorek, 04 marca, godz. 11:30<\/p>\n<p>Gdzie? Strefa studenta &#8211; WNS, Gra\u017cy\u0144skiego 53<\/p>\n<\/div>\r\n                    <\/div>\r\n                <\/div>[\/vc_column][vc_column width=&#8221;1\/2&#8243;]\r\n                <div class=\"text-modules\">\r\n                    <div class=\"container\">\r\n                        \r\n                        <div class=\"text-modules__content\"><p><img class=\"alignnone wp-image-175871 size-full\" src=\"https:\/\/us.edu.pl\/wydzial\/wns\/wp-content\/uploads\/sites\/17\/Bez-kategorii\/Tim.jpg\" alt=\"\" width=\"940\" height=\"788\" srcset=\"https:\/\/us.edu.pl\/wydzial\/wns\/wp-content\/uploads\/sites\/17\/Bez-kategorii\/Tim.jpg 940w, https:\/\/us.edu.pl\/wydzial\/wns\/wp-content\/uploads\/sites\/17\/Bez-kategorii\/Tim-300x251.jpg 300w, https:\/\/us.edu.pl\/wydzial\/wns\/wp-content\/uploads\/sites\/17\/Bez-kategorii\/Tim-768x644.jpg 768w, https:\/\/us.edu.pl\/wydzial\/wns\/wp-content\/uploads\/sites\/17\/Bez-kategorii\/Tim-575x482.jpg 575w\" sizes=\"(max-width: 940px) 100vw, 940px\" \/><\/p>\n<\/div>\r\n                    <\/div>\r\n                <\/div>[\/vc_column][\/vc_row]<\/p>","protected":false},"excerpt":{"rendered":"<p>[vc_row][vc_column width=&#8221;1\/2&#8243;][\/vc_column][vc_column width=&#8221;1\/2&#8243;][\/vc_column][\/vc_row] [&#8230;]<\/p>\n<p><a class=\"btn btn-secondary understrap-read-more-link\" href=\"https:\/\/us.edu.pl\/wydzial\/wns\/2025\/02\/27\/spotkanie-informacyjne-na-temat-programu-erasmus-dla-osob-studiujacych-pedagogike-i-psychologie\/\">Read More&#8230;<\/a><\/p>\n","protected":false},"author":133,"featured_media":163786,"comment_status":"open","ping_status":"open","sticky":false,"template":"","format":"standard","meta":{"_expiration-date-status":"","_expiration-date":0,"_expiration-date-type":"","_expiration-date-categories":[],"_expiration-date-options":[]},"categories":[11],"tags":[],"acf":[],"_links":{"self":[{"href":"https:\/\/us.edu.pl\/wydzial\/wns\/wp-json\/wp\/v2\/posts\/175868"}],"collection":[{"href":"https:\/\/us.edu.pl\/wydzial\/wns\/wp-json\/wp\/v2\/posts"}],"about":[{"href":"https:\/\/us.edu.pl\/wydzial\/wns\/wp-json\/wp\/v2\/types\/post"}],"author":[{"embeddable":true,"href":"https:\/\/us.edu.pl\/wydzial\/wns\/wp-json\/wp\/v2\/users\/133"}],"replies":[{"embeddable":true,"href":"https:\/\/us.edu.pl\/wydzial\/wns\/wp-json\/wp\/v2\/comments?post=175868"}],"version-history":[{"count":1,"href":"https:\/\/us.edu.pl\/wydzial\/wns\/wp-json\/wp\/v2\/posts\/175868\/revisions"}],"predecessor-version":[{"id":175875,"href":"https:\/\/us.edu.pl\/wydzial\/wns\/wp-json\/wp\/v2\/posts\/175868\/revisions\/175875"}],"wp:featuredmedia":[{"embeddable":true,"href":"https:\/\/us.edu.pl\/wydzial\/wns\/wp-json\/wp\/v2\/media\/163786"}],"wp:attachment":[{"href":"https:\/\/us.edu.pl\/wydzial\/wns\/wp-json\/wp\/v2\/media?parent=175868"}],"wp:term":[{"taxonomy":"category","embeddable":true,"href":"https:\/\/us.edu.pl\/wydzial\/wns\/wp-json\/wp\/v2\/categories?post=175868"},{"taxonomy":"post_tag","embeddable":true,"href":"https:\/\/us.edu.pl\/wydzial\/wns\/wp-json\/wp\/v2\/tags?post=175868"}],"curies":[{"name":"wp","href":"https:\/\/api.w.org\/{rel}","templated":true}]}}