{"id":176106,"date":"2025-03-03T13:08:19","date_gmt":"2025-03-03T12:08:19","guid":{"rendered":"https:\/\/us.edu.pl\/wydzial\/wns\/?p=176106"},"modified":"2025-03-03T13:12:33","modified_gmt":"2025-03-03T12:12:33","slug":"trzy-lata-pozniej-debata-w-rocznice-wielkoskalowej-napasci-rosji-na-ukraine-galeria-z-wydarzenia","status":"publish","type":"post","link":"https:\/\/us.edu.pl\/wydzial\/wns\/2025\/03\/03\/trzy-lata-pozniej-debata-w-rocznice-wielkoskalowej-napasci-rosji-na-ukraine-galeria-z-wydarzenia\/","title":{"rendered":"Trzy lata p\u00f3\u017aniej \u2013 debata w rocznic\u0119 wielkoskalowej napa\u015bci Rosji na Ukrain\u0119 &#8211; podsumowanie wydarzenia"},"content":{"rendered":"<p>[vc_row][vc_column]\r\n                <div class=\"text-modules\">\r\n                    <div class=\"container\">\r\n                        \r\n                        <div class=\"text-modules__content\"><p>Trzy lata mijaj\u0105 od 24 lutego 2022 roku, kiedy Federacja Rosyjska rozpocz\u0119\u0142a zmasowany atak na Ukrain\u0119. W bestialski spos\u00f3b tragedia wojny w dalszym ci\u0105gu dotyka naszych s\u0105siad\u00f3w. Wydarzenie to spowodowa\u0142o tak\u017ce masowy exodus wielu mieszka\u0144c\u00f3w Ukrainy, kt\u00f3rzy zmuszeni zostali do opuszczenia swojej ojczyzny. Wielu z nich pr\u00f3buje przetrwa\u0107 ten czas w naszym kraju, na r\u00f3\u017cne sposoby \u2013 tak\u017ce poprzez prac\u0119 czy edukacj\u0119 \u2013 adaptuj\u0105c si\u0119 do nowej sytuacji.<\/p>\n<p><strong>W jaki spos\u00f3b ostatnie trzy lata wojny zmieni\u0142y \u015bwiat?<\/strong><\/p>\n<p><strong>Jaki jest obecny stan relacji polsko-ukrai\u0144skich?<\/strong><\/p>\n<p><strong>Czy os\u0142abi\u0142a si\u0119 nasza gotowo\u015b\u0107 pomagania wojennym uciekinierom?<\/strong><\/p>\n<p><strong>Za pomoc\u0105 jakich metod politycy instrumentalizuj\u0105 sytuacj\u0119 uchod\u017ac\u00f3w na potrzeby bie\u017c\u0105cej politycznej walki?<\/strong><\/p>\n<p><strong>Czy geopolityczne przetasowania 2025 roku mog\u0105 stanowi\u0107 jak\u0105\u015b szans\u0119 na sprawiedliwy pok\u00f3j?<\/strong><\/p>\n<p>Mi\u0119dzy innymi z tymi pytaniami mierzyli si\u0119 zaproszeni do dyskusji go\u015bcie: prof. Tadeusz S\u0142awek (Rektor U\u015a w latach 1996-2002), dr hab. Ewa Bielska prof. U\u015a (Instytut Pedagogiki), dr hab. Marek Migalski, prof. U\u015a (Instytut Nauk Politycznych), dr hab. Yuliana Palagnyuk, prof. U\u015a (Instytut Dziennikarstwa i Komunikacji Medialnej), dr Marcin Moro\u0144 (Instytut Psychologii) oraz moderator spotkania dr Rafa\u0142 Cekiera, prof. U\u015a (Instytut Socjologii).<\/p>\n<p>Materia\u0142 jest dost\u0119pny pod linkiem :<br \/>\n<a href=\"https:\/\/youtube.com\/live\/-ryewQtNbsY\">https:\/\/youtube.com\/live\/-ryewQtNbsY<\/a><\/p>\n<p>Patronat nad spotkaniem, kt\u00f3re odby\u0142o si\u0119 26 lutego br. obj\u0119\u0142a Dziekana Wydzia\u0142u Nauk Spo\u0142ecznych dr hab. Ma\u0142gorzata My\u015bliwiec, prof. U\u015a.<\/p>\n<p>\n<\/div>\r\n                    <\/div>\r\n                <\/div>[\/vc_column][\/vc_row][vc_row][vc_column]            \r\n                    <div class=\"container\">\r\n                        <div class=\"gallery gallery_4\" data-images-in-row=\"4\">\r\n                            \r\n                            <div class=\"row m-0\">\r\n                                <a data-fancybox-group=\"button\" title=\"\" data-fancybox=\"9555\" href=\"https:\/\/us.edu.pl\/wydzial\/wns\/wp-content\/uploads\/sites\/17\/Bez-kategorii\/Fot._Matylda_Klos_-101-scaled.jpg\" class=\"gallery__item thumbnail\"\r\n                                    style=\"background-image: url(https:\/\/us.edu.pl\/wydzial\/wns\/wp-content\/uploads\/sites\/17\/Bez-kategorii\/Fot._Matylda_Klos_-101-1024x683.jpg)\"> <span class=\"d-none\">https:\/\/us.edu.pl\/wydzial\/wns\/wp-content\/uploads\/sites\/17\/Bez-kategorii\/Fot._Matylda_Klos_-101-scaled.jpg<\/span> <\/a><a data-fancybox-group=\"button\" title=\"\" data-fancybox=\"9555\" href=\"https:\/\/us.edu.pl\/wydzial\/wns\/wp-content\/uploads\/sites\/17\/Bez-kategorii\/Fot._Matylda_Klos_-121-scaled.jpg\" class=\"gallery__item thumbnail\"\r\n                                    style=\"background-image: url(https:\/\/us.edu.pl\/wydzial\/wns\/wp-content\/uploads\/sites\/17\/Bez-kategorii\/Fot._Matylda_Klos_-121-1024x683.jpg)\"> <span class=\"d-none\">https:\/\/us.edu.pl\/wydzial\/wns\/wp-content\/uploads\/sites\/17\/Bez-kategorii\/Fot._Matylda_Klos_-121-scaled.jpg<\/span> <\/a><a data-fancybox-group=\"button\" title=\"\" data-fancybox=\"9555\" href=\"https:\/\/us.edu.pl\/wydzial\/wns\/wp-content\/uploads\/sites\/17\/Bez-kategorii\/Fot._Matylda_Klos_-131-scaled.jpg\" class=\"gallery__item thumbnail\"\r\n                                    style=\"background-image: url(https:\/\/us.edu.pl\/wydzial\/wns\/wp-content\/uploads\/sites\/17\/Bez-kategorii\/Fot._Matylda_Klos_-131-1024x683.jpg)\"> <span class=\"d-none\">https:\/\/us.edu.pl\/wydzial\/wns\/wp-content\/uploads\/sites\/17\/Bez-kategorii\/Fot._Matylda_Klos_-131-scaled.jpg<\/span> <\/a><a data-fancybox-group=\"button\" title=\"\" data-fancybox=\"9555\" href=\"https:\/\/us.edu.pl\/wydzial\/wns\/wp-content\/uploads\/sites\/17\/Bez-kategorii\/Fot._Matylda_Klos_-221-scaled.jpg\" class=\"gallery__item thumbnail\"\r\n                                    style=\"background-image: url(https:\/\/us.edu.pl\/wydzial\/wns\/wp-content\/uploads\/sites\/17\/Bez-kategorii\/Fot._Matylda_Klos_-221-1024x683.jpg)\"> <span class=\"d-none\">https:\/\/us.edu.pl\/wydzial\/wns\/wp-content\/uploads\/sites\/17\/Bez-kategorii\/Fot._Matylda_Klos_-221-scaled.jpg<\/span> <\/a>\r\n                            <\/div>\r\n                    <\/div>\r\n                <\/div>[\/vc_column][\/vc_row]<\/p>","protected":false},"excerpt":{"rendered":"<p>[vc_row][vc_column][\/vc_column][\/vc_row][vc_row][vc_column][\/vc_column][\/vc_row] [&#8230;]<\/p>\n<p><a class=\"btn btn-secondary understrap-read-more-link\" href=\"https:\/\/us.edu.pl\/wydzial\/wns\/2025\/03\/03\/trzy-lata-pozniej-debata-w-rocznice-wielkoskalowej-napasci-rosji-na-ukraine-galeria-z-wydarzenia\/\">Read More&#8230;<\/a><\/p>\n","protected":false},"author":133,"featured_media":176118,"comment_status":"open","ping_status":"open","sticky":false,"template":"","format":"standard","meta":{"_expiration-date-status":"","_expiration-date":0,"_expiration-date-type":"","_expiration-date-categories":[],"_expiration-date-options":[]},"categories":[11],"tags":[],"acf":[],"_links":{"self":[{"href":"https:\/\/us.edu.pl\/wydzial\/wns\/wp-json\/wp\/v2\/posts\/176106"}],"collection":[{"href":"https:\/\/us.edu.pl\/wydzial\/wns\/wp-json\/wp\/v2\/posts"}],"about":[{"href":"https:\/\/us.edu.pl\/wydzial\/wns\/wp-json\/wp\/v2\/types\/post"}],"author":[{"embeddable":true,"href":"https:\/\/us.edu.pl\/wydzial\/wns\/wp-json\/wp\/v2\/users\/133"}],"replies":[{"embeddable":true,"href":"https:\/\/us.edu.pl\/wydzial\/wns\/wp-json\/wp\/v2\/comments?post=176106"}],"version-history":[{"count":3,"href":"https:\/\/us.edu.pl\/wydzial\/wns\/wp-json\/wp\/v2\/posts\/176106\/revisions"}],"predecessor-version":[{"id":176140,"href":"https:\/\/us.edu.pl\/wydzial\/wns\/wp-json\/wp\/v2\/posts\/176106\/revisions\/176140"}],"wp:featuredmedia":[{"embeddable":true,"href":"https:\/\/us.edu.pl\/wydzial\/wns\/wp-json\/wp\/v2\/media\/176118"}],"wp:attachment":[{"href":"https:\/\/us.edu.pl\/wydzial\/wns\/wp-json\/wp\/v2\/media?parent=176106"}],"wp:term":[{"taxonomy":"category","embeddable":true,"href":"https:\/\/us.edu.pl\/wydzial\/wns\/wp-json\/wp\/v2\/categories?post=176106"},{"taxonomy":"post_tag","embeddable":true,"href":"https:\/\/us.edu.pl\/wydzial\/wns\/wp-json\/wp\/v2\/tags?post=176106"}],"curies":[{"name":"wp","href":"https:\/\/api.w.org\/{rel}","templated":true}]}}