{"id":177208,"date":"2025-03-27T12:02:08","date_gmt":"2025-03-27T11:02:08","guid":{"rendered":"https:\/\/us.edu.pl\/wydzial\/wns\/?p=177208"},"modified":"2025-03-27T12:02:08","modified_gmt":"2025-03-27T11:02:08","slug":"pani-ambasador-marzenna-adamczyk-gosciem-spotkania-z-dyplomacja","status":"publish","type":"post","link":"https:\/\/us.edu.pl\/wydzial\/wns\/2025\/03\/27\/pani-ambasador-marzenna-adamczyk-gosciem-spotkania-z-dyplomacja\/","title":{"rendered":"Pani Ambasador Marzenna Adamczyk go\u015bciem &#8222;Spotkania z dyplomacj\u0105\u201d"},"content":{"rendered":"<p>[vc_row][vc_column width=&#8221;2\/3&#8243;]\r\n                <div class=\"text-modules\">\r\n                    <div class=\"container\">\r\n                        \r\n                        <div class=\"text-modules__content\"><p>We wtorek 25 marca 2025r. odby\u0142o si\u0119 kolejne &#8222;Spotkanie z dyplomacj\u0105\u201d organizowane przez kierunek Mi\u0119dzynarodowe studia nauk politycznych i dyplomacji we wsp\u00f3\u0142pracy z Ko\u0142em Spraw Europejskich i Dyplomacji. Tym razem mieli\u015bmy zaszczyt go\u015bci\u0107 Pani\u0105 Ambasador Marzenn\u0119 Adamczyk, wybitn\u0105 ekspertk\u0119 w zakresie dyplomacji!<\/p>\n<p>To by\u0142o doskona\u0142e wydarzenie, kt\u00f3re pozwoli\u0142o zg\u0142\u0119bi\u0107 osobom studiuj\u0105cym tajniki pracy dyplomatycznej. Dzi\u0119ki bogatemu do\u015bwiadczeniu Pani Ambasador, nasi studenci i studentki dowiedzieli si\u0119, czego dyplomata powinien unika\u0107 oraz jak godnie reprezentowa\u0107 swoje pa\u0144stwo.<\/p>\n<p>Mo\u017cliwo\u015b\u0107 zadawania pyta\u0144 i uzyskania cennych wskaz\u00f3wek z pewno\u015bci\u0105 zainspirowa\u0142a uczestnik\u00f3w do poszerzania swoich horyzont\u00f3w!<\/p>\n<p>Dzi\u0119kujemy wszystkim za udzia\u0142 i zach\u0119camy do obserwowania naszych przysz\u0142ych wydarze\u0144!<\/p>\n<\/div>\r\n                    <\/div>\r\n                <\/div>[\/vc_column][vc_column width=&#8221;1\/3&#8243;]\r\n                <div class=\"text-modules\">\r\n                    <div class=\"container\">\r\n                        \r\n                        <div class=\"text-modules__content\"><p><img class=\"alignnone size-medium wp-image-177223\" src=\"https:\/\/us.edu.pl\/wydzial\/wns\/wp-content\/uploads\/sites\/17\/Bez-kategorii\/Z5-300x157.jpg\" alt=\"Pani Ambasador Marzenna Adamczyk i go\u015bcie spotkania\" width=\"300\" height=\"157\" srcset=\"https:\/\/us.edu.pl\/wydzial\/wns\/wp-content\/uploads\/sites\/17\/Bez-kategorii\/Z5-300x157.jpg 300w, https:\/\/us.edu.pl\/wydzial\/wns\/wp-content\/uploads\/sites\/17\/Bez-kategorii\/Z5-1024x537.jpg 1024w, https:\/\/us.edu.pl\/wydzial\/wns\/wp-content\/uploads\/sites\/17\/Bez-kategorii\/Z5-768x403.jpg 768w, https:\/\/us.edu.pl\/wydzial\/wns\/wp-content\/uploads\/sites\/17\/Bez-kategorii\/Z5-1536x805.jpg 1536w, https:\/\/us.edu.pl\/wydzial\/wns\/wp-content\/uploads\/sites\/17\/Bez-kategorii\/Z5-2048x1074.jpg 2048w, https:\/\/us.edu.pl\/wydzial\/wns\/wp-content\/uploads\/sites\/17\/Bez-kategorii\/Z5-1100x575.jpg 1100w, https:\/\/us.edu.pl\/wydzial\/wns\/wp-content\/uploads\/sites\/17\/Bez-kategorii\/Z5-575x301.jpg 575w\" sizes=\"(max-width: 300px) 100vw, 300px\" \/><\/p>\n<p><img class=\"alignnone size-medium wp-image-177219\" src=\"https:\/\/us.edu.pl\/wydzial\/wns\/wp-content\/uploads\/sites\/17\/Bez-kategorii\/Z4-1-300x217.jpg\" alt=\"Pani Ambasador Marzenna Adamczyk i Rektor U\u015a prof. zw. dr hab. Ryszard Kozio\u0142ek\" width=\"300\" height=\"217\" srcset=\"https:\/\/us.edu.pl\/wydzial\/wns\/wp-content\/uploads\/sites\/17\/Bez-kategorii\/Z4-1-300x217.jpg 300w, https:\/\/us.edu.pl\/wydzial\/wns\/wp-content\/uploads\/sites\/17\/Bez-kategorii\/Z4-1-1024x742.jpg 1024w, https:\/\/us.edu.pl\/wydzial\/wns\/wp-content\/uploads\/sites\/17\/Bez-kategorii\/Z4-1-768x556.jpg 768w, https:\/\/us.edu.pl\/wydzial\/wns\/wp-content\/uploads\/sites\/17\/Bez-kategorii\/Z4-1-1536x1113.jpg 1536w, https:\/\/us.edu.pl\/wydzial\/wns\/wp-content\/uploads\/sites\/17\/Bez-kategorii\/Z4-1-2048x1484.jpg 2048w, https:\/\/us.edu.pl\/wydzial\/wns\/wp-content\/uploads\/sites\/17\/Bez-kategorii\/Z4-1-575x417.jpg 575w\" sizes=\"(max-width: 300px) 100vw, 300px\" \/><\/p>\n<p><img class=\"alignnone size-medium wp-image-177215\" src=\"https:\/\/us.edu.pl\/wydzial\/wns\/wp-content\/uploads\/sites\/17\/Bez-kategorii\/Z2-1-300x225.jpg\" alt=\"Pani Ambasador Marzenna Adamczyk i go\u015bcie spotkania\" width=\"300\" height=\"225\" srcset=\"https:\/\/us.edu.pl\/wydzial\/wns\/wp-content\/uploads\/sites\/17\/Bez-kategorii\/Z2-1-300x225.jpg 300w, https:\/\/us.edu.pl\/wydzial\/wns\/wp-content\/uploads\/sites\/17\/Bez-kategorii\/Z2-1-1024x769.jpg 1024w, https:\/\/us.edu.pl\/wydzial\/wns\/wp-content\/uploads\/sites\/17\/Bez-kategorii\/Z2-1-768x577.jpg 768w, https:\/\/us.edu.pl\/wydzial\/wns\/wp-content\/uploads\/sites\/17\/Bez-kategorii\/Z2-1-1536x1153.jpg 1536w, https:\/\/us.edu.pl\/wydzial\/wns\/wp-content\/uploads\/sites\/17\/Bez-kategorii\/Z2-1-2048x1538.jpg 2048w, https:\/\/us.edu.pl\/wydzial\/wns\/wp-content\/uploads\/sites\/17\/Bez-kategorii\/Z2-1-575x432.jpg 575w\" sizes=\"(max-width: 300px) 100vw, 300px\" \/><\/p>\n<p><img class=\"alignnone size-medium wp-image-177211\" src=\"https:\/\/us.edu.pl\/wydzial\/wns\/wp-content\/uploads\/sites\/17\/Bez-kategorii\/Z1-2-300x225.jpg\" alt=\"Pani Ambasador Marzenna Adamczyk i go\u015bcie spotkania\" width=\"300\" height=\"225\" srcset=\"https:\/\/us.edu.pl\/wydzial\/wns\/wp-content\/uploads\/sites\/17\/Bez-kategorii\/Z1-2-300x225.jpg 300w, https:\/\/us.edu.pl\/wydzial\/wns\/wp-content\/uploads\/sites\/17\/Bez-kategorii\/Z1-2-1024x769.jpg 1024w, https:\/\/us.edu.pl\/wydzial\/wns\/wp-content\/uploads\/sites\/17\/Bez-kategorii\/Z1-2-768x577.jpg 768w, https:\/\/us.edu.pl\/wydzial\/wns\/wp-content\/uploads\/sites\/17\/Bez-kategorii\/Z1-2-1536x1153.jpg 1536w, https:\/\/us.edu.pl\/wydzial\/wns\/wp-content\/uploads\/sites\/17\/Bez-kategorii\/Z1-2-2048x1538.jpg 2048w, https:\/\/us.edu.pl\/wydzial\/wns\/wp-content\/uploads\/sites\/17\/Bez-kategorii\/Z1-2-575x432.jpg 575w\" sizes=\"(max-width: 300px) 100vw, 300px\" \/><\/p>\n<\/div>\r\n                    <\/div>\r\n                <\/div>[\/vc_column][\/vc_row]<\/p>","protected":false},"excerpt":{"rendered":"<p>[vc_row][vc_column width=&#8221;2\/3&#8243;][\/vc_column][vc_column width=&#8221;1\/3&#8243;][\/vc_column][\/vc_row] [&#8230;]<\/p>\n<p><a class=\"btn btn-secondary understrap-read-more-link\" href=\"https:\/\/us.edu.pl\/wydzial\/wns\/2025\/03\/27\/pani-ambasador-marzenna-adamczyk-gosciem-spotkania-z-dyplomacja\/\">Read More&#8230;<\/a><\/p>\n","protected":false},"author":134,"featured_media":177223,"comment_status":"open","ping_status":"open","sticky":false,"template":"","format":"standard","meta":{"_expiration-date-status":"","_expiration-date":0,"_expiration-date-type":"","_expiration-date-categories":[],"_expiration-date-options":[]},"categories":[11],"tags":[],"acf":[],"_links":{"self":[{"href":"https:\/\/us.edu.pl\/wydzial\/wns\/wp-json\/wp\/v2\/posts\/177208"}],"collection":[{"href":"https:\/\/us.edu.pl\/wydzial\/wns\/wp-json\/wp\/v2\/posts"}],"about":[{"href":"https:\/\/us.edu.pl\/wydzial\/wns\/wp-json\/wp\/v2\/types\/post"}],"author":[{"embeddable":true,"href":"https:\/\/us.edu.pl\/wydzial\/wns\/wp-json\/wp\/v2\/users\/134"}],"replies":[{"embeddable":true,"href":"https:\/\/us.edu.pl\/wydzial\/wns\/wp-json\/wp\/v2\/comments?post=177208"}],"version-history":[{"count":1,"href":"https:\/\/us.edu.pl\/wydzial\/wns\/wp-json\/wp\/v2\/posts\/177208\/revisions"}],"predecessor-version":[{"id":177226,"href":"https:\/\/us.edu.pl\/wydzial\/wns\/wp-json\/wp\/v2\/posts\/177208\/revisions\/177226"}],"wp:featuredmedia":[{"embeddable":true,"href":"https:\/\/us.edu.pl\/wydzial\/wns\/wp-json\/wp\/v2\/media\/177223"}],"wp:attachment":[{"href":"https:\/\/us.edu.pl\/wydzial\/wns\/wp-json\/wp\/v2\/media?parent=177208"}],"wp:term":[{"taxonomy":"category","embeddable":true,"href":"https:\/\/us.edu.pl\/wydzial\/wns\/wp-json\/wp\/v2\/categories?post=177208"},{"taxonomy":"post_tag","embeddable":true,"href":"https:\/\/us.edu.pl\/wydzial\/wns\/wp-json\/wp\/v2\/tags?post=177208"}],"curies":[{"name":"wp","href":"https:\/\/api.w.org\/{rel}","templated":true}]}}