{"id":181615,"date":"2025-07-28T12:12:48","date_gmt":"2025-07-28T10:12:48","guid":{"rendered":"https:\/\/us.edu.pl\/wydzial\/wns\/?p=181615"},"modified":"2025-07-28T12:12:48","modified_gmt":"2025-07-28T10:12:48","slug":"kolejne-efekty-projektu-mecog-ce-konkretne-narzedzia-dla-obszarow-metropolitalnych-europy-srodkowej","status":"publish","type":"post","link":"https:\/\/us.edu.pl\/wydzial\/wns\/2025\/07\/28\/kolejne-efekty-projektu-mecog-ce-konkretne-narzedzia-dla-obszarow-metropolitalnych-europy-srodkowej\/","title":{"rendered":"Kolejne efekty projektu MECOG-CE: konkretne narz\u0119dzia dla obszar\u00f3w metropolitalnych Europy \u015arodkowej"},"content":{"rendered":"<p>[vc_row][vc_column width=&#8221;2\/3&#8243;]\r\n                <div class=\"text-modules\">\r\n                    <div class=\"container\">\r\n                        \r\n                        <div class=\"text-modules__content\"><p>Z przyjemno\u015bci\u0105 informujemy o kolejnych efektach prac konsorcjum projektowego <a href=\"https:\/\/www.interreg-central.eu\/projects\/mecog-ce\/?tab=outputs\">MECOG-CE \u2013 \u201cStrengthening metropolitan cooperation and governance in Central Europe\u201d,<\/a> realizowanego w Uniwersytecie \u015al\u0105skim w ramach programu <a href=\"https:\/\/www.interreg-central.eu\/projects\/mecog-ce\/?tab=outputs\">Interreg Europa \u015arodkowa 2021\u20132027<\/a>.<\/p>\n<p>Celem projektu jest wypracowanie narz\u0119dzi skutecznej metropolitalnej wsp\u00f3\u0142pracy i zarz\u0105dzania z uwzgl\u0119dnieniem specyfiki obszar\u00f3w metropolitalnych Europy \u015arodkowej. Efektem dzia\u0142a\u0144 s\u0105 m.in. broszury i raporty, kt\u00f3re stanowi\u0105 cenne \u017ar\u00f3d\u0142o wiedzy dla praktyk\u00f3w miejskich, decydent\u00f3w politycznych oraz wszystkich zajmuj\u0105cych si\u0119 wyzwaniami wsp\u00f3\u0142czesnych metropolii.<\/p>\n<p>Dotychczas w ramach projektu stworzono 5 dzia\u0142a\u0144 pilota\u017cowych i 5 nowych rozwi\u0105za\u0144 w 6 obszarach metropolitalnych Europy \u015arodkowej. Zesp\u00f3\u0142 z Instytutu Socjologii U\u015a aktywnie uczestniczy\u0142 w ich opracowywaniu w ramach pracy klastr\u00f3w studyjnych. Wcze\u015bniej eksperci U\u015a zidentyfikowali 47 dobrych praktyk z obszar\u00f3w metropolitalnych partner\u00f3w i dokonali ich oceny pod k\u0105tem mo\u017cliwo\u015bci transferu. Dzi\u0119ki temu uczestnicy projektu mogli wybra\u0107 narz\u0119dzia najlepiej dopasowane do lokalnych potrzeb i uwarunkowa\u0144, wspieraj\u0105c rozw\u00f3j wsp\u00f3\u0142pracy metropolitalnej.<\/p>\n<p>Wyniki tych prac \u2013 zawarte w raportach, executive summaries oraz we <a href=\"https:\/\/www.interreg-central.eu\/wp-content\/uploads\/2025\/03\/Common-Metropolitan-Vision_full-version-2025.pdf\" class=\"mtli_attachment mtli_pdf\" class=\"mtli_attachment mtli_pdf\">Wsp\u00f3lnej Metropolitalnej Wizji<\/a> \u2013 stanowi\u0142y podstaw\u0119 do zaprojektowania dzia\u0142a\u0144 pilota\u017cowych i stworzenia nowych rozwi\u0105za\u0144.<\/p>\n<p>Obecnie partnerzy projektu koncentruj\u0105 si\u0119 na opracowaniu Strategii wzmacniania wsp\u00f3\u0142pracy i zarz\u0105dzania metropolitalnego w Europie \u015arodkowej oraz plan\u00f3w dzia\u0142a\u0144 dla ka\u017cdego z partnerskich obszar\u00f3w metropolitalnych projektu. Tematy te b\u0119d\u0105 g\u0142\u00f3wnym punktem nadchodz\u0105cego mi\u0119dzynarodowego spotkania, kt\u00f3re odb\u0119dzie si\u0119 w listopadzie 2025 roku w Turynie.<\/p>\n<p>Efekty prac s\u0105 dost\u0119pne pod adresem: <a href=\"https:\/\/www.interreg-central.eu\/projects\/mecog-ce\/?tab=outputs\">https:\/\/www.interreg-central.eu\/projects\/mecog-ce\/?tab=outputs<\/a>.<\/p>\n<p>Wi\u0119cej o stworzonych rozwi\u0105zaniach mo\u017cna przeczyta\u0107 w najnowszym <a href=\"https:\/\/account-content.smartemailing.cz\/preview\/default?a=3a320091-2191-11e6-bf1c-026e7796c753&amp;e=11f0480ec39455f0905eac1f6bc402ac\">Newsletterze projektu &gt;&gt;&gt;<\/a><\/p>\n<p>Zesp\u00f3\u0142 realizuj\u0105cy projekt w U\u015a (Instytut Socjologii):<\/p>\n<ul>\n<li>dr hab. Robert Pyka, prof. U\u015a (kierownik)<\/li>\n<li>dr hab. Krzysztof Bierwiaczonek, prof. U\u015a<\/li>\n<li>dr Zuzanna Neuve-\u00c9glise<\/li>\n<li>dr hab. Ma\u0142gorzata Suchacka, prof. U\u015a<\/li>\n<\/ul>\n<p>&nbsp;<\/p>\n<p>Projekt jest wsp\u00f3\u0142finansowany przez Uni\u0119 Europejsk\u0105 ze \u015brodk\u00f3w Europejskiego Funduszu Rozwoju Regionalnego w ramach Programu Interreg Europa \u015arodkowa 2021\u20132027 oraz ze \u015brodk\u00f3w polskiego Ministerstwa Nauki i Szkolnictwa Wy\u017cszego w ramach programu pn. Projekty Mi\u0119dzynarodowe Wsp\u00f3\u0142finansowane.<\/p>\n<p>\n<\/div>\r\n                    <\/div>\r\n                <\/div>[\/vc_column][vc_column width=&#8221;1\/3&#8243;]\r\n                <div class=\"text-modules\">\r\n                    <div class=\"container\">\r\n                        \r\n                        <div class=\"text-modules__content\"><p><img class=\"alignnone wp-image-181616 size-large\" src=\"https:\/\/us.edu.pl\/wydzial\/wns\/wp-content\/uploads\/sites\/17\/Bez-kategorii\/MECOG-CE-Pilot-Actions-and-New-Solutions-1024x858.jpg\" alt=\"plakat\" width=\"640\" height=\"536\" srcset=\"https:\/\/us.edu.pl\/wydzial\/wns\/wp-content\/uploads\/sites\/17\/Bez-kategorii\/MECOG-CE-Pilot-Actions-and-New-Solutions-1024x858.jpg 1024w, https:\/\/us.edu.pl\/wydzial\/wns\/wp-content\/uploads\/sites\/17\/Bez-kategorii\/MECOG-CE-Pilot-Actions-and-New-Solutions-300x251.jpg 300w, https:\/\/us.edu.pl\/wydzial\/wns\/wp-content\/uploads\/sites\/17\/Bez-kategorii\/MECOG-CE-Pilot-Actions-and-New-Solutions-768x644.jpg 768w, https:\/\/us.edu.pl\/wydzial\/wns\/wp-content\/uploads\/sites\/17\/Bez-kategorii\/MECOG-CE-Pilot-Actions-and-New-Solutions-575x482.jpg 575w, https:\/\/us.edu.pl\/wydzial\/wns\/wp-content\/uploads\/sites\/17\/Bez-kategorii\/MECOG-CE-Pilot-Actions-and-New-Solutions.jpg 1175w\" sizes=\"(max-width: 640px) 100vw, 640px\" \/><\/p>\n<\/div>\r\n                    <\/div>\r\n                <\/div>[\/vc_column][\/vc_row]<\/p>","protected":false},"excerpt":{"rendered":"<p>[vc_row][vc_column width=&#8221;2\/3&#8243;][\/vc_column][vc_column width=&#8221;1\/3&#8243;][\/vc_column][\/vc_row] [&#8230;]<\/p>\n<p><a class=\"btn btn-secondary understrap-read-more-link\" href=\"https:\/\/us.edu.pl\/wydzial\/wns\/2025\/07\/28\/kolejne-efekty-projektu-mecog-ce-konkretne-narzedzia-dla-obszarow-metropolitalnych-europy-srodkowej\/\">Read More&#8230;<\/a><\/p>\n","protected":false},"author":133,"featured_media":181616,"comment_status":"open","ping_status":"open","sticky":false,"template":"","format":"standard","meta":{"_expiration-date-status":"","_expiration-date":0,"_expiration-date-type":"","_expiration-date-categories":[],"_expiration-date-options":[]},"categories":[11],"tags":[],"acf":[],"_links":{"self":[{"href":"https:\/\/us.edu.pl\/wydzial\/wns\/wp-json\/wp\/v2\/posts\/181615"}],"collection":[{"href":"https:\/\/us.edu.pl\/wydzial\/wns\/wp-json\/wp\/v2\/posts"}],"about":[{"href":"https:\/\/us.edu.pl\/wydzial\/wns\/wp-json\/wp\/v2\/types\/post"}],"author":[{"embeddable":true,"href":"https:\/\/us.edu.pl\/wydzial\/wns\/wp-json\/wp\/v2\/users\/133"}],"replies":[{"embeddable":true,"href":"https:\/\/us.edu.pl\/wydzial\/wns\/wp-json\/wp\/v2\/comments?post=181615"}],"version-history":[{"count":1,"href":"https:\/\/us.edu.pl\/wydzial\/wns\/wp-json\/wp\/v2\/posts\/181615\/revisions"}],"predecessor-version":[{"id":181618,"href":"https:\/\/us.edu.pl\/wydzial\/wns\/wp-json\/wp\/v2\/posts\/181615\/revisions\/181618"}],"wp:featuredmedia":[{"embeddable":true,"href":"https:\/\/us.edu.pl\/wydzial\/wns\/wp-json\/wp\/v2\/media\/181616"}],"wp:attachment":[{"href":"https:\/\/us.edu.pl\/wydzial\/wns\/wp-json\/wp\/v2\/media?parent=181615"}],"wp:term":[{"taxonomy":"category","embeddable":true,"href":"https:\/\/us.edu.pl\/wydzial\/wns\/wp-json\/wp\/v2\/categories?post=181615"},{"taxonomy":"post_tag","embeddable":true,"href":"https:\/\/us.edu.pl\/wydzial\/wns\/wp-json\/wp\/v2\/tags?post=181615"}],"curies":[{"name":"wp","href":"https:\/\/api.w.org\/{rel}","templated":true}]}}