{"id":182794,"date":"2025-10-22T08:21:35","date_gmt":"2025-10-22T06:21:35","guid":{"rendered":"https:\/\/us.edu.pl\/wydzial\/wns\/?p=182794"},"modified":"2025-10-22T08:21:35","modified_gmt":"2025-10-22T06:21:35","slug":"uniwersytet-slaski-w-miedzynarodowym-projekcie-o-zdrowiu-psychicznym-dzieci","status":"publish","type":"post","link":"https:\/\/us.edu.pl\/wydzial\/wns\/2025\/10\/22\/uniwersytet-slaski-w-miedzynarodowym-projekcie-o-zdrowiu-psychicznym-dzieci\/","title":{"rendered":"Uniwersytet \u015al\u0105ski w mi\u0119dzynarodowym projekcie o zdrowiu psychicznym dzieci!"},"content":{"rendered":"<p>[vc_row][vc_column width=&#8221;2\/3&#8243;]\r\n                <div class=\"text-modules\">\r\n                    <div class=\"container\">\r\n                        \r\n                        <div class=\"text-modules__content\"><p>W dniach 15-18 pa\u017adziernika 2025 roku odby\u0142 si\u0119 studencko-doktorancki wyjazd do University of Hradec Kr\u00e1lov\u00e9 w Czechach, b\u0119d\u0105cy cz\u0119\u015bci\u0105 mi\u0119dzynarodowego projektu \u201eChild at Risk: Risky Behaviour and Mental Health of Children in the V4 Countries\u201d (ID projektu: 22430137), finansowanego przez Visegrad Fund.<\/p>\n<p>Projekt, skupiaj\u0105cy si\u0119 na wyzwaniach zwi\u0105zanych ze zdrowiem psychicznym i zachowaniami ryzykownymi dzieci w krajach Grupy Wyszehradzkiej (V4), ma na celu wzmacnianie kompetencji przysz\u0142ych pedagog\u00f3w i specjalist\u00f3w w zakresie prewencji oraz wczesnej interwencji.<\/p>\n<p>Uniwersytet \u015al\u0105ski w Katowicach reprezentowa\u0142 interdyscyplinarny zesp\u00f3\u0142 w sk\u0142adzie:<\/p>\n<p>&#8211; mgr Klaudia Nowak (doktorantka, Instytut Pedagogiki),<\/p>\n<p>&#8211; mgr Katarzyna Jurasz (doktorantka, Instytut Psychologii),<\/p>\n<p>&#8211; Wiktoria Sad\u0142owska i Sara Pi\u0105tek (studentki, Instytut Pedagogiki) oraz Oliwier Drobik (student, Instytut Socjologii).<\/p>\n<p>W sk\u0142ad zespo\u0142u projektowego wchodzi\u0142y tak\u017ce Panie: Klaudia Czeka\u0144ska (studentka, Instytut Pedagogiki) i Wiktori\u0119 Barnat (studentka, Instytut Socjologii), kt\u00f3re aktywnie uczestniczy\u0142y w przygotowaniu warsztat\u00f3w edukacyjno-profilaktycznych oraz s\u0105 wsp\u00f3\u0142autorkami artyku\u0142\u00f3w naukowych przygotowanych przez w\/w zesp\u00f3\u0142 studencko-doktorancki. Realizacj\u0119 projektu wspar\u0142o r\u00f3wnie\u017c Stowarzyszenie Pomocy Dzieciom i M\u0142odzie\u017cy \u201eDom Anio\u0142\u00f3w Str\u00f3\u017c\u00f3w\u201d w Katowicach, kt\u00f3re reprezentowa\u0142a Pani mgr Magdalena Szo\u0142tys.<\/p>\n<p>Pod opiek\u0105 naukow\u0105 koordynatorki projektu w Polsce, dr hab. Kariny Leksy, prof. U\u015a, zesp\u00f3\u0142 zaprezentowa\u0142 praktyczne opracowania i innowacyjne pomys\u0142y dydaktyczne, dotycz\u0105ce takich zagadnie\u0144 jak: nietolerancja, agresja, zdrowie psychiczne oraz cyberprzestrze\u0144 w kontek\u015bcie zachowa\u0144 ryzykownych dzieci i m\u0142odzie\u017cy.<\/p>\n<p>Na potrzeby projektu przygotowano:<\/p>\n<p>&#8211; film psychoedukacyjny na temat agresji i sposobach jej przeciwdzia\u0142ania,<\/p>\n<p>&#8211; ulotki informacyjne dotycz\u0105ce zjawiska agresji,<\/p>\n<p>&#8211; gr\u0119 edukacyjn\u0105 rozwijaj\u0105c\u0105 postawy tolerancji.<\/p>\n<p>Podczas wydarzenia dr hab. Karina Leksy, prof. U\u015a wraz z doktorantk\u0105 mgr Klaudi\u0105 Nowak zaprezentowa\u0142y r\u00f3wnie\u017c wyst\u0105pienie naukowe po\u015bwi\u0119cone ryzykownym zachowaniom tzw. Pokolenia Alpha oraz koncepcji Social Emotional Learning. Efektem ko\u0144cowym ca\u0142o\u015bci projektu b\u0119dzie monografia opracowana przez mi\u0119dzynarodowy zesp\u00f3\u0142 badaczy z 4 uniwersytet\u00f3w (Uniwersytet \u015al\u0105ski w Katowicach, Uniwersytet Debrecen, Uniwersytet Matej Bel w Bansk\u00e1 Bystrica, Uniwersytet Hradec Kr\u00e1lov\u00e9)&#8221;.<\/p>\n<p>\n<\/div>\r\n                    <\/div>\r\n                <\/div>[\/vc_column][vc_column width=&#8221;1\/3&#8243;]\r\n                <div class=\"text-modules\">\r\n                    <div class=\"container\">\r\n                        \r\n                        <div class=\"text-modules__content\"><p><img class=\"alignnone size-medium wp-image-182795\" src=\"https:\/\/us.edu.pl\/wydzial\/wns\/wp-content\/uploads\/sites\/17\/Bez-kategorii\/IMG-20251017-WA0001-300x255.jpg\" alt=\"Uczestnicy wydarzenia\" width=\"300\" height=\"255\" srcset=\"https:\/\/us.edu.pl\/wydzial\/wns\/wp-content\/uploads\/sites\/17\/Bez-kategorii\/IMG-20251017-WA0001-300x255.jpg 300w, https:\/\/us.edu.pl\/wydzial\/wns\/wp-content\/uploads\/sites\/17\/Bez-kategorii\/IMG-20251017-WA0001-1024x872.jpg 1024w, https:\/\/us.edu.pl\/wydzial\/wns\/wp-content\/uploads\/sites\/17\/Bez-kategorii\/IMG-20251017-WA0001-768x654.jpg 768w, https:\/\/us.edu.pl\/wydzial\/wns\/wp-content\/uploads\/sites\/17\/Bez-kategorii\/IMG-20251017-WA0001-1536x1307.jpg 1536w, https:\/\/us.edu.pl\/wydzial\/wns\/wp-content\/uploads\/sites\/17\/Bez-kategorii\/IMG-20251017-WA0001-575x489.jpg 575w, https:\/\/us.edu.pl\/wydzial\/wns\/wp-content\/uploads\/sites\/17\/Bez-kategorii\/IMG-20251017-WA0001.jpg 2048w\" sizes=\"(max-width: 300px) 100vw, 300px\" \/><\/p>\n<p>&nbsp;<\/p>\n<p><img class=\"alignnone size-medium wp-image-182796\" src=\"https:\/\/us.edu.pl\/wydzial\/wns\/wp-content\/uploads\/sites\/17\/Bez-kategorii\/IMG-20251017-WA0059-300x241.jpg\" alt=\"Uczestnicy wydarzenia\" width=\"300\" height=\"241\" srcset=\"https:\/\/us.edu.pl\/wydzial\/wns\/wp-content\/uploads\/sites\/17\/Bez-kategorii\/IMG-20251017-WA0059-300x241.jpg 300w, https:\/\/us.edu.pl\/wydzial\/wns\/wp-content\/uploads\/sites\/17\/Bez-kategorii\/IMG-20251017-WA0059-1024x823.jpg 1024w, https:\/\/us.edu.pl\/wydzial\/wns\/wp-content\/uploads\/sites\/17\/Bez-kategorii\/IMG-20251017-WA0059-768x617.jpg 768w, https:\/\/us.edu.pl\/wydzial\/wns\/wp-content\/uploads\/sites\/17\/Bez-kategorii\/IMG-20251017-WA0059-1536x1235.jpg 1536w, https:\/\/us.edu.pl\/wydzial\/wns\/wp-content\/uploads\/sites\/17\/Bez-kategorii\/IMG-20251017-WA0059-575x462.jpg 575w, https:\/\/us.edu.pl\/wydzial\/wns\/wp-content\/uploads\/sites\/17\/Bez-kategorii\/IMG-20251017-WA0059.jpg 1820w\" sizes=\"(max-width: 300px) 100vw, 300px\" \/><\/p>\n<\/div>\r\n                    <\/div>\r\n                <\/div>[\/vc_column][\/vc_row]<\/p>","protected":false},"excerpt":{"rendered":"<p>[vc_row][vc_column width=&#8221;2\/3&#8243;][\/vc_column][vc_column width=&#8221;1\/3&#8243;][\/vc_column][\/vc_row] [&#8230;]<\/p>\n<p><a class=\"btn btn-secondary understrap-read-more-link\" href=\"https:\/\/us.edu.pl\/wydzial\/wns\/2025\/10\/22\/uniwersytet-slaski-w-miedzynarodowym-projekcie-o-zdrowiu-psychicznym-dzieci\/\">Read More&#8230;<\/a><\/p>\n","protected":false},"author":133,"featured_media":182796,"comment_status":"open","ping_status":"open","sticky":false,"template":"","format":"standard","meta":{"_expiration-date-status":"","_expiration-date":0,"_expiration-date-type":"","_expiration-date-categories":[],"_expiration-date-options":[]},"categories":[11],"tags":[],"acf":[],"_links":{"self":[{"href":"https:\/\/us.edu.pl\/wydzial\/wns\/wp-json\/wp\/v2\/posts\/182794"}],"collection":[{"href":"https:\/\/us.edu.pl\/wydzial\/wns\/wp-json\/wp\/v2\/posts"}],"about":[{"href":"https:\/\/us.edu.pl\/wydzial\/wns\/wp-json\/wp\/v2\/types\/post"}],"author":[{"embeddable":true,"href":"https:\/\/us.edu.pl\/wydzial\/wns\/wp-json\/wp\/v2\/users\/133"}],"replies":[{"embeddable":true,"href":"https:\/\/us.edu.pl\/wydzial\/wns\/wp-json\/wp\/v2\/comments?post=182794"}],"version-history":[{"count":1,"href":"https:\/\/us.edu.pl\/wydzial\/wns\/wp-json\/wp\/v2\/posts\/182794\/revisions"}],"predecessor-version":[{"id":182797,"href":"https:\/\/us.edu.pl\/wydzial\/wns\/wp-json\/wp\/v2\/posts\/182794\/revisions\/182797"}],"wp:featuredmedia":[{"embeddable":true,"href":"https:\/\/us.edu.pl\/wydzial\/wns\/wp-json\/wp\/v2\/media\/182796"}],"wp:attachment":[{"href":"https:\/\/us.edu.pl\/wydzial\/wns\/wp-json\/wp\/v2\/media?parent=182794"}],"wp:term":[{"taxonomy":"category","embeddable":true,"href":"https:\/\/us.edu.pl\/wydzial\/wns\/wp-json\/wp\/v2\/categories?post=182794"},{"taxonomy":"post_tag","embeddable":true,"href":"https:\/\/us.edu.pl\/wydzial\/wns\/wp-json\/wp\/v2\/tags?post=182794"}],"curies":[{"name":"wp","href":"https:\/\/api.w.org\/{rel}","templated":true}]}}