{"id":183928,"date":"2026-01-19T12:09:40","date_gmt":"2026-01-19T11:09:40","guid":{"rendered":"https:\/\/us.edu.pl\/wydzial\/wns\/?p=183928"},"modified":"2026-01-21T11:06:30","modified_gmt":"2026-01-21T10:06:30","slug":"metropolia-gzm-strategiczne-opowiadanie-swiatu-ze-to-dobre-miejsce-do-zycia-rozmowa-z-dr-zuzanna-neuve-eglise","status":"publish","type":"post","link":"https:\/\/us.edu.pl\/wydzial\/wns\/2026\/01\/19\/metropolia-gzm-strategiczne-opowiadanie-swiatu-ze-to-dobre-miejsce-do-zycia-rozmowa-z-dr-zuzanna-neuve-eglise\/","title":{"rendered":"Metropolia GZM &#8211; strategiczne opowiadanie \u015bwiatu, \u017ce to dobre miejsce do \u017cycia! &#8211; rozmowa z dr Zuzann\u0105 Neuve-\u00c9glise"},"content":{"rendered":"<p>[vc_row][vc_column width=&#8221;2\/3&#8243;]\r\n                <div class=\"text-modules\">\r\n                    <div class=\"container\">\r\n                        \r\n                        <div class=\"text-modules__content\"><p>O nowej publikacji i o \u201esp\u00f3jnym organizmie miejskim\u201d rozmawiam z socjolo\u017ck\u0105, filolo\u017ck\u0105 i adiunktk\u0105 w Instytucie Socjologii Uniwersytetu \u015al\u0105skiego w Katowicach\u00a0 dr Zuzann\u0105 Neuve-\u00c9glise.<\/p>\n<p>&nbsp;<\/p>\n<p>Violetta Kulik: <strong>Pani Doktor, interesuje si\u0119 Pani dyskursem, komunikacj\u0105, procesami metropolizacji i\u00a0governance oraz przemianami to\u017csamo\u015bci zbiorowych i identyfikacj\u0105 terytorialn\u0105. Od 2016 roku zwi\u0105zana jest Pani z dzia\u0142alno\u015bci\u0105 Obserwatorium Proces\u00f3w Miejskich i Metropolitalnych. Sk\u0105d u Pani takie zainteresowania naukowe?<\/strong><\/p>\n<p>Dr Zuzanna Neuve-\u00c9glise: Moje zainteresowania naukowe wyrastaj\u0105 z do\u015b\u0107 konsekwentnej, cho\u0107 wielow\u0105tkowej drogi, kt\u00f3ra od pocz\u0105tku \u0142\u0105czy\u0142a j\u0119zyk, komunikacj\u0119 i sprawy spo\u0142eczne. Z jednej strony bardzo wcze\u015bnie pojawi\u0142a si\u0119 u mnie fascynacja s\u0142owem \u2013 pisaniem, analiz\u0105 tekst\u00f3w, j\u0119zykami obcymi jako narz\u0119dziem rozumienia innych kultur i sposob\u00f3w interpretowania \u015bwiata. Pierwsze, bardzo proste \u201egazetki\u201d dla mojej rodziny tworzy\u0142am sama, spinaj\u0105c zszywkami kartki bloku rysunkowego. Jeszcze nie chodzi\u0142am do szko\u0142y, mia\u0142am kilka lat. Ostatecznie j\u0119zyki obce, angielski i francuski, sta\u0142y si\u0119 dla mnie cz\u0119\u015bci\u0105 zawodowej \u015bcie\u017cki \u2013 jako pierwsze wybra\u0142am studia filologiczne. P\u00f3\u017aniejsza praca w charakterze t\u0142umaczki i nauczycielki j\u0119zyk\u00f3w obcych nauczy\u0142a mnie du\u017cej wra\u017cliwo\u015bci na znaczenia, konteksty i niuanse komunikacyjne. To do\u015bwiadczenie do dzi\u015b silnie wp\u0142ywa na m\u00f3j spos\u00f3b uprawiania socjologii.<\/p>\n<p>R\u00f3wnolegle rozwija\u0142am zainteresowania spo\u0142eczne w ramach studi\u00f3w socjologicznych \u2013 mam podw\u00f3jny dyplom \u2013 a momentem prze\u0142omowym by\u0142o dla mnie rozpocz\u0119cie pracy w <a href=\"https:\/\/us.edu.pl\/centra-badawcze\/opmim\/\">Obserwatorium Proces\u00f3w Miejskich i Metropolitalnych<\/a> w trakcie studi\u00f3w magisterskich. To by\u0142o miejsce, w kt\u00f3rym teoria bardzo szybko spotka\u0142a si\u0119 z praktyk\u0105. Obserwatorium powsta\u0142o z inicjatywy naukowc\u00f3w z Instytutu Socjologii U\u015a jako jednostka mi\u0119dzyuczelniana, skupiaj\u0105ca ponad 90 badaczy r\u00f3\u017cnych dyscyplin, i od pocz\u0105tku by\u0142o silnie osadzone w realnych procesach zachodz\u0105cych w regionie. Mog\u0142am z bliska obserwowa\u0107 tworzenie si\u0119 G\u00f3rno\u015bl\u0105sko-Zag\u0142\u0119biowskiej Metropolii, a jednocze\u015bnie uczestniczy\u0107 w badaniach terenowych i \u00a0wsp\u00f3\u0142pracy z samorz\u0105dami. Praca na \u201e\u017cywym, metropolitalnym organizmie\u201d ukszta\u0142towa\u0142a moje podej\u015bcie do bada\u0144 nad metropolizacj\u0105. Bardzo du\u017co mi da\u0142a je\u015bli chodzi o rozumienie funkcjonowania obszar\u00f3w metropolitalnych i zachodz\u0105cych w nich proces\u00f3w spo\u0142ecznych oraz przestrzennych.<\/p>\n<p>Z czasem ten nurt zosta\u0142 poszerzony o perspektyw\u0119 mi\u0119dzynarodow\u0105, m.in. w ramach europejskiego projektu <a href=\"https:\/\/www.interreg-central.eu\/projects\/mecog-ce\/\">MECOG-CE<\/a>, gdzie analizowali\u015bmy dziesi\u0105tki praktyk i narz\u0119dzi wsp\u00f3\u0142pracy mi\u0119dzygminnej w r\u00f3\u017cnych krajach Europy \u015arodkowej. To do\u015bwiadczenie jeszcze mocniej u\u015bwiadomi\u0142o mi, jak istotn\u0105 rol\u0119 w funkcjonowaniu obszar\u00f3w metropolitalnych odgrywaj\u0105 narracje, zaufanie, komunikacja i zdolno\u015b\u0107 do budowania wsp\u00f3lnych ram interpretacyjnych.<\/p>\n<p>R\u00f3wnie wa\u017cnym \u017ar\u00f3d\u0142em moich zainteresowa\u0144 s\u0105 jednak do\u015bwiadczenia biograficzne. Dorastanie w Katowicach, kontakt z edukacj\u0105 regionaln\u0105, j\u0119zykiem \u015bl\u0105skim, a tak\u017ce skomplikowane trajektorie losu cz\u0142onk\u00f3w mojej rodziny i ich migracje \u2013 ze \u015al\u0105ska i z dawnych Kres\u00f3w Wschodnich \u2013 sprawi\u0142y, \u017ce pytania o to\u017csamo\u015b\u0107, pami\u0119\u0107 miejsca i relacj\u0119 ludzi z terytorium towarzyszy\u0142y mi od wczesnych lat. Wychowa\u0142am si\u0119 na opowie\u015bciach mojej babci o wieloetnicznym Stanis\u0142awowie, w kt\u00f3rym si\u0119 urodzi\u0142a i dorasta\u0142a \u2013 mie\u015bcie, kt\u00f3re przed II wojn\u0105 \u015bwiatow\u0105 le\u017ca\u0142o w granicach II Rzeczpospolitej, a dzi\u015b znajduje si\u0119 w zachodniej Ukrainie.<\/p>\n<p>Fascynowa\u0142o mnie wi\u0119c to, w jaki spos\u00f3b przestrze\u0144 staje si\u0119 \u201ew\u0142asna\u201d, jak jest opowiadana i prze\u017cywana oraz jak r\u00f3\u017cne tradycje kulturowe wsp\u00f3\u0142istniej\u0105 w jednym regionie. W przypadku G\u00f3rno\u015bl\u0105sko-Zag\u0142\u0119biowskiej Metropolii ma to szczeg\u00f3lne znaczenie, poniewa\u017c obszar ten tworz\u0105 ziemie \u015al\u0105ska i Zag\u0142\u0119bia D\u0105browskiego \u2013 dw\u00f3ch odmiennych krain historyczno-geograficznych. Te w\u0105tki w naturalny spos\u00f3b znalaz\u0142y swoje odzwierciedlenie w badaniach przedstawionych w ksi\u0105\u017cce, w kt\u00f3rych metropolia jest rozumiana zar\u00f3wno jako instytucja, jak i przestrze\u0144 spo\u0142ecznego do\u015bwiadczenia.<\/p>\n<p>Violetta Kulik: <strong>Czy powstanie Metropolii w centrum wojew\u00f3dztwa \u015bl\u0105skiego by\u0142o czym\u015b naturalnym? Czym jest Metropolia i jakie s\u0105 jej najwa\u017cniejsze cele?<\/strong><\/p>\n<p>Dr Zuzanna Neuve-\u00c9glise: Tak, powstanie G\u00f3rno\u015bl\u0105sko-Zag\u0142\u0119biowskiej Metropolii (GZM) by\u0142o w du\u017cej mierze efektem naturalnych proces\u00f3w urbanizacji i metropolizacji, kt\u00f3re od dziesi\u0119cioleci integrowa\u0142y centraln\u0105 cz\u0119\u015b\u0107 wojew\u00f3dztwa \u015bl\u0105skiego w jeden funkcjonalnie sp\u00f3jny organizm. Jednocze\u015bnie mamy do czynienia ze \u015bwiadomie kszta\u0142towanym projektem instytucjonalnym, kt\u00f3rego formu\u0142a nadal ewoluuje, co potwierdzaj\u0105 zar\u00f3wno prace nad nowelizacj\u0105 ustawy metropolitalnej, jak i debata nad koncepcj\u0105 \u201ejednego miasta\u201d. Fundamentem tych dzia\u0142a\u0144 by\u0142 funkcjonuj\u0105cy od 2007 roku G\u00f3rno\u015bl\u0105ski Zwi\u0105zek Metropolitalny \u2013 pierwsza sformalizowana struktura wsp\u00f3\u0142pracy metropolitalnej, \u0142\u0105cz\u0105ca 14 miast na prawach powiatu. Zwi\u0105zek narodzi\u0142 si\u0119 niejako oddolnie, z inicjatywy prezydent\u00f3w miast centralnej cz\u0119\u015bci wojew\u00f3dztwa \u015bl\u0105skiego. \u015al\u0105skie i zag\u0142\u0119biowskie gminy po\u0142\u0105czy\u0142y wi\u0119c swoje si\u0142y, aby odpowiedzie\u0107 na wyzwania regionu, kt\u00f3rych nie da si\u0119 skutecznie rozwi\u0105zywa\u0107 w granicach pojedynczych gmin \u2013 m.in. w zakresie zintegrowanego systemu transportu, planowania przestrzennego, transformacji poprzemys\u0142owej, ochrony \u015brodowiska, adaptacji do zmian klimatu oraz budowania konkurencyjnej i sp\u00f3jnej gospodarczo metropolii. Metropolia GZM to dzi\u015b zwi\u0105zek metropolitalny 41 gmin, zamieszkiwany przez ok. 2,1 mln os\u00f3b. To obszar ogniskuj\u0105cy ogromny potencja\u0142 i zasoby gospodarcze, spo\u0142eczne, intelektualne, komunikacyjne i kulturalne wojew\u00f3dztwa \u015bl\u0105skiego.<\/p>\n<p>Drog\u0119 do utworzenia instytucji Metropolii w jej obecnym kszta\u0142cie, na mocy specjalnie dedykowanej ustawy, szczeg\u00f3\u0142owo analizuj\u0119 w ksi\u0105\u017cce. Utworzenie G\u00f3rno\u015bl\u0105sko-Zag\u0142\u0119biowskiej Metropolii w 2017 roku by\u0142o politycznym i prawnym uznaniem realnie istniej\u0105cego od wielu lat metropolitalnego organizmu. W codziennym funkcjonowaniu ludzie nie my\u015bl\u0105 bowiem kategoriami administracyjnymi, lecz raczej pragmatycznymi \u2013 \u201ejad\u0119 do pracy\u201d, \u201edo szko\u0142y\u201d, \u201edo lekarza\u201d czy \u201ena koncert\u201d. R\u00f3\u017cne potrzeby mieszka\u0144c\u00f3w i u\u017cytkownik\u00f3w przestrzeni s\u0105 zaspokajane w r\u00f3\u017cnych cz\u0119\u015bciach obszaru metropolitalnego, co tworzy g\u0119st\u0105 sie\u0107 codziennych przep\u0142yw\u00f3w i zale\u017cno\u015bci. W\u0142a\u015bnie dlatego w literaturze naukowej m\u00f3wi si\u0119 o powi\u0105zaniach funkcjonalnych i funkcjonalnym wymiarze metropolizacji.<\/p>\n<p>Violetta Kulik: <strong>Metropolia GZM to olbrzymie zasoby gospodarcze, spo\u0142eczne, intelektualne, komunikacyjne i kulturalne. Na czym polega upowszechnianie w kraju i za granic\u0105 walor\u00f3w Metropolii?<\/strong><\/p>\n<p>Dr Zuzanna Neuve-\u00c9glise: Upowszechnianie walor\u00f3w Metropolii GZM to w praktyce strategiczne opowiadanie \u015bwiatu, kim jeste\u015bmy i dlaczego to ma znaczenie \u2013 w spos\u00f3b sp\u00f3jny, wiarygodny i atrakcyjny. To nie jest reklama w klasycznym sensie, tylko tworzenie rozpoznawalnej to\u017csamo\u015bci metropolitalnej na styku gospodarki, kultury, nauki i rozmaitych element\u00f3w warunkuj\u0105cych jako\u015b\u0107 \u017cycia. Chodzi o to, by metropolia nie by\u0142a postrzegana jedynie jako \u201ezlepek miast\u201d, lecz jako rozpoznawalny podmiot i przede wszystkim dobre miejsce do \u017cycia.<\/p>\n<p>Z jednej strony oznacza to potrzeb\u0119 tworzenia sp\u00f3jnej narracji o transformacji regionu, jego innowacyjno\u015bci, potencjale kulturowym i energii spo\u0142ecznej. Z drugiej strony r\u00f3wnie istotne s\u0105 konkretne dzia\u0142ania: wzmacnianie konkurencyjno\u015bci rynku pracy, poprawa warunk\u00f3w mieszkaniowych czy wysoka jako\u015b\u0107 us\u0142ug publicznych, dzi\u0119ki kt\u00f3rym ludzie rzeczywi\u015bcie chc\u0105 w metropolii mieszka\u0107, uczy\u0107 si\u0119, pracowa\u0107, inwestowa\u0107 i przebywa\u0107. To zadanie dla w\u0142adz lokalnych, regionalnych oraz samej instytucji metropolitalnej. Bardzo wa\u017cnym elementem jest tak\u017ce rozwijanie \u015bwiadomo\u015bci metropolitalnej i postaw obywatelskich mieszka\u0144c\u00f3w, tak aby mogli oni coraz bardziej \u015bwiadomie formu\u0142owa\u0107 swoje oczekiwania wobec w\u0142adz lokalnych i struktury metropolitalnej.<\/p>\n<p>Natomiast kana\u0142ami dyfuzji reputacji metropolii s\u0105 m.in. mi\u0119dzynarodowe konferencje i wydarzenia tematyczne, sieci i partnerstwa miast oraz projekty wsp\u00f3\u0142pracy, w ramach kt\u00f3rych Metropolia GZM mo\u017ce prezentowa\u0107 w\u0142asne dobre praktyki zarz\u0105dcze. Tak jak mia\u0142o to miejsce chocia\u017cby w realizowanym przez zesp\u00f3\u0142 Instytutu Socjologii projekcie <a href=\"https:\/\/www.interreg-central.eu\/projects\/mecog-ce\/\">MECOG-CE<\/a>, w kt\u00f3rym przez ostatnie trzy lata bior\u0119 udzia\u0142. Wypracowana przez Metropoli\u0119 GZM \u201eSzko\u0142a Prototypowania\u201d sta\u0142a si\u0119 inspiracj\u0105 do tworzenia nowych metod pracy nad rozwi\u0105zaniami dla wyzwa\u0144 w partnerskich obszarach metropolitalnych w Czechach i w Niemczech.<\/p>\n<p>Dzi\u0119ki tego typu inicjatywom nasz obszar metropolitalny nie jest postrzegany jako peryferyjny, lecz jako aktywny uczestnik mi\u0119dzynarodowej debaty o przysz\u0142o\u015bci miast, klimacie i transformacji gospodarczej \u2013 taki, od kt\u00f3rego inni r\u00f3wnie\u017c mog\u0105 si\u0119 uczy\u0107.<\/p>\n<p>Violetta Kulik: <a href=\"https:\/\/monograph.us.edu.pl\/index.php\/wydawnictwo\/catalog\/book\/PN.4262\"><strong>Tworzenie G\u00f3rno\u015bl\u0105sko-Zag\u0142\u0119biowskiej Metropolii: pomi\u0119dzy instytucj\u0105 a przestrzeni\u0105 spo\u0142ecznej narracji<\/strong><\/a><strong>\u00a0to najnowsza Pani monografia. Na czym koncentruje si\u0119 ksi\u0105\u017cka?<\/strong><\/p>\n<p>Dr Zuzanna Neuve-\u00c9glise: Ksi\u0105\u017cka koncentruje si\u0119 na procesie tworzenia G\u00f3rno\u015bl\u0105sko-Zag\u0142\u0119biowskiej Metropolii widzianym nie tylko jako projekt instytucjonalno-prawny, lecz tak\u017ce \u2013 a mo\u017ce przede wszystkim \u2013 jako zjawisko kulturowe i symboliczne. Interesowa\u0142o mnie pytanie, czy metropolia mo\u017ce sta\u0107 si\u0119 dla mieszka\u0144c\u00f3w przestrzeni\u0105 \u201eprze\u017cywan\u0105\u201d, a nie wy\u0142\u0105cznie konstruktem administracyjnym, oraz w jaki spos\u00f3b kszta\u0142tuje si\u0119 jej znaczenie w zbiorowej wyobra\u017ani.<\/p>\n<p>Od pocz\u0105tku przy\u015bwieca\u0142 mi cel stworzenia swoistego kompendium wiedzy o podstawach procesu powo\u0142ania GZM \u2013 jego kontek\u015bcie historycznym, kulturowym i spo\u0142ecznym. Chcia\u0142am zebra\u0107 w jednym miejscu kluczowe informacje o tym, czym jest metropolia i metropolizacja, ale jednocze\u015bnie zaproponowa\u0107 czytelnikowi co\u015b wi\u0119cej. Krok po kroku pokazuj\u0119 wi\u0119c metody analizy symbolicznego wymiaru metropolii, kt\u00f3ry dot\u0105d nie by\u0142 systematycznie badany.<\/p>\n<p>Pierwsza, teoretyczna cz\u0119\u015b\u0107 ksi\u0105\u017cki stanowi przyst\u0119pne wprowadzenie do problematyki metropolitalnej i dobrze sprawdzi si\u0119 tak\u017ce dla os\u00f3b, kt\u00f3re dopiero zaczynaj\u0105 interesowa\u0107 si\u0119 tym tematem. Z kolei cz\u0119\u015b\u0107 empiryczna to szczeg\u00f3\u0142owy zapis konkretnego procesu historycznego \u2013 narodzin zarz\u0105dzania metropolitalnego w wojew\u00f3dztwie \u015bl\u0105skim i pierwszej struktury instytucjonalnej powo\u0142anej w tym celu. Czytelnik znajdzie tam m.in. analiz\u0119 burzliwych los\u00f3w ustawy metropolitalnej sprzed 2017 roku, w\u0105tki rywalizacji w\u0142adz miejskich w konurbacji oraz stopniowe wykuwanie si\u0119 my\u015blenia o metropolii jako dobru wsp\u00f3lnym regionu. Praca obejmuje bogate spektrum zagadnie\u0144, problem\u00f3w i do\u015bwiadcze\u0144 zwi\u0105zanych z post\u0119pem wsp\u00f3\u0142pracy mi\u0119dzygminnej w wojew\u00f3dztwie \u015bl\u0105skim.<\/p>\n<p>Ca\u0142o\u015b\u0107 oparta jest na analizie dyskursu medialnego \u2013 artyku\u0142\u00f3w prasowych i komentarzy czytelnik\u00f3w \u2013 co pozwala uchwyci\u0107, jak metropolia by\u0142a opisywana, negocjowana i symbolicznie \u201eoswajana\u201d w przestrzeni publicznej. To propozycja zar\u00f3wno dla badaczy i praktyk\u00f3w, jak i dla wszystkich, kt\u00f3rzy chc\u0105 lepiej zrozumie\u0107 \u017ar\u00f3d\u0142a powstania G\u00f3rno\u015bl\u0105sko-Zag\u0142\u0119biowska Metropolia oraz znaczenia, jakie s\u0105 jej dzi\u015b nadawane.<\/p>\n<p>Violetta Kulik: <strong>Jakie badania naukowe zosta\u0142y przedstawione?<\/strong><\/p>\n<p>Dr Zuzanna Neuve-\u00c9glise: Przedstawione w ksi\u0105\u017cce badania maj\u0105 charakter empiryczny i zosta\u0142y zrealizowane pierwotnie na potrzeby mojej rozprawy doktorskiej w latach 2019\u20132021. Ich osi\u0105 by\u0142y dwa zasadnicze pytania badawcze. Po pierwsze \u2013 w jaki spos\u00f3b proces metropolizacji w wojew\u00f3dztwie \u015bl\u0105skim, rozumiany w wymiarze instytucjonalnym, przestrzennym i funkcjonalnym, by\u0142 odzwierciedlany w prasie regionalnej w latach 2007\u20132018. Po drugie \u2013 jakie znaczenia poj\u0119cia \u201emetropolia\u201d by\u0142y w tym dyskursie konstruowane i utrwalane.<\/p>\n<p>Podstaw\u0105 analizy sta\u0142 si\u0119 obszerny materia\u0142 prasowy obejmuj\u0105cy ponad 1500 artyku\u0142\u00f3w pochodz\u0105cych z dw\u00f3ch popularnych dziennik\u00f3w regionalnych: \u201eDziennika Zachodniego\u201d oraz katowickiego dodatku \u201eGazety Wyborczej\u201d. To tytu\u0142y, kt\u00f3re przez lata odgrywa\u0142y istotn\u0105 rol\u0119 w kszta\u0142towaniu regionalnej debaty publicznej i stanowi\u0142y wa\u017cne \u017ar\u00f3d\u0142o wiedzy o zachodz\u0105cych w regionie przemianach. Interesowa\u0142o mnie nie tylko to, <em>o czym<\/em> pisano w kontek\u015bcie metropolii, lecz tak\u017ce <em>jak<\/em> o niej m\u00f3wiono \u2013 jakie w\u0105tki by\u0142y eksponowane, kto zabiera\u0142 g\u0142os oraz w jaki spos\u00f3b budowano narracj\u0119 o nowej formie organizacji przestrzeni i zarz\u0105dzania.<\/p>\n<p>Analiza zosta\u0142a zaprojektowana wieloetapowo. W pierwszej kolejno\u015bci przeprowadzi\u0142am ilo\u015bciow\u0105 analiz\u0119 tre\u015bci, kt\u00f3ra pozwoli\u0142a uchwyci\u0107 dynamik\u0119 i nat\u0119\u017cenie dyskursu metropolitalnego w d\u0142u\u017cszej perspektywie czasowej, z uwzgl\u0119dnieniem r\u00f3\u017cnych gatunk\u00f3w dziennikarskich \u2013 od tekst\u00f3w informacyjnych i publicystycznych, po wywiady i debaty oraz komentarze czytelnik\u00f3w. Dzi\u0119ki temu mo\u017cliwe by\u0142o pokazanie stopnia otwarto\u015bci debaty oraz zr\u00f3\u017cnicowania aktor\u00f3w uczestnicz\u0105cych w dyskusjach o metropolii.<\/p>\n<p>Kolejny etap stanowi\u0142a pog\u0142\u0119biona analiza jako\u015bciowa, oparta na narz\u0119dziach analizy dyskursu. Skupi\u0142am si\u0119 w niej na tre\u015bci wyodr\u0119bnionych grup tematycznych oraz na mechanizmach porz\u0105dkuj\u0105cych spos\u00f3b m\u00f3wienia o metropolizacji. Uzupe\u0142nieniem tej perspektywy by\u0142a analiza ramowania, pozwalaj\u0105ca zidentyfikowa\u0107 dominuj\u0105ce praktyki selekcji i hierarchizacji informacji oraz \u015brodki j\u0119zykowe, za pomoc\u0105 kt\u00f3rych nadawano sens procesowi metropolizacji, jego problemom i konsekwencjom, a tak\u017ce pr\u00f3bowano wp\u0142ywa\u0107 na spos\u00f3b ich postrzegania przez odbiorc\u00f3w.<\/p>\n<p>W efekcie badania te tworz\u0105 sp\u00f3jny zapis kluczowego etapu metropolizacji regionu \u2013 od funkcjonowania G\u00f3rno\u015bl\u0105skiego Zwi\u0105zku Metropolitalnego po moment powo\u0142ania G\u00f3rno\u015bl\u0105sko-Zag\u0142\u0119biowskiej Metropolii w 2017 roku \u2013 i pokazuj\u0105, jak proces ten by\u0142 spo\u0142ecznie \u201eopowiadany\u201d, negocjowany i oceniany w przestrzeni publicznej.<\/p>\n<p>W ksi\u0105\u017cce podkre\u015blam r\u00f3wnie\u017c, \u017ce wraz z rozwojem procesu metropolizacji dyskurs prasowy \u2013 i szerzej medialny \u2013 powinien by\u0107 przedmiotem dalszych analiz. Praca ta nie wyczerpuje wszystkich w\u0105tk\u00f3w, poniewa\u017c sam dyskurs pozostaje dynamiczny i wci\u0105\u017c si\u0119 kszta\u0142tuje. Staram si\u0119 jednak uchwyci\u0107 i uporz\u0105dkowa\u0107 najistotniejsze tematy pojawiaj\u0105ce si\u0119 w kluczowym okresie formowania i przemian pierwszej struktury metropolitalnego zarz\u0105dzania w regionie. W planowanych przedsi\u0119wzi\u0119ciach badawczych chcia\u0142abym rozwija\u0107 nurt bada\u0144 nad \u015bwiadomo\u015bci\u0105 metropolitaln\u0105, kt\u00f3r\u0105 postrzegam jako istotny warunek kszta\u0142towania postaw obywatelskich, jako\u015bci demokracji lokalnej oraz \u2013 w d\u0142u\u017cszej perspektywie \u2013 zr\u00f3wnowa\u017conego rozwoju regionu. Bez tego bowiem instytucja metropolitalna mo\u017ce pozosta\u0107 jedynie kolejnym administracyjnym tworem, oderwanym od realnych potrzeb i oczekiwa\u0144 spo\u0142ecznych.<\/p>\n<p>Violetta Kulik: Dzi\u0119kuj\u0119 za rozmow\u0119.<\/p>\n<p>&nbsp;<\/p>\n<p>&nbsp;<\/p>\n<p>&nbsp;<\/p>\n<p>&nbsp;<\/p>\n<p>&nbsp;<\/p>\n<p>&nbsp;<\/p>\n<p>&nbsp;<\/p>\n<p>&nbsp;<\/p>\n<p>&nbsp;<\/p>\n<p>\n<\/div>\r\n                    <\/div>\r\n                <\/div>[\/vc_column][vc_column width=&#8221;1\/3&#8243;]\r\n                <div class=\"text-modules\">\r\n                    <div class=\"container\">\r\n                        \r\n                        <div class=\"text-modules__content\"><p><img class=\"alignnone wp-image-183699 size-large\" src=\"https:\/\/us.edu.pl\/wydzial\/wns\/wp-content\/uploads\/sites\/17\/Bez-kategorii\/Zdjecie-US_Zuzanna-Neuve-Eglise-683x1024.jpg\" alt=\"dr Zuzanna Neuve-\u00c9glise\" width=\"640\" height=\"960\" srcset=\"https:\/\/us.edu.pl\/wydzial\/wns\/wp-content\/uploads\/sites\/17\/Bez-kategorii\/Zdjecie-US_Zuzanna-Neuve-Eglise-683x1024.jpg 683w, https:\/\/us.edu.pl\/wydzial\/wns\/wp-content\/uploads\/sites\/17\/Bez-kategorii\/Zdjecie-US_Zuzanna-Neuve-Eglise-200x300.jpg 200w, https:\/\/us.edu.pl\/wydzial\/wns\/wp-content\/uploads\/sites\/17\/Bez-kategorii\/Zdjecie-US_Zuzanna-Neuve-Eglise-768x1152.jpg 768w, https:\/\/us.edu.pl\/wydzial\/wns\/wp-content\/uploads\/sites\/17\/Bez-kategorii\/Zdjecie-US_Zuzanna-Neuve-Eglise-1024x1536.jpg 1024w, https:\/\/us.edu.pl\/wydzial\/wns\/wp-content\/uploads\/sites\/17\/Bez-kategorii\/Zdjecie-US_Zuzanna-Neuve-Eglise-1365x2048.jpg 1365w, https:\/\/us.edu.pl\/wydzial\/wns\/wp-content\/uploads\/sites\/17\/Bez-kategorii\/Zdjecie-US_Zuzanna-Neuve-Eglise-383x575.jpg 383w, https:\/\/us.edu.pl\/wydzial\/wns\/wp-content\/uploads\/sites\/17\/Bez-kategorii\/Zdjecie-US_Zuzanna-Neuve-Eglise-scaled.jpg 1707w\" sizes=\"(max-width: 640px) 100vw, 640px\" \/><\/p>\n<p>dr Zuzanna Neuve-\u00c9glise<\/p>\n<\/div>\r\n                    <\/div>\r\n                <\/div>[\/vc_column][\/vc_row]<\/p>","protected":false},"excerpt":{"rendered":"<p>[vc_row][vc_column width=&#8221;2\/3&#8243;][\/vc_column][vc_column width=&#8221;1\/3&#8243;][\/vc_column][\/vc_row] [&#8230;]<\/p>\n<p><a class=\"btn btn-secondary understrap-read-more-link\" href=\"https:\/\/us.edu.pl\/wydzial\/wns\/2026\/01\/19\/metropolia-gzm-strategiczne-opowiadanie-swiatu-ze-to-dobre-miejsce-do-zycia-rozmowa-z-dr-zuzanna-neuve-eglise\/\">Read More&#8230;<\/a><\/p>\n","protected":false},"author":133,"featured_media":183711,"comment_status":"open","ping_status":"open","sticky":false,"template":"","format":"standard","meta":{"_expiration-date-status":"","_expiration-date":0,"_expiration-date-type":"","_expiration-date-categories":[],"_expiration-date-options":[]},"categories":[146],"tags":[],"acf":[],"_links":{"self":[{"href":"https:\/\/us.edu.pl\/wydzial\/wns\/wp-json\/wp\/v2\/posts\/183928"}],"collection":[{"href":"https:\/\/us.edu.pl\/wydzial\/wns\/wp-json\/wp\/v2\/posts"}],"about":[{"href":"https:\/\/us.edu.pl\/wydzial\/wns\/wp-json\/wp\/v2\/types\/post"}],"author":[{"embeddable":true,"href":"https:\/\/us.edu.pl\/wydzial\/wns\/wp-json\/wp\/v2\/users\/133"}],"replies":[{"embeddable":true,"href":"https:\/\/us.edu.pl\/wydzial\/wns\/wp-json\/wp\/v2\/comments?post=183928"}],"version-history":[{"count":2,"href":"https:\/\/us.edu.pl\/wydzial\/wns\/wp-json\/wp\/v2\/posts\/183928\/revisions"}],"predecessor-version":[{"id":183953,"href":"https:\/\/us.edu.pl\/wydzial\/wns\/wp-json\/wp\/v2\/posts\/183928\/revisions\/183953"}],"wp:featuredmedia":[{"embeddable":true,"href":"https:\/\/us.edu.pl\/wydzial\/wns\/wp-json\/wp\/v2\/media\/183711"}],"wp:attachment":[{"href":"https:\/\/us.edu.pl\/wydzial\/wns\/wp-json\/wp\/v2\/media?parent=183928"}],"wp:term":[{"taxonomy":"category","embeddable":true,"href":"https:\/\/us.edu.pl\/wydzial\/wns\/wp-json\/wp\/v2\/categories?post=183928"},{"taxonomy":"post_tag","embeddable":true,"href":"https:\/\/us.edu.pl\/wydzial\/wns\/wp-json\/wp\/v2\/tags?post=183928"}],"curies":[{"name":"wp","href":"https:\/\/api.w.org\/{rel}","templated":true}]}}