{"id":185385,"date":"2026-03-24T10:26:03","date_gmt":"2026-03-24T09:26:03","guid":{"rendered":"https:\/\/us.edu.pl\/wydzial\/wns\/?p=185385"},"modified":"2026-03-24T10:27:02","modified_gmt":"2026-03-24T09:27:02","slug":"ksiazka-wyznania-gornoslazaka-nieoczywiste-rozrachunki-autorstwa-dr-tomasza-slupika","status":"publish","type":"post","link":"https:\/\/us.edu.pl\/wydzial\/wns\/2026\/03\/24\/ksiazka-wyznania-gornoslazaka-nieoczywiste-rozrachunki-autorstwa-dr-tomasza-slupika\/","title":{"rendered":"Ksi\u0105\u017cka \u201eWyznania G\u00f3rno\u015bl\u0105zaka. Nieoczywiste rozrachunki&#8221; autorstwa dr. Tomasza S\u0142upika"},"content":{"rendered":"<p>[vc_row][vc_column width=&#8221;2\/3&#8243;]\r\n                <div class=\"text-modules\">\r\n                    <div class=\"container\">\r\n                        \r\n                        <div class=\"text-modules__content\"><p>Ksi\u0105\u017cka <a href=\"https:\/\/www.empik.com\/wyznania-gornoslazaka-nieoczywiste-rozrachunki-slupik-tomasz,p1722898520,ksiazka-p?msockid=03cf9bc35e26681615398f4a5f3469f9\">Wyznania G\u00f3rno\u015bl\u0105zaka. Nieoczywiste rozrachunki<\/a> to zbi\u00f3r 29 felieton\u00f3w, kt\u00f3re ukazywa\u0142y si\u0119 na \u0142amach <a href=\"https:\/\/slaskgtl.pl\/miesiecznik_slask\/\">miesi\u0119cznika \u015al\u0105sk<\/a> od lipca 2023 do stycznia 2026 roku.<\/p>\n<p>Pozycja zosta\u0142a wydana przez Wydawnictwo Naukowe \u015al\u0105sk.<\/p>\n<p>O czym jest ksi\u0105\u017cka?<\/p>\n<p>Najlepiej zilustruje to poni\u017cszy cytat autora &#8211; dr. Tomasz S\u0142upika:<\/p>\n<p>&#8222;Sp\u0119dzi\u0142em na \u0142amach miesi\u0119cznika \u201e\u015al\u0105sk\u201d czas od lipca 2023 do stycznia 2026. Ponad dwa i p\u00f3\u0142 roku. Napisa\u0142em 29 felieton\u00f3w. Prawie 200 tysi\u0119cy znak\u00f3wze spacjami. Mog\u0142aby z tego powsta\u0107 ma\u0142a ksi\u0105\u017cka. Du\u017co si\u0119 w tym czasie nauczy\u0142em. I kiedy spogl\u0105dam na ten m\u00f3j dorobek, dostrzegam kilka wyra\u017anych linii rozwojowych, powtarzaj\u0105cych si\u0119 temat\u00f3w. S\u0105 to oczywi\u015bcie: \u015al\u0105sk, Polska, Rosja w kontek\u015bcie wojny w Ukrainie, ale r\u00f3wnie\u017c szerzej, jako kultura czy wr\u0119cz cywilizacja.&#8221;<\/p>\n<p>Relacja z promocyjnego wydarzenia, kt\u00f3ra odby\u0142a si\u0119 na Wydziale Nauk Spo\u0142ecznych &#8211; <a href=\"http:\/\/facebook.com\/reel\/26521213014182723\/?s=single_unit\">facebook.com\/reel\/26521213014182723\/?s=single_unit<\/a><\/p>\n<p>Kolejna promocja ksi\u0105\u017cki odb\u0119dzie si\u0119 13.04.2026 (poniedzia\u0142ek) w Bibliotece \u015al\u0105skiej w Katowicach o godzinie 18:00.<\/p>\n<\/div>\r\n                    <\/div>\r\n                <\/div>[\/vc_column][vc_column width=&#8221;1\/3&#8243;]\r\n                <div class=\"text-modules\">\r\n                    <div class=\"container\">\r\n                        \r\n                        <div class=\"text-modules__content\"><p><img class=\"alignnone wp-image-185386 size-large\" src=\"https:\/\/us.edu.pl\/wydzial\/wns\/wp-content\/uploads\/sites\/17\/Bez-kategorii\/Fot.-Matylda-Klos-61-731x1024.jpg\" alt=\"dr Tomasz S\u0142upik\" width=\"640\" height=\"897\" srcset=\"https:\/\/us.edu.pl\/wydzial\/wns\/wp-content\/uploads\/sites\/17\/Bez-kategorii\/Fot.-Matylda-Klos-61-731x1024.jpg 731w, https:\/\/us.edu.pl\/wydzial\/wns\/wp-content\/uploads\/sites\/17\/Bez-kategorii\/Fot.-Matylda-Klos-61-214x300.jpg 214w, https:\/\/us.edu.pl\/wydzial\/wns\/wp-content\/uploads\/sites\/17\/Bez-kategorii\/Fot.-Matylda-Klos-61-768x1075.jpg 768w, https:\/\/us.edu.pl\/wydzial\/wns\/wp-content\/uploads\/sites\/17\/Bez-kategorii\/Fot.-Matylda-Klos-61-1097x1536.jpg 1097w, https:\/\/us.edu.pl\/wydzial\/wns\/wp-content\/uploads\/sites\/17\/Bez-kategorii\/Fot.-Matylda-Klos-61-1463x2048.jpg 1463w, https:\/\/us.edu.pl\/wydzial\/wns\/wp-content\/uploads\/sites\/17\/Bez-kategorii\/Fot.-Matylda-Klos-61-411x575.jpg 411w, https:\/\/us.edu.pl\/wydzial\/wns\/wp-content\/uploads\/sites\/17\/Bez-kategorii\/Fot.-Matylda-Klos-61-scaled.jpg 1829w\" sizes=\"(max-width: 640px) 100vw, 640px\" \/><\/p>\n<p>dr Tomasz S\u0142upik<\/p>\n<p>Fot. Matylda Klos<\/p>\n<\/div>\r\n                    <\/div>\r\n                <\/div>[\/vc_column][\/vc_row]<\/p>","protected":false},"excerpt":{"rendered":"<p>[vc_row][vc_column width=&#8221;2\/3&#8243;][\/vc_column][vc_column width=&#8221;1\/3&#8243;][\/vc_column][\/vc_row] [&#8230;]<\/p>\n<p><a class=\"btn btn-secondary understrap-read-more-link\" href=\"https:\/\/us.edu.pl\/wydzial\/wns\/2026\/03\/24\/ksiazka-wyznania-gornoslazaka-nieoczywiste-rozrachunki-autorstwa-dr-tomasza-slupika\/\">Read More&#8230;<\/a><\/p>\n","protected":false},"author":133,"featured_media":5153,"comment_status":"open","ping_status":"open","sticky":false,"template":"","format":"standard","meta":{"_expiration-date-status":"","_expiration-date":0,"_expiration-date-type":"","_expiration-date-categories":[],"_expiration-date-options":[]},"categories":[146],"tags":[],"acf":[],"_links":{"self":[{"href":"https:\/\/us.edu.pl\/wydzial\/wns\/wp-json\/wp\/v2\/posts\/185385"}],"collection":[{"href":"https:\/\/us.edu.pl\/wydzial\/wns\/wp-json\/wp\/v2\/posts"}],"about":[{"href":"https:\/\/us.edu.pl\/wydzial\/wns\/wp-json\/wp\/v2\/types\/post"}],"author":[{"embeddable":true,"href":"https:\/\/us.edu.pl\/wydzial\/wns\/wp-json\/wp\/v2\/users\/133"}],"replies":[{"embeddable":true,"href":"https:\/\/us.edu.pl\/wydzial\/wns\/wp-json\/wp\/v2\/comments?post=185385"}],"version-history":[{"count":2,"href":"https:\/\/us.edu.pl\/wydzial\/wns\/wp-json\/wp\/v2\/posts\/185385\/revisions"}],"predecessor-version":[{"id":185388,"href":"https:\/\/us.edu.pl\/wydzial\/wns\/wp-json\/wp\/v2\/posts\/185385\/revisions\/185388"}],"wp:featuredmedia":[{"embeddable":true,"href":"https:\/\/us.edu.pl\/wydzial\/wns\/wp-json\/wp\/v2\/media\/5153"}],"wp:attachment":[{"href":"https:\/\/us.edu.pl\/wydzial\/wns\/wp-json\/wp\/v2\/media?parent=185385"}],"wp:term":[{"taxonomy":"category","embeddable":true,"href":"https:\/\/us.edu.pl\/wydzial\/wns\/wp-json\/wp\/v2\/categories?post=185385"},{"taxonomy":"post_tag","embeddable":true,"href":"https:\/\/us.edu.pl\/wydzial\/wns\/wp-json\/wp\/v2\/tags?post=185385"}],"curies":[{"name":"wp","href":"https:\/\/api.w.org\/{rel}","templated":true}]}}