{"id":185451,"date":"2026-03-30T10:36:18","date_gmt":"2026-03-30T08:36:18","guid":{"rendered":"https:\/\/us.edu.pl\/wydzial\/wns\/?p=185451"},"modified":"2026-03-30T11:02:56","modified_gmt":"2026-03-30T09:02:56","slug":"kurcze-blade-o-psychologicznych-odcieniach-przeklinania-wydarzenie-w-teatrze-korez","status":"publish","type":"post","link":"https:\/\/us.edu.pl\/wydzial\/wns\/2026\/03\/30\/kurcze-blade-o-psychologicznych-odcieniach-przeklinania-wydarzenie-w-teatrze-korez\/","title":{"rendered":"\u201eKurcz\u0119 blade! O psychologicznych odcieniach przeklinania&#8221; &#8211; wydarzenie w Teatrze Korez"},"content":{"rendered":"<p>[vc_row][vc_column width=&#8221;2\/3&#8243;]\r\n                <div class=\"text-modules\">\r\n                    <div class=\"container\">\r\n                        \r\n                        <div class=\"text-modules__content\"><p>22 maja 2026 r. w Teatrze Korez o godz. 10:00 odb\u0119dzie si\u0119 wydarzenie Wydzia\u0142u Nauk Spo\u0142ecznych Uniwersytetu \u015al\u0105skiego w Katowicach, realizowane w ramach projektu: \u201eNauka jest w\u015br\u00f3d nas!\u201d.<\/p>\n<p>W czasie wyk\u0142adu pt: <strong>\u201eKurcz\u0119 blade! O psychologicznych odcieniach przeklinania&#8221; <\/strong>dr hab. \u0141ukasz Jach, prof. U\u015a opowie dlaczego ludzie przeklinaj\u0105, nawet je\u015bli jest to spostrzegane jako rzecz niew\u0142a\u015bciwa i niepo\u017c\u0105dana.<\/p>\n<p>Badania psycholog\u00f3w pokazuj\u0105 jednak, \u017ce przeklinanie ma w naszym \u017cyciu wiele funkcji i wi\u0105\u017ce si\u0119 z licznymi, cz\u0119sto zaskakuj\u0105cymi efektami.<\/p>\n<p>W trakcie wyk\u0142adu uczniowie poznaj\u0105 wyniki wybranych bada\u0144 dotycz\u0105cych przeklinania, co pomo\u017ce im zrozumie\u0107 rol\u0119 przekle\u0144stw w codziennym \u017cyciu i komunikacji.<\/p>\n<p>&nbsp;<\/p>\n<p>Wst\u0119p wolny!<\/p>\n<p>Czas trwania wydarzenia 2 godziny.<\/p>\n<p>&nbsp;<\/p>\n<p>Wydarzenie skierowane jest dla wszystkich zainteresowanych tematem.<\/p>\n<p>&nbsp;<\/p>\n<p>Partnerami wydarzenia s\u0105:\u00a0<a href=\"https:\/\/teatrkorez.pl\/repertuar\">Teatr Korez<\/a>\u00a0oraz\u00a0<a href=\"https:\/\/www.facebook.com\/EDSlaskie\/\">Europe Direct \u015al\u0105skie<\/a>.<\/p>\n<\/div>\r\n                    <\/div>\r\n                <\/div>[\/vc_column][vc_column width=&#8221;1\/3&#8243;]\r\n                <div class=\"text-modules\">\r\n                    <div class=\"container\">\r\n                        \r\n                        <div class=\"text-modules__content\"><p><img class=\"alignnone wp-image-166481 size-large\" src=\"https:\/\/us.edu.pl\/wydzial\/wns\/wp-content\/uploads\/sites\/17\/Bez-kategorii\/dr-Lukasz-Jach-683x1024.jpg\" alt=\"dr \u0141ukasz Jach, prof. U\u015a\" width=\"640\" height=\"960\" srcset=\"https:\/\/us.edu.pl\/wydzial\/wns\/wp-content\/uploads\/sites\/17\/Bez-kategorii\/dr-Lukasz-Jach-683x1024.jpg 683w, https:\/\/us.edu.pl\/wydzial\/wns\/wp-content\/uploads\/sites\/17\/Bez-kategorii\/dr-Lukasz-Jach-200x300.jpg 200w, https:\/\/us.edu.pl\/wydzial\/wns\/wp-content\/uploads\/sites\/17\/Bez-kategorii\/dr-Lukasz-Jach-768x1152.jpg 768w, https:\/\/us.edu.pl\/wydzial\/wns\/wp-content\/uploads\/sites\/17\/Bez-kategorii\/dr-Lukasz-Jach-1024x1536.jpg 1024w, https:\/\/us.edu.pl\/wydzial\/wns\/wp-content\/uploads\/sites\/17\/Bez-kategorii\/dr-Lukasz-Jach-1365x2048.jpg 1365w, https:\/\/us.edu.pl\/wydzial\/wns\/wp-content\/uploads\/sites\/17\/Bez-kategorii\/dr-Lukasz-Jach-383x575.jpg 383w, https:\/\/us.edu.pl\/wydzial\/wns\/wp-content\/uploads\/sites\/17\/Bez-kategorii\/dr-Lukasz-Jach-scaled.jpg 1707w\" sizes=\"(max-width: 640px) 100vw, 640px\" \/><\/p>\n<p>dr hab. \u0141ukasz Jach, prof. U\u015a<\/p>\n<\/div>\r\n                    <\/div>\r\n                <\/div>[\/vc_column][\/vc_row]<\/p>","protected":false},"excerpt":{"rendered":"<p>[vc_row][vc_column width=&#8221;2\/3&#8243;][\/vc_column][vc_column width=&#8221;1\/3&#8243;][\/vc_column][\/vc_row] [&#8230;]<\/p>\n<p><a class=\"btn btn-secondary understrap-read-more-link\" href=\"https:\/\/us.edu.pl\/wydzial\/wns\/2026\/03\/30\/kurcze-blade-o-psychologicznych-odcieniach-przeklinania-wydarzenie-w-teatrze-korez\/\">Read More&#8230;<\/a><\/p>\n","protected":false},"author":133,"featured_media":185452,"comment_status":"open","ping_status":"open","sticky":false,"template":"","format":"standard","meta":{"_expiration-date-status":"","_expiration-date":0,"_expiration-date-type":"","_expiration-date-categories":[],"_expiration-date-options":[]},"categories":[147],"tags":[],"acf":[],"_links":{"self":[{"href":"https:\/\/us.edu.pl\/wydzial\/wns\/wp-json\/wp\/v2\/posts\/185451"}],"collection":[{"href":"https:\/\/us.edu.pl\/wydzial\/wns\/wp-json\/wp\/v2\/posts"}],"about":[{"href":"https:\/\/us.edu.pl\/wydzial\/wns\/wp-json\/wp\/v2\/types\/post"}],"author":[{"embeddable":true,"href":"https:\/\/us.edu.pl\/wydzial\/wns\/wp-json\/wp\/v2\/users\/133"}],"replies":[{"embeddable":true,"href":"https:\/\/us.edu.pl\/wydzial\/wns\/wp-json\/wp\/v2\/comments?post=185451"}],"version-history":[{"count":2,"href":"https:\/\/us.edu.pl\/wydzial\/wns\/wp-json\/wp\/v2\/posts\/185451\/revisions"}],"predecessor-version":[{"id":185454,"href":"https:\/\/us.edu.pl\/wydzial\/wns\/wp-json\/wp\/v2\/posts\/185451\/revisions\/185454"}],"wp:featuredmedia":[{"embeddable":true,"href":"https:\/\/us.edu.pl\/wydzial\/wns\/wp-json\/wp\/v2\/media\/185452"}],"wp:attachment":[{"href":"https:\/\/us.edu.pl\/wydzial\/wns\/wp-json\/wp\/v2\/media?parent=185451"}],"wp:term":[{"taxonomy":"category","embeddable":true,"href":"https:\/\/us.edu.pl\/wydzial\/wns\/wp-json\/wp\/v2\/categories?post=185451"},{"taxonomy":"post_tag","embeddable":true,"href":"https:\/\/us.edu.pl\/wydzial\/wns\/wp-json\/wp\/v2\/tags?post=185451"}],"curies":[{"name":"wp","href":"https:\/\/api.w.org\/{rel}","templated":true}]}}