{"id":185900,"date":"2026-04-27T08:05:17","date_gmt":"2026-04-27T06:05:17","guid":{"rendered":"https:\/\/us.edu.pl\/wydzial\/wns\/?p=185900"},"modified":"2026-04-27T08:05:17","modified_gmt":"2026-04-27T06:05:17","slug":"przedstawicielki-instytutu-pedagogiki-z-wizyta-w-miejskim-przedszkolu-nr-37-im-pracowitych-pszczolek-w-rudzie-slaskiej","status":"publish","type":"post","link":"https:\/\/us.edu.pl\/wydzial\/wns\/2026\/04\/27\/przedstawicielki-instytutu-pedagogiki-z-wizyta-w-miejskim-przedszkolu-nr-37-im-pracowitych-pszczolek-w-rudzie-slaskiej\/","title":{"rendered":"Przedstawicielki Instytutu Pedagogiki z wizyt\u0105 w Miejskim Przedszkolu nr 37 im. Pracowitych Pszcz\u00f3\u0142ek w Rudzie \u015al\u0105skiej"},"content":{"rendered":"<p>[vc_row][vc_column width=&#8221;2\/3&#8243;]\r\n                <div class=\"text-modules\">\r\n                    <div class=\"container\">\r\n                        \r\n                        <div class=\"text-modules__content\"><p>W dniu 22 kwietnia\u00a0 br. dr Hewilia Hetma\u0144czyk, prof. U\u015a oraz dr Ewelina Kawiak z Instytutu Pedagogiki WNS go\u015bci\u0142y w Miejskim Przedszkolu nr 37 im. Pracowitych Pszcz\u00f3\u0142ek w Rudzie \u015al\u0105skiej.<\/p>\n<p>Badaczki wzi\u0119\u0142y udzia\u0142 w charakterze cz\u0142onk\u00f3w jury w pokazie mody ekologicznej, podczas kt\u00f3rego dzieci zaprezentowa\u0142y przygotowane przez siebie stroje z recyklingu. Pokaz mody by\u0142 cz\u0119\u015bci\u0105 wojew\u00f3dzkiego konkursu \u201eB\u0104D\u0179 AKTYWNY Z KURATOREM\u201d.<\/p>\n<p>Relacja z pokazu mody:<\/p>\n<p><a href=\"https:\/\/wiadomoscirudzkie.pl\/wiadomosci\/aktualnosci\/pracowite-pszczolki-na-wybiegu\/\">https:\/\/wiadomoscirudzkie.pl\/wiadomosci\/aktualnosci\/pracowite-pszczolki-na-wybiegu\/<\/a><\/p>\n<p><a href=\"https:\/\/www.facebook.com\/share\/p\/1CJqE9G8s8\/\">https:\/\/www.facebook.com\/share\/p\/1CJqE9G8s8\/<\/a><\/p>\n<p>&nbsp;<\/p>\n<p>Wizyta w Przedszkolu to pierwsze spotkanie w ramach nawi\u0105zanego z plac\u00f3wk\u0105 porozumienia o wsp\u00f3\u0142pracy. Jego celem jest wspieranie jako\u015bci edukacji poprzez wsp\u00f3ln\u0105 wymian\u0119 do\u015bwiadcze\u0144.<\/p>\n<p>Dzia\u0142ania w ramach nawi\u0105zanego porozumienia koordynuj\u0105 z ramienia Wydzia\u0142u Nauk Spo\u0142ecznych dr hab. Edyta Widawska, prof. U\u015a (Prodziekana do spraw wsp\u00f3\u0142pracy mi\u0119dzynarodowej i krajowej), dr Ewelina Kawiak (Zast\u0119pca Dyrektora kierunku arteterapia, pedagogika, pedagogika specjalna, pedagogika przedszkolna i wczesnoszkolna) oraz dr Maciej Janowski (Dyrektor kierunku studi\u00f3w Psychologia.<\/p>\n<\/div>\r\n                    <\/div>\r\n                <\/div>[\/vc_column][vc_column width=&#8221;1\/3&#8243;]\r\n                <div class=\"text-modules\">\r\n                    <div class=\"container\">\r\n                        \r\n                        <div class=\"text-modules__content\"><p><img class=\"alignnone wp-image-185901 size-medium\" src=\"https:\/\/us.edu.pl\/wydzial\/wns\/wp-content\/uploads\/sites\/17\/Bez-kategorii\/pszczowlka-225x300.jpg\" alt=\"\" width=\"225\" height=\"300\" srcset=\"https:\/\/us.edu.pl\/wydzial\/wns\/wp-content\/uploads\/sites\/17\/Bez-kategorii\/pszczowlka-225x300.jpg 225w, https:\/\/us.edu.pl\/wydzial\/wns\/wp-content\/uploads\/sites\/17\/Bez-kategorii\/pszczowlka-768x1024.jpg 768w, https:\/\/us.edu.pl\/wydzial\/wns\/wp-content\/uploads\/sites\/17\/Bez-kategorii\/pszczowlka-1152x1536.jpg 1152w, https:\/\/us.edu.pl\/wydzial\/wns\/wp-content\/uploads\/sites\/17\/Bez-kategorii\/pszczowlka-1536x2048.jpg 1536w, https:\/\/us.edu.pl\/wydzial\/wns\/wp-content\/uploads\/sites\/17\/Bez-kategorii\/pszczowlka-431x575.jpg 431w, https:\/\/us.edu.pl\/wydzial\/wns\/wp-content\/uploads\/sites\/17\/Bez-kategorii\/pszczowlka-scaled.jpg 1920w\" sizes=\"(max-width: 225px) 100vw, 225px\" \/><\/p>\n<\/div>\r\n                    <\/div>\r\n                <\/div>[\/vc_column][\/vc_row]<\/p>","protected":false},"excerpt":{"rendered":"<p>[vc_row][vc_column width=&#8221;2\/3&#8243;][\/vc_column][vc_column width=&#8221;1\/3&#8243;][\/vc_column][\/vc_row] [&#8230;]<\/p>\n<p><a class=\"btn btn-secondary understrap-read-more-link\" href=\"https:\/\/us.edu.pl\/wydzial\/wns\/2026\/04\/27\/przedstawicielki-instytutu-pedagogiki-z-wizyta-w-miejskim-przedszkolu-nr-37-im-pracowitych-pszczolek-w-rudzie-slaskiej\/\">Read More&#8230;<\/a><\/p>\n","protected":false},"author":133,"featured_media":185901,"comment_status":"open","ping_status":"open","sticky":false,"template":"","format":"standard","meta":{"_expiration-date-status":"","_expiration-date":0,"_expiration-date-type":"","_expiration-date-categories":[],"_expiration-date-options":[]},"categories":[11],"tags":[],"acf":[],"_links":{"self":[{"href":"https:\/\/us.edu.pl\/wydzial\/wns\/wp-json\/wp\/v2\/posts\/185900"}],"collection":[{"href":"https:\/\/us.edu.pl\/wydzial\/wns\/wp-json\/wp\/v2\/posts"}],"about":[{"href":"https:\/\/us.edu.pl\/wydzial\/wns\/wp-json\/wp\/v2\/types\/post"}],"author":[{"embeddable":true,"href":"https:\/\/us.edu.pl\/wydzial\/wns\/wp-json\/wp\/v2\/users\/133"}],"replies":[{"embeddable":true,"href":"https:\/\/us.edu.pl\/wydzial\/wns\/wp-json\/wp\/v2\/comments?post=185900"}],"version-history":[{"count":1,"href":"https:\/\/us.edu.pl\/wydzial\/wns\/wp-json\/wp\/v2\/posts\/185900\/revisions"}],"predecessor-version":[{"id":185902,"href":"https:\/\/us.edu.pl\/wydzial\/wns\/wp-json\/wp\/v2\/posts\/185900\/revisions\/185902"}],"wp:featuredmedia":[{"embeddable":true,"href":"https:\/\/us.edu.pl\/wydzial\/wns\/wp-json\/wp\/v2\/media\/185901"}],"wp:attachment":[{"href":"https:\/\/us.edu.pl\/wydzial\/wns\/wp-json\/wp\/v2\/media?parent=185900"}],"wp:term":[{"taxonomy":"category","embeddable":true,"href":"https:\/\/us.edu.pl\/wydzial\/wns\/wp-json\/wp\/v2\/categories?post=185900"},{"taxonomy":"post_tag","embeddable":true,"href":"https:\/\/us.edu.pl\/wydzial\/wns\/wp-json\/wp\/v2\/tags?post=185900"}],"curies":[{"name":"wp","href":"https:\/\/api.w.org\/{rel}","templated":true}]}}