{"id":185911,"date":"2026-04-27T10:50:17","date_gmt":"2026-04-27T08:50:17","guid":{"rendered":"https:\/\/us.edu.pl\/wydzial\/wns\/?p=185911"},"modified":"2026-04-27T10:50:17","modified_gmt":"2026-04-27T08:50:17","slug":"seminarium-wieloglos-o-radiu-podsumowanie-wydarzenia","status":"publish","type":"post","link":"https:\/\/us.edu.pl\/wydzial\/wns\/2026\/04\/27\/seminarium-wieloglos-o-radiu-podsumowanie-wydarzenia\/","title":{"rendered":"Seminarium WIELOG\u0141OS O RADIU &#8211; podsumowanie wydarzenia"},"content":{"rendered":"<p>[vc_row][vc_column width=&#8221;2\/3&#8243;]\r\n                <div class=\"text-modules\">\r\n                    <div class=\"container\">\r\n                        \r\n                        <div class=\"text-modules__content\"><\/p>\n<div>\n<div dir=\"auto\">\n<p>23 kwietnia 2026 roku na Uniwersytecie \u015al\u0105skim w Katowicach odby\u0142o si\u0119 seminarium WIELOG\u0141OS O RADIU. Wydarzenie zosta\u0142o zorganizowane przez Sekcj\u0119 Mediolingwistyki Komitetu Nauk o Komunikacji Spo\u0142ecznej i Mediach PAN oraz sekcj\u0119 Radio i komunikacja audialna Polskiego Towarzystwa Komunikacji Spo\u0142ecznej. Wsp\u00f3\u0142organizatorem wydarzenia by\u0142 Instytut Dziennikarstwa i Komunikacji Medialnej Uniwersytetu \u015al\u0105skiego w Katowicach oraz Katedra Dziennikarstwa i Komunikacji Spo\u0142ecznej Uniwersytetu \u0141\u00f3dzkiego.<\/p>\n<p>Wydarzeniu zosta\u0142 przyznany Honorowy Patronat Rektora Uniwersytetu \u015al\u0105skiego w Katowicach.<\/p>\n<\/div>\n<\/div>\n<div>\n<div dir=\"auto\">Prof. dr hab. Ryszard Kozio\u0142ek, JM Rektor Uniwersytetu \u015al\u0105skiego otworzy\u0142 wydarzenie wraz dr hab. Ma\u0142gorzat\u0105 My\u015bliwiec, prof. U\u015a, Dziekan\u0105 Wydzia\u0142u Nauk Spo\u0142ecznych Uniwersytetu \u015al\u0105skiego, zosta\u0142 tak\u017ce odczytany list prof. dr hab. Iwony Hofman, Prezes Polskiego Towarzystwa Komunikacji Spo\u0142ecznej.<\/div>\n<\/div>\n<div>\n<div dir=\"auto\">\n<p>W trzech debatach ludzie radia \u2013 wybitni specjali\u015bci, badacze, mistrzowie zawodu, tw\u00f3rcy radiowi \u2013 dyskutowali nad radiem w XXI wieku. Przeci\u0119\u0142y si\u0119 wi\u0119c w tym wielog\u0142osie r\u00f3\u017cne perspektywy my\u015blenia o radiu \u2013 instytucjonalna, technologiczna, zarz\u0105dcza, ale i perspektywa autor\u00f3w, tw\u00f3rc\u00f3w, po przedstawienie szk\u00f3\u0142 bada\u0144 nad radiem i indywidualnych bada\u0144 nad audialno\u015bci\u0105. Wszyscy byli zgodni co do jednego \u2013 radio jest przestrzeni\u0105 budowania wsp\u00f3lnoty. Z pewno\u015bci\u0105 uda\u0142o si\u0119 w Katowicach stworzy\u0107 wsp\u00f3lnot\u0119 ludzi my\u015bl\u0105cych bardzo podobnie o audialno\u015bci we wsp\u00f3\u0142czesnej kulturze.<\/p>\n<\/div>\n<\/div>\n<div>\n<div dir=\"auto\">\n<p>Wydarzenie by\u0142o efektem MIKRO-grantu przyznanego przez Polskiego Towarzystwa Komunikacji Spo\u0142ecznej. Patronatem obj\u0119\u0142o je tak\u017ce Polskie Towarzystwo Edukacji Medialnej, natomiast patronatem medialnym: Polskie Radio, Polskie Radio Katowice, Audionomia, magazyn Glissando, Studenckie Studio Radiowe EGIDA. Zako\u0144czenie tego seminarium odby\u0142o si\u0119 w wyj\u0105tkowej sali koncertowej katowickiego NOSPR.<\/p>\n<\/div>\n<\/div>\n<div>\n<div dir=\"auto\">Organizatorkami wydarzenia by\u0142y dr hab. Magdalena \u015alawska, prof. U\u015a z Uniwersytetu \u015al\u0105skiego oraz dr Joanna Bachura-Wojtasik z Uniwersytetu \u0141\u00f3dzkiego.<\/div>\n<\/div>\n<p>\n<\/div>\r\n                    <\/div>\r\n                <\/div>[\/vc_column][vc_column width=&#8221;1\/3&#8243;]\r\n                <div class=\"text-modules\">\r\n                    <div class=\"container\">\r\n                        \r\n                        <div class=\"text-modules__content\"><p><img class=\"alignnone size-medium wp-image-185912\" src=\"https:\/\/us.edu.pl\/wydzial\/wns\/wp-content\/uploads\/sites\/17\/Bez-kategorii\/20260305_114051-1-300x200.jpg\" alt=\"Uczestnicy wydarzenia\" width=\"300\" height=\"200\" srcset=\"https:\/\/us.edu.pl\/wydzial\/wns\/wp-content\/uploads\/sites\/17\/Bez-kategorii\/20260305_114051-1-300x200.jpg 300w, https:\/\/us.edu.pl\/wydzial\/wns\/wp-content\/uploads\/sites\/17\/Bez-kategorii\/20260305_114051-1-1024x683.jpg 1024w, https:\/\/us.edu.pl\/wydzial\/wns\/wp-content\/uploads\/sites\/17\/Bez-kategorii\/20260305_114051-1-768x512.jpg 768w, https:\/\/us.edu.pl\/wydzial\/wns\/wp-content\/uploads\/sites\/17\/Bez-kategorii\/20260305_114051-1-1536x1024.jpg 1536w, https:\/\/us.edu.pl\/wydzial\/wns\/wp-content\/uploads\/sites\/17\/Bez-kategorii\/20260305_114051-1-575x383.jpg 575w, https:\/\/us.edu.pl\/wydzial\/wns\/wp-content\/uploads\/sites\/17\/Bez-kategorii\/20260305_114051-1.jpg 2048w\" sizes=\"(max-width: 300px) 100vw, 300px\" \/><\/p>\n<p><img class=\"alignnone size-medium wp-image-185913\" src=\"https:\/\/us.edu.pl\/wydzial\/wns\/wp-content\/uploads\/sites\/17\/Bez-kategorii\/679073764_1587002670098020_2381738970360223187_n-300x200.jpg\" alt=\"prof. Ma\u0142gorzata My\u015bliwiec\" width=\"300\" height=\"200\" srcset=\"https:\/\/us.edu.pl\/wydzial\/wns\/wp-content\/uploads\/sites\/17\/Bez-kategorii\/679073764_1587002670098020_2381738970360223187_n-300x200.jpg 300w, https:\/\/us.edu.pl\/wydzial\/wns\/wp-content\/uploads\/sites\/17\/Bez-kategorii\/679073764_1587002670098020_2381738970360223187_n-1024x683.jpg 1024w, https:\/\/us.edu.pl\/wydzial\/wns\/wp-content\/uploads\/sites\/17\/Bez-kategorii\/679073764_1587002670098020_2381738970360223187_n-768x512.jpg 768w, https:\/\/us.edu.pl\/wydzial\/wns\/wp-content\/uploads\/sites\/17\/Bez-kategorii\/679073764_1587002670098020_2381738970360223187_n-1536x1024.jpg 1536w, https:\/\/us.edu.pl\/wydzial\/wns\/wp-content\/uploads\/sites\/17\/Bez-kategorii\/679073764_1587002670098020_2381738970360223187_n-575x383.jpg 575w, https:\/\/us.edu.pl\/wydzial\/wns\/wp-content\/uploads\/sites\/17\/Bez-kategorii\/679073764_1587002670098020_2381738970360223187_n.jpg 2048w\" sizes=\"(max-width: 300px) 100vw, 300px\" \/><\/p>\n<p><img class=\"alignnone size-medium wp-image-185914\" src=\"https:\/\/us.edu.pl\/wydzial\/wns\/wp-content\/uploads\/sites\/17\/Bez-kategorii\/679315292_1587002236764730_8931932722416292305_n-300x200.jpg\" alt=\"Uczestnicy wydarzenia\" width=\"300\" height=\"200\" srcset=\"https:\/\/us.edu.pl\/wydzial\/wns\/wp-content\/uploads\/sites\/17\/Bez-kategorii\/679315292_1587002236764730_8931932722416292305_n-300x200.jpg 300w, https:\/\/us.edu.pl\/wydzial\/wns\/wp-content\/uploads\/sites\/17\/Bez-kategorii\/679315292_1587002236764730_8931932722416292305_n-1024x683.jpg 1024w, https:\/\/us.edu.pl\/wydzial\/wns\/wp-content\/uploads\/sites\/17\/Bez-kategorii\/679315292_1587002236764730_8931932722416292305_n-768x512.jpg 768w, https:\/\/us.edu.pl\/wydzial\/wns\/wp-content\/uploads\/sites\/17\/Bez-kategorii\/679315292_1587002236764730_8931932722416292305_n-1536x1024.jpg 1536w, https:\/\/us.edu.pl\/wydzial\/wns\/wp-content\/uploads\/sites\/17\/Bez-kategorii\/679315292_1587002236764730_8931932722416292305_n-575x383.jpg 575w, https:\/\/us.edu.pl\/wydzial\/wns\/wp-content\/uploads\/sites\/17\/Bez-kategorii\/679315292_1587002236764730_8931932722416292305_n.jpg 2048w\" sizes=\"(max-width: 300px) 100vw, 300px\" \/><\/p>\n<\/div>\r\n                    <\/div>\r\n                <\/div>[\/vc_column][\/vc_row]<\/p>","protected":false},"excerpt":{"rendered":"<p>[vc_row][vc_column width=&#8221;2\/3&#8243;][\/vc_column][vc_column width=&#8221;1\/3&#8243;][\/vc_column][\/vc_row] [&#8230;]<\/p>\n<p><a class=\"btn btn-secondary understrap-read-more-link\" href=\"https:\/\/us.edu.pl\/wydzial\/wns\/2026\/04\/27\/seminarium-wieloglos-o-radiu-podsumowanie-wydarzenia\/\">Read More&#8230;<\/a><\/p>\n","protected":false},"author":133,"featured_media":185914,"comment_status":"open","ping_status":"open","sticky":false,"template":"","format":"standard","meta":{"_expiration-date-status":"","_expiration-date":0,"_expiration-date-type":"","_expiration-date-categories":[],"_expiration-date-options":[]},"categories":[146],"tags":[],"acf":[],"_links":{"self":[{"href":"https:\/\/us.edu.pl\/wydzial\/wns\/wp-json\/wp\/v2\/posts\/185911"}],"collection":[{"href":"https:\/\/us.edu.pl\/wydzial\/wns\/wp-json\/wp\/v2\/posts"}],"about":[{"href":"https:\/\/us.edu.pl\/wydzial\/wns\/wp-json\/wp\/v2\/types\/post"}],"author":[{"embeddable":true,"href":"https:\/\/us.edu.pl\/wydzial\/wns\/wp-json\/wp\/v2\/users\/133"}],"replies":[{"embeddable":true,"href":"https:\/\/us.edu.pl\/wydzial\/wns\/wp-json\/wp\/v2\/comments?post=185911"}],"version-history":[{"count":1,"href":"https:\/\/us.edu.pl\/wydzial\/wns\/wp-json\/wp\/v2\/posts\/185911\/revisions"}],"predecessor-version":[{"id":185915,"href":"https:\/\/us.edu.pl\/wydzial\/wns\/wp-json\/wp\/v2\/posts\/185911\/revisions\/185915"}],"wp:featuredmedia":[{"embeddable":true,"href":"https:\/\/us.edu.pl\/wydzial\/wns\/wp-json\/wp\/v2\/media\/185914"}],"wp:attachment":[{"href":"https:\/\/us.edu.pl\/wydzial\/wns\/wp-json\/wp\/v2\/media?parent=185911"}],"wp:term":[{"taxonomy":"category","embeddable":true,"href":"https:\/\/us.edu.pl\/wydzial\/wns\/wp-json\/wp\/v2\/categories?post=185911"},{"taxonomy":"post_tag","embeddable":true,"href":"https:\/\/us.edu.pl\/wydzial\/wns\/wp-json\/wp\/v2\/tags?post=185911"}],"curies":[{"name":"wp","href":"https:\/\/api.w.org\/{rel}","templated":true}]}}