{"id":186024,"date":"2026-04-30T12:10:29","date_gmt":"2026-04-30T10:10:29","guid":{"rendered":"https:\/\/us.edu.pl\/wydzial\/wns\/?p=186024"},"modified":"2026-04-30T14:48:02","modified_gmt":"2026-04-30T12:48:02","slug":"usmiech-dla-julka-piknik-europejski-na-us-polaczy-ludzi-dla-julka","status":"publish","type":"post","link":"https:\/\/us.edu.pl\/wydzial\/wns\/2026\/04\/30\/usmiech-dla-julka-piknik-europejski-na-us-polaczy-ludzi-dla-julka\/","title":{"rendered":"U\u015amiech dla Julka! &#8211; Piknik Europejski na U\u015a po\u0142\u0105czy ludzi dla Julka"},"content":{"rendered":"<p>[vc_row][vc_column width=&#8221;2\/3&#8243;]\r\n                <div class=\"text-modules\">\r\n                    <div class=\"container\">\r\n                        \r\n                        <div class=\"text-modules__content\"><p>Czy jeden dzie\u0144 mo\u017ce po\u0142\u0105czy\u0107 setki os\u00f3b wok\u00f3\u0142 wsp\u00f3lnych warto\u015bci, dobrej zabawy i realnej pomocy?<\/p>\n<p>8 maja 2026 roku na kampusie Uniwersytetu \u015al\u0105skiego pozytywna odpowied\u017a wybrzmi bardzo wyra\u017anie. Przyjd\u017a, pos\u0142uchaj europejskich piosenek w wykonaniu artyst\u00f3w z naszego regionu, we\u017a udzia\u0142 w grach europejskich, ale przede wszystkim &#8211; <strong>zjednocz si\u0119 z nami dla Julka!<\/strong><\/p>\n<p>Na deptaku (ul. Bankowa 12) odb\u0119dzie si\u0119 wydarzenie &#8222;<strong>U\u015amiech dla Julka!&#8221;<\/strong> &#8211; koncert wokalny, kiermasz charytatywny i <strong>Piknik Europejski z okazji Dnia Europy<\/strong>.<\/p>\n<p>Start o godz. 11:00.<\/p>\n<p>W programie zaplanowano m.in.:<\/p>\n<ul>\n<li><strong>Kiermasz ciast i r\u0119kodzie\u0142a<\/strong> &#8211; przekazane przez pracownik\u00f3w i student\u00f3w Wydzia\u0142u Nauk Spo\u0142ecznych;<\/li>\n<li><strong>Piosenki Europejskie o 12:30<\/strong> \u2013 koncert: Wioli Malchar-Orynicz i Daniela Cebuli-Orynicza;<\/li>\n<li><strong>K\u0105cik M\u00f3wc\u00f3w<\/strong>\u00a0\u2013 otwart\u0105 przestrze\u0144 do dzielenia si\u0119 tym, czym dzi\u015b jest dla nas Unia Europejka, m\u00f3wnica czeka w\u0142a\u015bnie na Ciebie;<\/li>\n<li><strong>Miasteczko Europejskie<\/strong> &#8211; dowiedz si\u0119 wi\u0119cej o UE, mo\u017cliwo\u015bciach jakie daje, Funduszach, kt\u00f3re zmieniaj\u0105 nasze otoczenie oraz we\u017a udzia\u0142 w grze miejskiej z nagrodami;<\/li>\n<li><strong>Dyskotek\u0119 od 15:30<\/strong> &#8211; studenci WNS zamieni\u0105 kampus w t\u0119tni\u0105c\u0105 energi\u0105 przestrze\u0144 spotka\u0144 do p\u00f3\u017anych godzin wieczornych.<\/li>\n<\/ul>\n<p>Wydarzenie organizowane jest przez Wydzia\u0142 Nauk Spo\u0142ecznych Uniwersytetu \u015al\u0105skiego oraz EUROPE DIRECT \u015al\u0105skie, Stowarzyszenie Biznes \u2013 Nauka \u2013 Samorz\u0105d \u201ePro Silesia\u201d przy wsparciu partner\u00f3w: Funduszy Europejskich dla \u015al\u0105skiego, ekspert\u00f3w Team EUROPE DIRECT, Borysa Budki \u2013 Pos\u0142a do Parlamentu Europejskiego oraz Haliny Biedy \u2013 Senator RP.<\/p>\n<p>TVP3 Katowice, TVP INFO oraz Europerspektywy obj\u0119\u0142y wydarzenie patronatem medialnym.<\/p>\n<p>Jednak najwa\u017cniejszy wymiar wydarzenia kryje si\u0119 w jego sercu.<\/p>\n<p>Wydarzeniei odbywa si\u0119 pod znakiem solidarno\u015bci i wsparcia dla Julka \u2013 ch\u0142opca walcz\u0105cego z ultrarzadk\u0105 chorob\u0105 INAD.<\/p>\n<p>Jak podkre\u015bla dr El\u017cbieta Pro\u0144, mama Julka: <em>Choroby rzadkie to najcz\u0119\u015bciej powa\u017cne, post\u0119puj\u0105ce i przewlek\u0142e schorzenia. Na wi\u0119kszo\u015b\u0107 z nich nie ma leczenia przyczynowego, jest objawowe lub poprawiaj\u0105ce komfort \u017cycia.<\/em><\/p>\n<p>Te s\u0142owa pokazuj\u0105 skal\u0119 wyzwania, z jakim mierz\u0105 si\u0119 pacjenci i ich rodziny ka\u017cdego dnia.<\/p>\n<p>W ramach akcji\u00a0<strong>\u201eU\u015amiech dla Julka\u201d<\/strong>\u00a0podczas pikniku zaplanowano szereg atrakcji charytatywnych. Doch\u00f3d z nich zostanie przeznaczony na leczenie i rehabilitacj\u0119 ch\u0142opca oraz wsparcie jego drogi do terapii genowej.<\/p>\n<p><strong>Bo 8 maja na kampusie U\u015a chodzi o co\u015b wi\u0119cej. Chodzi o europejsk\u0105 wsp\u00f3lnot\u0119, <\/strong><strong>chodzi o ludzi ale przede wszystkim chodzi o Julka!<\/strong><\/p>\n<\/div>\r\n                    <\/div>\r\n                <\/div>[\/vc_column][vc_column width=&#8221;1\/3&#8243;]\r\n                <div class=\"text-modules\">\r\n                    <div class=\"container\">\r\n                        \r\n                        <div class=\"text-modules__content\"><p><img class=\"alignnone wp-image-184900 size-full\" src=\"https:\/\/us.edu.pl\/wydzial\/wns\/wp-content\/uploads\/sites\/17\/Bez-kategorii\/625018334_122114873343149650_5427038870090917981_n-002.jpg\" alt=\"Julian Pro\u0144\" width=\"720\" height=\"720\" srcset=\"https:\/\/us.edu.pl\/wydzial\/wns\/wp-content\/uploads\/sites\/17\/Bez-kategorii\/625018334_122114873343149650_5427038870090917981_n-002.jpg 720w, https:\/\/us.edu.pl\/wydzial\/wns\/wp-content\/uploads\/sites\/17\/Bez-kategorii\/625018334_122114873343149650_5427038870090917981_n-002-300x300.jpg 300w, https:\/\/us.edu.pl\/wydzial\/wns\/wp-content\/uploads\/sites\/17\/Bez-kategorii\/625018334_122114873343149650_5427038870090917981_n-002-150x150.jpg 150w, https:\/\/us.edu.pl\/wydzial\/wns\/wp-content\/uploads\/sites\/17\/Bez-kategorii\/625018334_122114873343149650_5427038870090917981_n-002-575x575.jpg 575w\" sizes=\"(max-width: 720px) 100vw, 720px\" \/><\/p>\n<\/div>\r\n                    <\/div>\r\n                <\/div>[\/vc_column][\/vc_row][vc_row][vc_column]\r\n                <div class=\"text-modules\">\r\n                    <div class=\"container\">\r\n                        \r\n                        <div class=\"text-modules__content\"><p><img class=\"aligncenter wp-image-186026 size-full\" src=\"https:\/\/us.edu.pl\/wydzial\/wns\/wp-content\/uploads\/sites\/17\/Bez-kategorii\/Piknik-Europejski-2026.png\" alt=\"plakat\" width=\"1254\" height=\"1254\" srcset=\"https:\/\/us.edu.pl\/wydzial\/wns\/wp-content\/uploads\/sites\/17\/Bez-kategorii\/Piknik-Europejski-2026.png 1254w, https:\/\/us.edu.pl\/wydzial\/wns\/wp-content\/uploads\/sites\/17\/Bez-kategorii\/Piknik-Europejski-2026-300x300.png 300w, https:\/\/us.edu.pl\/wydzial\/wns\/wp-content\/uploads\/sites\/17\/Bez-kategorii\/Piknik-Europejski-2026-1024x1024.png 1024w, https:\/\/us.edu.pl\/wydzial\/wns\/wp-content\/uploads\/sites\/17\/Bez-kategorii\/Piknik-Europejski-2026-150x150.png 150w, https:\/\/us.edu.pl\/wydzial\/wns\/wp-content\/uploads\/sites\/17\/Bez-kategorii\/Piknik-Europejski-2026-768x768.png 768w, https:\/\/us.edu.pl\/wydzial\/wns\/wp-content\/uploads\/sites\/17\/Bez-kategorii\/Piknik-Europejski-2026-575x575.png 575w\" sizes=\"(max-width: 1254px) 100vw, 1254px\" \/><\/p>\n<\/div>\r\n                    <\/div>\r\n                <\/div>[\/vc_column][\/vc_row]<\/p>","protected":false},"excerpt":{"rendered":"<p>[vc_row][vc_column width=&#8221;2\/3&#8243;][\/vc_column][vc_column width=&#8221;1\/3&#8243;][\/vc_column][\/vc_row][vc_row][vc_column][\/vc_column][\/vc_row] [&#8230;]<\/p>\n<p><a class=\"btn btn-secondary understrap-read-more-link\" href=\"https:\/\/us.edu.pl\/wydzial\/wns\/2026\/04\/30\/usmiech-dla-julka-piknik-europejski-na-us-polaczy-ludzi-dla-julka\/\">Read More&#8230;<\/a><\/p>\n","protected":false},"author":133,"featured_media":184900,"comment_status":"open","ping_status":"open","sticky":false,"template":"","format":"standard","meta":{"_expiration-date-status":"","_expiration-date":0,"_expiration-date-type":"","_expiration-date-categories":[],"_expiration-date-options":[]},"categories":[11],"tags":[],"acf":[],"_links":{"self":[{"href":"https:\/\/us.edu.pl\/wydzial\/wns\/wp-json\/wp\/v2\/posts\/186024"}],"collection":[{"href":"https:\/\/us.edu.pl\/wydzial\/wns\/wp-json\/wp\/v2\/posts"}],"about":[{"href":"https:\/\/us.edu.pl\/wydzial\/wns\/wp-json\/wp\/v2\/types\/post"}],"author":[{"embeddable":true,"href":"https:\/\/us.edu.pl\/wydzial\/wns\/wp-json\/wp\/v2\/users\/133"}],"replies":[{"embeddable":true,"href":"https:\/\/us.edu.pl\/wydzial\/wns\/wp-json\/wp\/v2\/comments?post=186024"}],"version-history":[{"count":5,"href":"https:\/\/us.edu.pl\/wydzial\/wns\/wp-json\/wp\/v2\/posts\/186024\/revisions"}],"predecessor-version":[{"id":186057,"href":"https:\/\/us.edu.pl\/wydzial\/wns\/wp-json\/wp\/v2\/posts\/186024\/revisions\/186057"}],"wp:featuredmedia":[{"embeddable":true,"href":"https:\/\/us.edu.pl\/wydzial\/wns\/wp-json\/wp\/v2\/media\/184900"}],"wp:attachment":[{"href":"https:\/\/us.edu.pl\/wydzial\/wns\/wp-json\/wp\/v2\/media?parent=186024"}],"wp:term":[{"taxonomy":"category","embeddable":true,"href":"https:\/\/us.edu.pl\/wydzial\/wns\/wp-json\/wp\/v2\/categories?post=186024"},{"taxonomy":"post_tag","embeddable":true,"href":"https:\/\/us.edu.pl\/wydzial\/wns\/wp-json\/wp\/v2\/tags?post=186024"}],"curies":[{"name":"wp","href":"https:\/\/api.w.org\/{rel}","templated":true}]}}