{"id":187023,"date":"2026-08-11T10:19:22","date_gmt":"2026-08-11T08:19:22","guid":{"rendered":"https:\/\/us.edu.pl\/wydzial\/wns\/?p=187023"},"modified":"2026-09-01T08:03:06","modified_gmt":"2026-09-01T06:03:06","slug":"inauguracja-roku-akademickiego-2026-2027-na-wns","status":"publish","type":"post","link":"https:\/\/us.edu.pl\/wydzial\/wns\/2026\/08\/11\/inauguracja-roku-akademickiego-2026-2027-na-wns\/","title":{"rendered":"Inauguracja roku akademickiego 2026\/2027 na WNS"},"content":{"rendered":"<p>[vc_row][vc_column width=&#8221;2\/3&#8243;]\r\n                <div class=\"text-modules\">\r\n                    <div class=\"container\">\r\n                        \r\n                        <div class=\"text-modules__content\"><\/p>\n<p data-path-to-node=\"1\">Dziekana Wydzia\u0142u Nauk Spo\u0142ecznych dr hab. Ma\u0142gorzata My\u015bliwiec, prof. U\u015a ma zaszczyt zaprosi\u0107 na inauguracj\u0119 roku akademickiego 2026\/2027 na Wydziale Nauk Spo\u0142ecznych Uniwersytetu \u015al\u0105skiego w Katowicach.<\/p>\n<p>Uroczysto\u015b\u0107 odb\u0119dzie si\u0119 2 pa\u017adziernika 2026 roku o godz. 9:00 w budynku Wydzia\u0142u Nauk Spo\u0142ecznych, aula im. Kazimierza Popio\u0142ka, ul. Bankowa 11.<\/p>\n<p>&nbsp;<\/p>\n<p>Uniwersytet \u015al\u0105ski jest uczelni\u0105 dost\u0119pn\u0105, uniwersaln\u0105 i otwart\u0105. Je\u015bli maj\u0105 Pa\u0144stwo jakie\u015b szczeg\u00f3lne potrzeby, prosz\u0119 nas o tym poinformowa\u0107 \u2013 postaramy si\u0119 wdro\u017cy\u0107 odpowiednie rozwi\u0105zania.<\/p>\n<p>&nbsp;<\/p>\n<p>PROGRAM:<\/p>\n<p>Przem\u00f3wienie inauguracyjne Dziekany Wydzia\u0142u Nauk Spo\u0142ecznych dr hab. Ma\u0142gorzaty My\u015bliwiec, prof. U\u015a<\/p>\n<p>Immatrykulacji student\u00f3w dokona Prodziekan ds. studenckich i kszta\u0142cenia \u2013 dr Monika \u017bak<\/p>\n<\/div>\r\n                    <\/div>\r\n                <\/div>[\/vc_column][vc_column width=&#8221;1\/3&#8243;]\r\n                <div class=\"text-modules\">\r\n                    <div class=\"container\">\r\n                        \r\n                        <div class=\"text-modules__content\"><p><img class=\"alignnone size-medium wp-image-187024\" src=\"https:\/\/us.edu.pl\/wydzial\/wns\/wp-content\/uploads\/sites\/17\/Bez-kategorii\/ST9A3776-300x200-1.jpg\" alt=\"\" width=\"300\" height=\"200\" \/><\/p>\n<\/div>\r\n                    <\/div>\r\n                <\/div>[\/vc_column][\/vc_row][vc_row][vc_column]\r\n                <div class=\"text-modules\">\r\n                    <div class=\"container\">\r\n                        \r\n                        <div class=\"text-modules__content\"><p><img class=\"aligncenter wp-image-187112 size-full\" src=\"https:\/\/us.edu.pl\/wydzial\/wns\/wp-content\/uploads\/sites\/17\/Bez-kategorii\/slider_1095x575px-4-2.png\" alt=\"plakat\" width=\"1096\" height=\"575\" srcset=\"https:\/\/us.edu.pl\/wydzial\/wns\/wp-content\/uploads\/sites\/17\/Bez-kategorii\/slider_1095x575px-4-2.png 1096w, https:\/\/us.edu.pl\/wydzial\/wns\/wp-content\/uploads\/sites\/17\/Bez-kategorii\/slider_1095x575px-4-2-300x157.png 300w, https:\/\/us.edu.pl\/wydzial\/wns\/wp-content\/uploads\/sites\/17\/Bez-kategorii\/slider_1095x575px-4-2-1024x537.png 1024w, https:\/\/us.edu.pl\/wydzial\/wns\/wp-content\/uploads\/sites\/17\/Bez-kategorii\/slider_1095x575px-4-2-768x403.png 768w, https:\/\/us.edu.pl\/wydzial\/wns\/wp-content\/uploads\/sites\/17\/Bez-kategorii\/slider_1095x575px-4-2-575x302.png 575w\" sizes=\"(max-width: 1096px) 100vw, 1096px\" \/><\/p>\n<\/div>\r\n                    <\/div>\r\n                <\/div>[\/vc_column][\/vc_row]<\/p>","protected":false},"excerpt":{"rendered":"<p>[vc_row][vc_column width=&#8221;2\/3&#8243;][\/vc_column][vc_column width=&#8221;1\/3&#8243;][\/vc_column][\/vc_row][vc_row][vc_column][\/vc_column][\/vc_row] [&#8230;]<\/p>\n<p><a class=\"btn btn-secondary understrap-read-more-link\" href=\"https:\/\/us.edu.pl\/wydzial\/wns\/2026\/08\/11\/inauguracja-roku-akademickiego-2026-2027-na-wns\/\">Read More&#8230;<\/a><\/p>\n","protected":false},"author":133,"featured_media":187024,"comment_status":"open","ping_status":"open","sticky":false,"template":"","format":"standard","meta":{"_expiration-date-status":"","_expiration-date":0,"_expiration-date-type":"","_expiration-date-categories":[],"_expiration-date-options":[]},"categories":[11],"tags":[],"acf":[],"_links":{"self":[{"href":"https:\/\/us.edu.pl\/wydzial\/wns\/wp-json\/wp\/v2\/posts\/187023"}],"collection":[{"href":"https:\/\/us.edu.pl\/wydzial\/wns\/wp-json\/wp\/v2\/posts"}],"about":[{"href":"https:\/\/us.edu.pl\/wydzial\/wns\/wp-json\/wp\/v2\/types\/post"}],"author":[{"embeddable":true,"href":"https:\/\/us.edu.pl\/wydzial\/wns\/wp-json\/wp\/v2\/users\/133"}],"replies":[{"embeddable":true,"href":"https:\/\/us.edu.pl\/wydzial\/wns\/wp-json\/wp\/v2\/comments?post=187023"}],"version-history":[{"count":2,"href":"https:\/\/us.edu.pl\/wydzial\/wns\/wp-json\/wp\/v2\/posts\/187023\/revisions"}],"predecessor-version":[{"id":187116,"href":"https:\/\/us.edu.pl\/wydzial\/wns\/wp-json\/wp\/v2\/posts\/187023\/revisions\/187116"}],"wp:featuredmedia":[{"embeddable":true,"href":"https:\/\/us.edu.pl\/wydzial\/wns\/wp-json\/wp\/v2\/media\/187024"}],"wp:attachment":[{"href":"https:\/\/us.edu.pl\/wydzial\/wns\/wp-json\/wp\/v2\/media?parent=187023"}],"wp:term":[{"taxonomy":"category","embeddable":true,"href":"https:\/\/us.edu.pl\/wydzial\/wns\/wp-json\/wp\/v2\/categories?post=187023"},{"taxonomy":"post_tag","embeddable":true,"href":"https:\/\/us.edu.pl\/wydzial\/wns\/wp-json\/wp\/v2\/tags?post=187023"}],"curies":[{"name":"wp","href":"https:\/\/api.w.org\/{rel}","templated":true}]}}