{"id":187121,"date":"2026-09-02T08:35:17","date_gmt":"2026-09-02T06:35:17","guid":{"rendered":"https:\/\/us.edu.pl\/wydzial\/wns\/?p=187121"},"modified":"2026-09-02T08:35:17","modified_gmt":"2026-09-02T06:35:17","slug":"letnia-szkola-dyplomacji-stosowanej-w-wilnie","status":"publish","type":"post","link":"https:\/\/us.edu.pl\/wydzial\/wns\/2026\/09\/02\/letnia-szkola-dyplomacji-stosowanej-w-wilnie\/","title":{"rendered":"Letnia Szko\u0142a Dyplomacji Stosowanej w Wilnie"},"content":{"rendered":"<p>[vc_row][vc_column width=&#8221;2\/3&#8243;]\r\n                <div class=\"text-modules\">\r\n                    <div class=\"container\">\r\n                        \r\n                        <div class=\"text-modules__content\"><p>W zesz\u0142ym tygodniu osoby studiuj\u0105ce na kierunku mi\u0119dzynarodowe studia nauk politycznych i dyplomacji uczestniczy\u0142y w Letniej Szkole Dyplomacji Stosowanej w Wilnie. Wsp\u00f3lnie ze studentami Vytauto Did\u017eiojo universitetas w Kownie \u0142\u0105czyli wiedz\u0119 teoretyczn\u0105 z praktyk\u0105 dyplomacji na najwy\u017cszym szczeblu.<\/p>\n<p><strong>Program wizyty obejmowa\u0142 m.in.:<\/strong><\/p>\n<ul>\n<li>Spotkanie z Pani\u0105 Dian\u0105 Naus\u0117dien\u0117, Pierwsz\u0105 Dam\u0105 Litwy, w Lietuvos Respublikos Prezident\u016bra<\/li>\n<li>\u00a0Spotkanie w Sejmie Litewskim (Seimas) z marsza\u0142kiem Juozasem Olekasem<\/li>\n<li>Wizyt\u0119 w Ambasadzie RP w Wilnie &#8211; spotkanie z Ambasadorem Rafa\u0142em Poborskim i Konsulem Zbigniewem Cioskiem<\/li>\n<li>Spotkanie z Panem Romanem G\u00f3reckim-Mickiewiczem, praprawnukiem Adama Mickiewicza.<\/li>\n<\/ul>\n<p>Projekt \u201eRozw\u00f3j umi\u0119dzynarodowienia Uniwersytetu \u015al\u0105skiego w Katowicach poprzez sojusz Transform4Europe&#8221; finansowany w ramach programu WUE, nr projektu BPI\/WUE\/2024\/1\/00021\/DEC\/1.<\/p>\n<p>&nbsp;<\/p>\n<p>Zdj\u0119cia pochodz\u0105 ze strony: <a href=\"https:\/\/lrp.lt\/lt\/pirmoji-ponia-su-lietuvos-ir-lenkijos-studentais-aptare-minkstosios-galios-reiksme-tarptautineje-politikoje\/48247?fbclid=IwY2xjawUEEwJwZG9mAWV4dG4DYWVtAjEwAGJyaWQRMEFOcDdJUTJ6bHJCdzVJYlZzcnRjBmFwcF9pZBAyMjIwMzkxNzg4MjAwODkyAAEemRmtsNbqE3287L4B_kjewiOjCe0d-RmHL9N-K21wLzy2IKd9F2idhbuAuus_aem_d58V41trmFenpjm0Nq_OTA\">https:\/\/lrp.lt\/lt\/pirmoji-ponia-su-lietuvos-ir-lenkijos-studentais-aptare-minkstosios-galios-reiksme-tarptautineje-politikoje\/48247?fbclid=IwY2xjawUEEwJwZG9mAWV4dG4DYWVtAjEwAGJyaWQRMEFOcDdJUTJ6bHJCdzVJYlZzcnRjBmFwcF9pZBAyMjIwMzkxNzg4MjAwODkyAAEemRmtsNbqE3287L4B_kjewiOjCe0d-RmHL9N-K21wLzy2IKd9F2idhbuAuus_aem_d58V41trmFenpjm0Nq_OTA<\/a><\/p>\n<\/div>\r\n                    <\/div>\r\n                <\/div>[\/vc_column][vc_column width=&#8221;1\/3&#8243;]\r\n                <div class=\"text-modules\">\r\n                    <div class=\"container\">\r\n                        \r\n                        <div class=\"text-modules__content\"><p><img class=\"alignnone size-medium wp-image-187125\" src=\"https:\/\/us.edu.pl\/wydzial\/wns\/wp-content\/uploads\/sites\/17\/Bez-kategorii\/Obrazek-300x200.jpeg\" alt=\"Uczestnicy wydarzenia\" width=\"300\" height=\"200\" srcset=\"https:\/\/us.edu.pl\/wydzial\/wns\/wp-content\/uploads\/sites\/17\/Bez-kategorii\/Obrazek-300x200.jpeg 300w, https:\/\/us.edu.pl\/wydzial\/wns\/wp-content\/uploads\/sites\/17\/Bez-kategorii\/Obrazek-1024x683.jpeg 1024w, https:\/\/us.edu.pl\/wydzial\/wns\/wp-content\/uploads\/sites\/17\/Bez-kategorii\/Obrazek-768x512.jpeg 768w, https:\/\/us.edu.pl\/wydzial\/wns\/wp-content\/uploads\/sites\/17\/Bez-kategorii\/Obrazek-1536x1024.jpeg 1536w, https:\/\/us.edu.pl\/wydzial\/wns\/wp-content\/uploads\/sites\/17\/Bez-kategorii\/Obrazek-575x383.jpeg 575w, https:\/\/us.edu.pl\/wydzial\/wns\/wp-content\/uploads\/sites\/17\/Bez-kategorii\/Obrazek.jpeg 1800w\" sizes=\"(max-width: 300px) 100vw, 300px\" \/><\/p>\n<\/div>\r\n                    <\/div>\r\n                <\/div>[\/vc_column][\/vc_row][vc_row][vc_column]            \r\n                    <div class=\"container\">\r\n                        <div class=\"gallery gallery_3\" data-images-in-row=\"3\">\r\n                            \r\n                            <div class=\"row m-0\">\r\n                                <a data-fancybox-group=\"button\" title=\"\" data-fancybox=\"302\" href=\"https:\/\/us.edu.pl\/wydzial\/wns\/wp-content\/uploads\/sites\/17\/Bez-kategorii\/Obrazek-1.jpeg\" class=\"gallery__item thumbnail\"\r\n                                    style=\"background-image: url(https:\/\/us.edu.pl\/wydzial\/wns\/wp-content\/uploads\/sites\/17\/Bez-kategorii\/Obrazek-1.jpeg)\"> <span class=\"d-none\">https:\/\/us.edu.pl\/wydzial\/wns\/wp-content\/uploads\/sites\/17\/Bez-kategorii\/Obrazek-1.jpeg<\/span> <\/a><a data-fancybox-group=\"button\" title=\"\" data-fancybox=\"302\" href=\"https:\/\/us.edu.pl\/wydzial\/wns\/wp-content\/uploads\/sites\/17\/Bez-kategorii\/Obrazek-2.jpeg\" class=\"gallery__item thumbnail\"\r\n                                    style=\"background-image: url(https:\/\/us.edu.pl\/wydzial\/wns\/wp-content\/uploads\/sites\/17\/Bez-kategorii\/Obrazek-2.jpeg)\"> <span class=\"d-none\">https:\/\/us.edu.pl\/wydzial\/wns\/wp-content\/uploads\/sites\/17\/Bez-kategorii\/Obrazek-2.jpeg<\/span> <\/a><a data-fancybox-group=\"button\" title=\"\" data-fancybox=\"302\" href=\"https:\/\/us.edu.pl\/wydzial\/wns\/wp-content\/uploads\/sites\/17\/Bez-kategorii\/Obrazek-3.jpeg\" class=\"gallery__item thumbnail\"\r\n                                    style=\"background-image: url(https:\/\/us.edu.pl\/wydzial\/wns\/wp-content\/uploads\/sites\/17\/Bez-kategorii\/Obrazek-3.jpeg)\"> <span class=\"d-none\">https:\/\/us.edu.pl\/wydzial\/wns\/wp-content\/uploads\/sites\/17\/Bez-kategorii\/Obrazek-3.jpeg<\/span> <\/a>\r\n                            <\/div>\r\n                    <\/div>\r\n                <\/div>[\/vc_column][\/vc_row]<\/p>","protected":false},"excerpt":{"rendered":"<p>[vc_row][vc_column width=&#8221;2\/3&#8243;][\/vc_column][vc_column width=&#8221;1\/3&#8243;][\/vc_column][\/vc_row][vc_row][vc_column][\/vc_column][\/vc_row] [&#8230;]<\/p>\n<p><a class=\"btn btn-secondary understrap-read-more-link\" href=\"https:\/\/us.edu.pl\/wydzial\/wns\/2026\/09\/02\/letnia-szkola-dyplomacji-stosowanej-w-wilnie\/\">Read More&#8230;<\/a><\/p>\n","protected":false},"author":133,"featured_media":187125,"comment_status":"open","ping_status":"open","sticky":false,"template":"","format":"standard","meta":{"_expiration-date-status":"","_expiration-date":0,"_expiration-date-type":"","_expiration-date-categories":[],"_expiration-date-options":[]},"categories":[11],"tags":[],"acf":[],"_links":{"self":[{"href":"https:\/\/us.edu.pl\/wydzial\/wns\/wp-json\/wp\/v2\/posts\/187121"}],"collection":[{"href":"https:\/\/us.edu.pl\/wydzial\/wns\/wp-json\/wp\/v2\/posts"}],"about":[{"href":"https:\/\/us.edu.pl\/wydzial\/wns\/wp-json\/wp\/v2\/types\/post"}],"author":[{"embeddable":true,"href":"https:\/\/us.edu.pl\/wydzial\/wns\/wp-json\/wp\/v2\/users\/133"}],"replies":[{"embeddable":true,"href":"https:\/\/us.edu.pl\/wydzial\/wns\/wp-json\/wp\/v2\/comments?post=187121"}],"version-history":[{"count":1,"href":"https:\/\/us.edu.pl\/wydzial\/wns\/wp-json\/wp\/v2\/posts\/187121\/revisions"}],"predecessor-version":[{"id":187126,"href":"https:\/\/us.edu.pl\/wydzial\/wns\/wp-json\/wp\/v2\/posts\/187121\/revisions\/187126"}],"wp:featuredmedia":[{"embeddable":true,"href":"https:\/\/us.edu.pl\/wydzial\/wns\/wp-json\/wp\/v2\/media\/187125"}],"wp:attachment":[{"href":"https:\/\/us.edu.pl\/wydzial\/wns\/wp-json\/wp\/v2\/media?parent=187121"}],"wp:term":[{"taxonomy":"category","embeddable":true,"href":"https:\/\/us.edu.pl\/wydzial\/wns\/wp-json\/wp\/v2\/categories?post=187121"},{"taxonomy":"post_tag","embeddable":true,"href":"https:\/\/us.edu.pl\/wydzial\/wns\/wp-json\/wp\/v2\/tags?post=187121"}],"curies":[{"name":"wp","href":"https:\/\/api.w.org\/{rel}","templated":true}]}}