{"id":2914,"date":"2020-05-27T14:12:24","date_gmt":"2020-05-27T12:12:24","guid":{"rendered":"https:\/\/us.edu.pl\/wydzial\/wns\/?p=2914"},"modified":"2020-05-27T14:42:35","modified_gmt":"2020-05-27T12:42:35","slug":"sesja-w-czasach-zarazy","status":"publish","type":"post","link":"https:\/\/us.edu.pl\/wydzial\/wns\/2020\/05\/27\/sesja-w-czasach-zarazy\/","title":{"rendered":"Sesja w czasach zarazy"},"content":{"rendered":"<p>[vc_row][vc_column]\r\n                <div class=\"text-modules\">\r\n                    <div class=\"container\">\r\n                        \r\n                        <div class=\"text-modules__content\"><p>&#8222;Sesja w czasach zarazy&#8221;<\/p>\n<p>Letnia sesja egzaminacyjna za pasem&#8230;<\/p>\n<p>W zesz\u0142ym semestrze wysy\u0142ali\u015bmy Wam informacj\u0119 i kilka zasad jak pomy\u015blnie zda\u0107 wszystkie egzaminy. Pisali\u015bmy o stresie, o tym jak si\u0119 ubra\u0107 na egzamin&#8230;.kto by pomy\u015bla\u0142, \u017ce kilka miesi\u0119cy p\u00f3\u017aniej pandemia, kt\u00f3ra ogarn\u0119\u0142a ca\u0142y \u015bwiat, tak zmieni nasze \u017cycie. Mamy za sob\u0105 niemal ca\u0142y semestr zaj\u0119\u0107 prowadzonych w trybie zdalnym. Zmieni\u0142y si\u0119 r\u00f3wnie\u017c zasady przeprowadzania egzamin\u00f3w. Czas pandemii by\u0142 i nadal jest dla wielu os\u00f3b okresem wielu wyzwa\u0144. To bardzo trudny okres przede wszystkim dla os\u00f3b , kt\u00f3re ubiega\u0142y si\u0119 o Indywidualne Dostosowanie Studi\u00f3w a tak\u017ce dla tych, kt\u00f3rzy nie radz\u0105 sobie ze stresem. Osoby wra\u017cliwe mog\u0105 mie\u0107 obecnie wi\u0119ksze trudno\u015bci w przygotowaniu si\u0119 do egzamin\u00f3w, zwi\u0105zane z izolacj\u0105 spo\u0142eczn\u0105 i z nowym sposobem przeprowadzania sesji.<\/p>\n<p>W zwi\u0105zku z tym, \u017ce ko\u0144czy si\u0119 czas zaj\u0119\u0107 w semestrze letnim i zbli\u017ca si\u0119 sesja, mog\u0105 pojawia\u0107 si\u0119 r\u00f3\u017cne emocje. O tym, jak sobie z nimi<br \/>\nradzi\u0107 i jak okres pandemiczny wp\u0142yn\u0105\u0142 na nasze zdrowie psychiczne opowie dr nauk. hum. Dorota Prysak. Opr\u00f3cz kr\u00f3tkiego wyk\u0142adu, b\u0119dzie r\u00f3wnie\u017c czas na zadawanie pyta\u0144. Je\u015bli chcesz pos\u0142ucha\u0107 (w razie potrzeby porozmawia\u0107 i zapyta\u0107) <strong>zapraszamy na spotkanie z Badaczk\u0105 w dzia\u0142aniu &#8211; Dorot\u0105 Prysak, kt\u00f3re odb\u0119dzie si\u0119 online w najbli\u017cszy wtorek tj. 2 czerwca br. o godz.12:00.<\/strong><\/p>\n<p>Osoby zainteresowane udzia\u0142em w wydarzeniu prosimy o kontakt z Pani\u0105 Doktor dorota.prysak@us.edu.pl tel.692239722.<\/p>\n<\/div>\r\n                    <\/div>\r\n                <\/div>[\/vc_column][\/vc_row]<\/p>","protected":false},"excerpt":{"rendered":"<p>[vc_row][vc_column][\/vc_column][\/vc_row] [&#8230;]<\/p>\n<p><a class=\"btn btn-secondary understrap-read-more-link\" href=\"https:\/\/us.edu.pl\/wydzial\/wns\/2020\/05\/27\/sesja-w-czasach-zarazy\/\">Read More&#8230;<\/a><\/p>\n","protected":false},"author":133,"featured_media":2915,"comment_status":"open","ping_status":"open","sticky":false,"template":"","format":"standard","meta":{"_expiration-date-status":"saved","_expiration-date":0,"_expiration-date-type":"","_expiration-date-categories":[],"_expiration-date-options":[]},"categories":[13,11],"tags":[],"acf":[],"_links":{"self":[{"href":"https:\/\/us.edu.pl\/wydzial\/wns\/wp-json\/wp\/v2\/posts\/2914"}],"collection":[{"href":"https:\/\/us.edu.pl\/wydzial\/wns\/wp-json\/wp\/v2\/posts"}],"about":[{"href":"https:\/\/us.edu.pl\/wydzial\/wns\/wp-json\/wp\/v2\/types\/post"}],"author":[{"embeddable":true,"href":"https:\/\/us.edu.pl\/wydzial\/wns\/wp-json\/wp\/v2\/users\/133"}],"replies":[{"embeddable":true,"href":"https:\/\/us.edu.pl\/wydzial\/wns\/wp-json\/wp\/v2\/comments?post=2914"}],"version-history":[{"count":7,"href":"https:\/\/us.edu.pl\/wydzial\/wns\/wp-json\/wp\/v2\/posts\/2914\/revisions"}],"predecessor-version":[{"id":2917,"href":"https:\/\/us.edu.pl\/wydzial\/wns\/wp-json\/wp\/v2\/posts\/2914\/revisions\/2917"}],"wp:featuredmedia":[{"embeddable":true,"href":"https:\/\/us.edu.pl\/wydzial\/wns\/wp-json\/wp\/v2\/media\/2915"}],"wp:attachment":[{"href":"https:\/\/us.edu.pl\/wydzial\/wns\/wp-json\/wp\/v2\/media?parent=2914"}],"wp:term":[{"taxonomy":"category","embeddable":true,"href":"https:\/\/us.edu.pl\/wydzial\/wns\/wp-json\/wp\/v2\/categories?post=2914"},{"taxonomy":"post_tag","embeddable":true,"href":"https:\/\/us.edu.pl\/wydzial\/wns\/wp-json\/wp\/v2\/tags?post=2914"}],"curies":[{"name":"wp","href":"https:\/\/api.w.org\/{rel}","templated":true}]}}