{"id":3075,"date":"2020-06-26T14:19:15","date_gmt":"2020-06-26T12:19:15","guid":{"rendered":"https:\/\/us.edu.pl\/wydzial\/wns\/?p=3075"},"modified":"2020-06-26T14:21:50","modified_gmt":"2020-06-26T12:21:50","slug":"dr-hab-damian-guzek-prof-us-stypendysta-mnisw","status":"publish","type":"post","link":"https:\/\/us.edu.pl\/wydzial\/wns\/2020\/06\/26\/dr-hab-damian-guzek-prof-us-stypendysta-mnisw\/","title":{"rendered":"Dr hab. Damian Guzek, prof. U\u015a stypendyst\u0105 MNiSW"},"content":{"rendered":"<p>[vc_row][vc_column][\/vc_column][\/vc_row][vc_row][vc_column]\r\n                <div class=\"text-modules\">\r\n                    <div class=\"container\">\r\n                        \r\n                        <div class=\"text-modules__content\"><p>Minister Nauki i Szkolnictwa Wy\u017cszego przyzna\u0142 stypendium dla wybitnych m\u0142odych naukowc\u00f3w Panu dr.\u00a0hab.\u00a0Damianowi Guzkowi, prof. U\u015a.<\/p>\n<p>Prof. Guzek\u00a0jest pracownikiem Instytutu Dziennikarstwa i\u00a0Komunikacji Medialnej na Wydziale Nauk Spo\u0142ecznych U\u015a, gdzie kieruje zespo\u0142em bada\u0144 nad kartografi\u0105 nowych medi\u00f3w i przestrzeni cyfrowej. Serdecznie\u00a0gratulujemy\u00a0sukcesu!<\/p>\n<\/div>\r\n                    <\/div>\r\n                <\/div>[\/vc_column][\/vc_row]<\/p>","protected":false},"excerpt":{"rendered":"<p>[vc_row][vc_column][\/vc_column][\/vc_row][vc_row][vc_column][\/vc_column][\/vc_row] [&#8230;]<\/p>\n<p><a class=\"btn btn-secondary understrap-read-more-link\" href=\"https:\/\/us.edu.pl\/wydzial\/wns\/2020\/06\/26\/dr-hab-damian-guzek-prof-us-stypendysta-mnisw\/\">Read More&#8230;<\/a><\/p>\n","protected":false},"author":134,"featured_media":3079,"comment_status":"open","ping_status":"open","sticky":false,"template":"","format":"standard","meta":{"_expiration-date-status":"saved","_expiration-date":0,"_expiration-date-type":"","_expiration-date-categories":[],"_expiration-date-options":[]},"categories":[14,11],"tags":[],"acf":[],"_links":{"self":[{"href":"https:\/\/us.edu.pl\/wydzial\/wns\/wp-json\/wp\/v2\/posts\/3075"}],"collection":[{"href":"https:\/\/us.edu.pl\/wydzial\/wns\/wp-json\/wp\/v2\/posts"}],"about":[{"href":"https:\/\/us.edu.pl\/wydzial\/wns\/wp-json\/wp\/v2\/types\/post"}],"author":[{"embeddable":true,"href":"https:\/\/us.edu.pl\/wydzial\/wns\/wp-json\/wp\/v2\/users\/134"}],"replies":[{"embeddable":true,"href":"https:\/\/us.edu.pl\/wydzial\/wns\/wp-json\/wp\/v2\/comments?post=3075"}],"version-history":[{"count":1,"href":"https:\/\/us.edu.pl\/wydzial\/wns\/wp-json\/wp\/v2\/posts\/3075\/revisions"}],"predecessor-version":[{"id":3077,"href":"https:\/\/us.edu.pl\/wydzial\/wns\/wp-json\/wp\/v2\/posts\/3075\/revisions\/3077"}],"wp:featuredmedia":[{"embeddable":true,"href":"https:\/\/us.edu.pl\/wydzial\/wns\/wp-json\/wp\/v2\/media\/3079"}],"wp:attachment":[{"href":"https:\/\/us.edu.pl\/wydzial\/wns\/wp-json\/wp\/v2\/media?parent=3075"}],"wp:term":[{"taxonomy":"category","embeddable":true,"href":"https:\/\/us.edu.pl\/wydzial\/wns\/wp-json\/wp\/v2\/categories?post=3075"},{"taxonomy":"post_tag","embeddable":true,"href":"https:\/\/us.edu.pl\/wydzial\/wns\/wp-json\/wp\/v2\/tags?post=3075"}],"curies":[{"name":"wp","href":"https:\/\/api.w.org\/{rel}","templated":true}]}}