{"id":4095,"date":"2020-12-11T14:50:43","date_gmt":"2020-12-11T13:50:43","guid":{"rendered":"https:\/\/us.edu.pl\/wydzial\/wns\/?p=4095"},"modified":"2020-12-14T12:05:58","modified_gmt":"2020-12-14T11:05:58","slug":"online-konferencja-naukowa-pn-wskazniki-edukacji-wlaczajacej-dawne-dylematy-nowe-doswiadczenia","status":"publish","type":"post","link":"https:\/\/us.edu.pl\/wydzial\/wns\/2020\/12\/11\/online-konferencja-naukowa-pn-wskazniki-edukacji-wlaczajacej-dawne-dylematy-nowe-doswiadczenia\/","title":{"rendered":"[ONLINE] Konferencja Naukowa pn. \u201eWska\u017aniki edukacji w\u0142\u0105czaj\u0105cej \u2013 dawne dylematy, nowe do\u015bwiadczenia\u201d"},"content":{"rendered":"<p>[vc_row][vc_column][\/vc_column][\/vc_row][vc_row][vc_column]\r\n                <div class=\"text-modules\">\r\n                    <div class=\"container\">\r\n                        \r\n                        <div class=\"text-modules__content\"><p>Data wydarzenia:<strong>16 grudnia 2020 r.<\/strong><\/p>\n<p>Godziny: <strong>12:00\u201320:00<\/strong><\/p>\n<p>Miejsce: W zwi\u0105zku z sytuacj\u0105 epidemiologiczn\u0105 w kraju i na \u015bwiecie spotkanie to b\u0119dzie zorganizowane w formie zdalnej na:<\/p>\n<p><strong>Zoom Video Webinars<\/strong><\/p>\n<p>oraz w serwisie <strong>YouTube na kanale \u201eU\u015a TV\u201d <a href=\"https:\/\/youtu.be\/jvbvlKsqzdM\">https:\/\/youtu.be\/jvbvlKsqzdM<\/a><\/strong><\/p>\n<p>Organizatorzy:<strong> Ministerstwo Edukacji Narodowej, Uniwersytet \u015al\u0105ski<\/strong><br \/>\n<strong>w Katowicach, Uniwersytet Ostrawski w Ostrawie<\/strong><\/p>\n<p>Grupa odbiorc\u00f3w:<br \/>\n&#8211; osoby, kt\u00f3re w swojej pracy badawczej zajmuj\u0105 si\u0119 problematyk\u0105 edukacji w\u0142\u0105czaj\u0105cej (pedagodzy, psycholodzy, socjolodzy, antropolodzy i in.),<br \/>\n&#8211; dyrektorzy i nauczyciele plac\u00f3wek edukacyjnych,<br \/>\n&#8211; studenci<br \/>\na tak\u017ce wszystkie osoby zainteresowane tematyk\u0105 konferencji.<\/p>\n<p><strong>Opis konferencji:<\/strong> Zmiany wprowadzane w ostatnich latach w systemie edukacji obejmuj\u0105 m.in. dzia\u0142ania na rzecz realizacji idei edukacji w\u0142\u0105czaj\u0105cej, kt\u00f3rej podstawowym celem ma by\u0107 zwi\u0119kszanie szans edukacyjnych wszystkich ucz\u0105cych si\u0119 podmiot\u00f3w poprzez zapewnianie im warunk\u00f3w sprzyjaj\u0105cych rozwijaniu indywidualnych zasob\u00f3w, tak by w przysz\u0142o\u015bci mog\u0142y osi\u0105gn\u0105\u0107 pe\u0142ni\u0119 rozwoju osobistego (na miar\u0119 swoich mo\u017cliwo\u015bci) oraz aktywnie uczestniczy\u0107 w \u017cyciu spo\u0142ecznym. Za realizacj\u0119 tego zadania odpowiedzialne s\u0105 szko\u0142y i plac\u00f3wki, kt\u00f3re z za\u0142o\u017cenia powinny by\u0107 dost\u0119pne dla wszystkich ucz\u0105cych si\u0119 podmiot\u00f3w (niezale\u017cnie od ich indywidualnych potrzeb i mo\u017cliwo\u015bci rozwojowych), zapewniaj\u0105ce im przestrze\u0144 oraz narz\u0119dzia do rozwoju, na drodze rzeczywistego uczestnictwa nie tylko w procesie wychowania i kszta\u0142cenia, ale tak\u017ce w \u017cyciu spo\u0142ecznym szko\u0142y. Wok\u00f3\u0142 tych dzia\u0142a\u0144, ich efektywno\u015bci rodzi si\u0119 wiele pyta\u0144. W\u0142\u0105czaj\u0105c si\u0119 w nurt dyskusji dotycz\u0105cych inkluzyjno\u015bci systemu edukacji w Polsce zapraszamy Pa\u0144stwa do udzia\u0142u w <strong>\u00a0Konferencji Naukowej nt. \u201eWska\u017aniki edukacji w\u0142\u0105czaj\u0105cej \u2013 dawne dylematy, nowe do\u015bwiadczenia\u201d (Indicators for Inclusive Education \u2013 old dilemmas, new experiences)\u201d<\/strong>.<\/p>\n<p><a href=\"https:\/\/us.edu.pl\/wydzial\/wns\/wp-content\/uploads\/sites\/17\/Nieprzypisane\/US-WNS_plakat-Konferencja-online_3.2.pdf\" class=\"mtli_attachment mtli_pdf\" data-mtli=\"mtli_filesize606,03kB\" class=\"mtli_attachment mtli_pdf\" data-mtli=\"mtli_filesize606,03kB\">\u00a0Plakat Konferencja<\/a><\/p>\n<p>Dyskusja dotyczy\u0107 b\u0119dzie zagadnie\u0144 odnosz\u0105c si\u0119 do nast\u0119puj\u0105cych pyta\u0144:<\/p>\n<ul>\n<li>Czy pomiar edukacji w\u0142\u0105czaj\u0105cej jest mo\u017cliwy? Je\u017celi tak to jakich jej element\u00f3w i jak je mierzy\u0107?<\/li>\n<li>Komu pomiar edukacji w\u0142\u0105czaj\u0105cej jest potrzebny?<\/li>\n<li>Jakie \u201etwarde\u201d i \u201emi\u0119kkie\u201d wska\u017aniki edukacji w\u0142\u0105czaj\u0105cej odwzorowuj\u0105 jej warto\u015b\u0107\/ skuteczno\u015b\u0107?<\/li>\n<\/ul>\n<p>Sw\u00f3j udzia\u0142 w konferencji potwierdzili znawcy tematu z kraju i zagranicy:<\/p>\n<p>&#8211; przedstawiciele Ministerstwa Edukacji Narodowej,<br \/>\n&#8211; przedstawiciele \u015bwiata nauki,<br \/>\n&#8211; praktycy \u2013 dyrektorzy plac\u00f3wek, przedstawiciele w\u0142adz samorz\u0105dowych, organizacji spo\u0142ecznych<\/p>\n<p><strong><a href=\"https:\/\/us.edu.pl\/wydzial\/wns\/wp-content\/uploads\/sites\/17\/Nieprzypisane\/PROGRAM-KONFERENCJI-16.12.2020.pdf\" class=\"mtli_attachment mtli_pdf\" data-mtli=\"mtli_filesize382,50kB\" class=\"mtli_attachment mtli_pdf\" data-mtli=\"mtli_filesize382,50kB\">PROGRAM KONFERENCJI<\/a><\/strong><\/p>\n<p>&nbsp;<\/p>\n<p><strong>KONTAKT <\/strong><\/p>\n<p>Sekretarze konferencji:<\/p>\n<p>dr Marcin Gierczyk, e-mail: <a href=\"mailto:marcin.gierczyk@us.edu.pl\">marcin.gierczyk@us.edu.pl<\/a><\/p>\n<p>dr Iwona Wendre\u0144ska, e-mail: <a href=\"mailto:iwona.wendrenska@us.edu.pl\">iwona.wendrenska@us.edu.pl<\/a><\/p>\n<style type=\"text\/css\">a[data-mtli~=\"mtli_filesize606,03kB\"]:after {content:\" (606,03 kB)\"}a[data-mtli~=\"mtli_filesize382,50kB\"]:after {content:\" (382,50 kB)\"}<\/style><\/div>\r\n                    <\/div>\r\n                <\/div>[\/vc_column][\/vc_row]<\/p>\n<style type=\"text\/css\">a[data-mtli~=\"mtli_filesize606,03kB\"]:after {content:\" (606,03 kB)\"}a[data-mtli~=\"mtli_filesize382,50kB\"]:after {content:\" (382,50 kB)\"}<\/style>","protected":false},"excerpt":{"rendered":"<p>[vc_row][vc_column][\/vc_column][\/vc_row][vc_row][vc_column][\/vc_column][\/vc_row] [&#8230;]<\/p>\n<p><a class=\"btn btn-secondary understrap-read-more-link\" href=\"https:\/\/us.edu.pl\/wydzial\/wns\/2020\/12\/11\/online-konferencja-naukowa-pn-wskazniki-edukacji-wlaczajacej-dawne-dylematy-nowe-doswiadczenia\/\">Read More&#8230;<\/a><\/p>\n","protected":false},"author":134,"featured_media":4098,"comment_status":"open","ping_status":"open","sticky":false,"template":"","format":"standard","meta":{"_expiration-date-status":"saved","_expiration-date":0,"_expiration-date-type":"","_expiration-date-categories":[],"_expiration-date-options":[]},"categories":[12,11],"tags":[],"acf":[],"_links":{"self":[{"href":"https:\/\/us.edu.pl\/wydzial\/wns\/wp-json\/wp\/v2\/posts\/4095"}],"collection":[{"href":"https:\/\/us.edu.pl\/wydzial\/wns\/wp-json\/wp\/v2\/posts"}],"about":[{"href":"https:\/\/us.edu.pl\/wydzial\/wns\/wp-json\/wp\/v2\/types\/post"}],"author":[{"embeddable":true,"href":"https:\/\/us.edu.pl\/wydzial\/wns\/wp-json\/wp\/v2\/users\/134"}],"replies":[{"embeddable":true,"href":"https:\/\/us.edu.pl\/wydzial\/wns\/wp-json\/wp\/v2\/comments?post=4095"}],"version-history":[{"count":2,"href":"https:\/\/us.edu.pl\/wydzial\/wns\/wp-json\/wp\/v2\/posts\/4095\/revisions"}],"predecessor-version":[{"id":4104,"href":"https:\/\/us.edu.pl\/wydzial\/wns\/wp-json\/wp\/v2\/posts\/4095\/revisions\/4104"}],"wp:featuredmedia":[{"embeddable":true,"href":"https:\/\/us.edu.pl\/wydzial\/wns\/wp-json\/wp\/v2\/media\/4098"}],"wp:attachment":[{"href":"https:\/\/us.edu.pl\/wydzial\/wns\/wp-json\/wp\/v2\/media?parent=4095"}],"wp:term":[{"taxonomy":"category","embeddable":true,"href":"https:\/\/us.edu.pl\/wydzial\/wns\/wp-json\/wp\/v2\/categories?post=4095"},{"taxonomy":"post_tag","embeddable":true,"href":"https:\/\/us.edu.pl\/wydzial\/wns\/wp-json\/wp\/v2\/tags?post=4095"}],"curies":[{"name":"wp","href":"https:\/\/api.w.org\/{rel}","templated":true}]}}