{"id":4850,"date":"2021-03-29T11:03:28","date_gmt":"2021-03-29T09:03:28","guid":{"rendered":"https:\/\/us.edu.pl\/wydzial\/wns\/?p=4850"},"modified":"2021-03-29T11:03:28","modified_gmt":"2021-03-29T09:03:28","slug":"przedstawiamy-panstwu-najnowsze-ksiazki-autorstwa-i-pod-redakcja-prof-dr-hab-kazimierza-wolnego-zmorzynskiego","status":"publish","type":"post","link":"https:\/\/us.edu.pl\/wydzial\/wns\/2021\/03\/29\/przedstawiamy-panstwu-najnowsze-ksiazki-autorstwa-i-pod-redakcja-prof-dr-hab-kazimierza-wolnego-zmorzynskiego\/","title":{"rendered":"Przedstawiamy Pa\u0144stwu najnowsze ksi\u0105\u017cki autorstwa i pod redakcj\u0105 prof. dr hab. Kazimierza Wolnego-Zmorzy\u0144skiego. \u00a0"},"content":{"rendered":"<p>[vc_row][vc_column]\r\n                <div class=\"text-modules\">\r\n                    <div class=\"container\">\r\n                        \r\n                        <div class=\"text-modules__content\"><p><strong>Przedstawiamy Pa\u0144stwu najnowsze ksi\u0105\u017cki autorstwa i pod redakcj\u0105 prof. dr hab. <\/strong><strong>Kazimierza Wolnego-Zmorzy\u0144skiego:<\/strong><\/p>\n<p><strong>\u00a0<\/strong><\/p>\n<ol>\n<li><strong><em>Biblia a korzenie reporta\u017cu. Glosa do historii i teorii gatunku.<\/em><\/strong> Toru\u0144 2020, ss. 189.<\/li>\n<\/ol>\n<p>Z recenzji wydawniczej prof. dra hab. Andrzeja Kaliszewskiego z UJ: <em>ksi\u0105\u017cka Wolnego-Zmorzy\u0144skiego wr\u0119cz eksploduje tre\u015bci\u0105 tyle\u017c g\u0119st\u0105, co budz\u0105c\u0105 emocje; tre\u015bci\u0105 prowokuj\u0105c\u0105, ale w pozytywnym sensie, wyznaczanym przez up\u00f3r i konsekwencje badacza w sprawdzaniu, dowodzeniu hipotez [\u2026]. Wolny-Zmorzy\u0144ski dokona\u0142 wyj\u0105tkowo metodycznej, komplementarnej wiwisekcji tekst\u00f3w Nowego Testamentu, biografii jego \u201eautor\u00f3w\u201d, bohater\u00f3w, j\u0119zyka, kontekst\u00f3w historycznych \u2013wszystko w spos\u00f3b przemy\u015blany, uporz\u0105dkowany.<\/em><\/p>\n<p><img class=\"alignnone size-medium wp-image-4856\" src=\"https:\/\/us.edu.pl\/wydzial\/wns\/wp-content\/uploads\/sites\/17\/Nieprzypisane\/01.-KWZ-Biblia-ok\u0142adka-002-300x202.jpg\" alt=\"Ok\u0142adka ksi\u0105\u017cki &quot; Biblia a korzenie reportarzu&quot;\" width=\"300\" height=\"202\" srcset=\"https:\/\/us.edu.pl\/wydzial\/wns\/wp-content\/uploads\/sites\/17\/Nieprzypisane\/01.-KWZ-Biblia-ok\u0142adka-002-300x202.jpg 300w, https:\/\/us.edu.pl\/wydzial\/wns\/wp-content\/uploads\/sites\/17\/Nieprzypisane\/01.-KWZ-Biblia-ok\u0142adka-002-768x516.jpg 768w, https:\/\/us.edu.pl\/wydzial\/wns\/wp-content\/uploads\/sites\/17\/Nieprzypisane\/01.-KWZ-Biblia-ok\u0142adka-002-1024x689.jpg 1024w, https:\/\/us.edu.pl\/wydzial\/wns\/wp-content\/uploads\/sites\/17\/Nieprzypisane\/01.-KWZ-Biblia-ok\u0142adka-002-575x387.jpg 575w\" sizes=\"(max-width: 300px) 100vw, 300px\" \/><\/p>\n<ol start=\"2\">\n<li><strong><em>Rzecznik prasowy policji. Etyka \u2013 prawo \u2013 praktyka<\/em><\/strong> pod redakcj\u0105 Kazimierza Wolnego-Zmorzy\u0144skiego. Toru\u0144 2020, ss.152.<\/li>\n<\/ol>\n<p>Ksi\u0105\u017cka podejmuje <em>wa\u017cny temat budowy modelu relacji jakie zachodz\u0105 pomi\u0119dzy s\u0142u\u017cbami prasowymi policji a mediami. Ksi\u0105\u017cka jest cennym uzupe\u0142nieniem wiedzy w zakresie kszta\u0142towania wizerunku policji ze szczeg\u00f3lnym uwzgl\u0119dnieniem osoby rzecznika prasowego \u2013 <\/em>z recenzji prof. UW dr. hab. Dariusza Tworzyd\u0142y.<\/p>\n<p><img class=\"alignnone size-medium wp-image-4852\" src=\"https:\/\/us.edu.pl\/wydzial\/wns\/wp-content\/uploads\/sites\/17\/Nieprzypisane\/Ok\u0142adka-Rzecznik-prasowy-Policji-002-300x209.jpg\" alt=\"Ok\u0142adka ksi\u0105zki Rzecznik Prasowy Policji\" width=\"300\" height=\"209\" srcset=\"https:\/\/us.edu.pl\/wydzial\/wns\/wp-content\/uploads\/sites\/17\/Nieprzypisane\/Ok\u0142adka-Rzecznik-prasowy-Policji-002-300x209.jpg 300w, https:\/\/us.edu.pl\/wydzial\/wns\/wp-content\/uploads\/sites\/17\/Nieprzypisane\/Ok\u0142adka-Rzecznik-prasowy-Policji-002-768x536.jpg 768w, https:\/\/us.edu.pl\/wydzial\/wns\/wp-content\/uploads\/sites\/17\/Nieprzypisane\/Ok\u0142adka-Rzecznik-prasowy-Policji-002-1024x714.jpg 1024w, https:\/\/us.edu.pl\/wydzial\/wns\/wp-content\/uploads\/sites\/17\/Nieprzypisane\/Ok\u0142adka-Rzecznik-prasowy-Policji-002-575x401.jpg 575w\" sizes=\"(max-width: 300px) 100vw, 300px\" \/><\/p>\n<ol start=\"3\">\n<li><strong><em>Klinika Dziennikarstwa &#8211; informacja czy mizeria informacji?<\/em><\/strong>Tom IV pod redakcj\u0105 Kazimierza Wolnego-Zmorzy\u0144skiego, Krystyny Doktorowicz, Katarzyny Konarskiej. Wroc\u0142aw 2021, ss. 236.<\/li>\n<\/ol>\n<p>To efekt pracy konsylium wybitnych polskich medioznawc\u00f3w (prof. Krystyny Doktorowicz &#8211; U\u015a, prof. Jerzego Bralczyka &#8211; UW, prof. Janusza Adamowskiego &#8211; UW, prof. Jerzego Jastrz\u0119bskiego &#8211; UWr, dr. Paw\u0142a P\u0142anety &#8211; UJ, prof. Tadeusza Kononiuka &#8211; UW, prof. Tomasza Mielczarka\u00a0 &#8211; UJK, prof. Jacka Sobczaka (USWPS), prof. Jacka Wasilewskiego\u00a0 &#8211; UW, prof. Kazimierza Wolnego-Zmorzy\u0144skiego &#8211; U\u015a, prof. Aleksandra Wo\u017anego\u00a0 &#8211; UWr). \u00a0Eksperci Kliniki Dziennikarstwa ocenili prac\u0119 dziennikarzy w 2020 roku (informowanie o pandemii oraz wyborach prezydenckich). Klinika Dziennikarstwa dzia\u0142a od 2016 roku jako think tank. Kierownikiem Kliniki Dziennikarstwa jest prof. Kazimierz Wolny-Zmorzy\u0144ski. <a href=\"https:\/\/us.edu.pl\/wydzial\/wns\/wp-content\/uploads\/sites\/17\/Nieprzypisane\/01.-Ok\u0142adka-KD-4.pdf\" class=\"mtli_attachment mtli_pdf\" data-mtli=\"mtli_filesize125,98kB\" class=\"mtli_attachment mtli_pdf\" data-mtli=\"mtli_filesize125,98kB\">01. Ok\u0142adka KD 4<\/a><\/p>\n<ol start=\"4\">\n<li><strong><em>Gatunki dziennikarskie w erze cyfryzacji<\/em><\/strong>pod redakcj\u0105 Kazimierza Wolnego-Zmorzy\u0144skiego. Toru\u0144 2021, ss. 220.<\/li>\n<\/ol>\n<p>Ksi\u0105\u017cka porz\u0105dkuje wiedz\u0119 o wsp\u00f3\u0142czesnych gatunkach dziennikarskich, omawia ich fundamenty oraz pokazuje jak s\u0105 one obecnie stosowane w prasie, radiu, telewizji, internecie.\u00a0Autorami rozdzia\u0142\u00f3w w tej ksi\u0105\u017cce s\u0105 tak\u017ce m.in. prof. U\u015a dr hab. Marek Jachimowski oraz dr hab. Miros\u0142awa Wielkololska-Szymura z IDiKM U\u015a.<\/p>\n<p><img class=\"alignnone size-medium wp-image-4855\" src=\"https:\/\/us.edu.pl\/wydzial\/wns\/wp-content\/uploads\/sites\/17\/Nieprzypisane\/Ok\u0142adka-Gatunki-w-erze-cyfr_-002-300x207.jpg\" alt=\"Ok\u0142adka ksi\u0105zki&quot; Gatunki Dziennikarskie&quot;\" width=\"300\" height=\"207\" srcset=\"https:\/\/us.edu.pl\/wydzial\/wns\/wp-content\/uploads\/sites\/17\/Nieprzypisane\/Ok\u0142adka-Gatunki-w-erze-cyfr_-002-300x207.jpg 300w, https:\/\/us.edu.pl\/wydzial\/wns\/wp-content\/uploads\/sites\/17\/Nieprzypisane\/Ok\u0142adka-Gatunki-w-erze-cyfr_-002-768x531.jpg 768w, https:\/\/us.edu.pl\/wydzial\/wns\/wp-content\/uploads\/sites\/17\/Nieprzypisane\/Ok\u0142adka-Gatunki-w-erze-cyfr_-002-1024x707.jpg 1024w, https:\/\/us.edu.pl\/wydzial\/wns\/wp-content\/uploads\/sites\/17\/Nieprzypisane\/Ok\u0142adka-Gatunki-w-erze-cyfr_-002-575x397.jpg 575w\" sizes=\"(max-width: 300px) 100vw, 300px\" \/><\/p>\n<ol start=\"5\">\n<li><strong><em>Od semiotyki do konsumpcjonizmu. O potrzebie warto\u015bciowania fotografii <\/em><\/strong>pod redakcj\u0105 Kazimierza Wolnego-Zmorzy\u0144skiego i Krystyny Doktorowicz. Toru\u0144 2021, ss. 200.<\/li>\n<\/ol>\n<p><em>Autorzy rozdzia\u0142\u00f3w podejmuj\u0105 wiele w\u0105tk\u00f3w zwi\u0105zanych z fotografi\u0105 i fotografowaniem oraz praktyk\u0105 i krytyk\u0105 komunikacji wizualnej<\/em> &#8211; z recenzji prof. Jacka Gr\u0119bowca z Uniwersytetu Wroc\u0142awskiego.<\/p>\n<p><img class=\"alignnone size-medium wp-image-4854\" src=\"https:\/\/us.edu.pl\/wydzial\/wns\/wp-content\/uploads\/sites\/17\/Nieprzypisane\/Ok\u0142adka-Od-semiotyki-do-konsump_-002-300x208.jpg\" alt=\"Ok\u0142adk ksiazki : Od semiotyki do konsumpcjonizmu&quot;\" width=\"300\" height=\"208\" srcset=\"https:\/\/us.edu.pl\/wydzial\/wns\/wp-content\/uploads\/sites\/17\/Nieprzypisane\/Ok\u0142adka-Od-semiotyki-do-konsump_-002-300x208.jpg 300w, https:\/\/us.edu.pl\/wydzial\/wns\/wp-content\/uploads\/sites\/17\/Nieprzypisane\/Ok\u0142adka-Od-semiotyki-do-konsump_-002-768x531.jpg 768w, https:\/\/us.edu.pl\/wydzial\/wns\/wp-content\/uploads\/sites\/17\/Nieprzypisane\/Ok\u0142adka-Od-semiotyki-do-konsump_-002-1024x708.jpg 1024w, https:\/\/us.edu.pl\/wydzial\/wns\/wp-content\/uploads\/sites\/17\/Nieprzypisane\/Ok\u0142adka-Od-semiotyki-do-konsump_-002-575x398.jpg 575w\" sizes=\"(max-width: 300px) 100vw, 300px\" \/><\/p>\n<p>\n<style type=\"text\/css\">a[data-mtli~=\"mtli_filesize125,98kB\"]:after {content:\" (125,98 kB)\"}<\/style><\/div>\r\n                    <\/div>\r\n                <\/div>[\/vc_column][\/vc_row]<\/p>\n<style type=\"text\/css\">a[data-mtli~=\"mtli_filesize125,98kB\"]:after {content:\" (125,98 kB)\"}<\/style>","protected":false},"excerpt":{"rendered":"<p>[vc_row][vc_column][\/vc_column][\/vc_row] [&#8230;]<\/p>\n<p><a class=\"btn btn-secondary understrap-read-more-link\" href=\"https:\/\/us.edu.pl\/wydzial\/wns\/2021\/03\/29\/przedstawiamy-panstwu-najnowsze-ksiazki-autorstwa-i-pod-redakcja-prof-dr-hab-kazimierza-wolnego-zmorzynskiego\/\">Read More&#8230;<\/a><\/p>\n","protected":false},"author":133,"featured_media":2471,"comment_status":"open","ping_status":"open","sticky":false,"template":"","format":"standard","meta":{"_expiration-date-status":"saved","_expiration-date":0,"_expiration-date-type":"","_expiration-date-categories":[],"_expiration-date-options":[]},"categories":[13,18,11],"tags":[],"acf":[],"_links":{"self":[{"href":"https:\/\/us.edu.pl\/wydzial\/wns\/wp-json\/wp\/v2\/posts\/4850"}],"collection":[{"href":"https:\/\/us.edu.pl\/wydzial\/wns\/wp-json\/wp\/v2\/posts"}],"about":[{"href":"https:\/\/us.edu.pl\/wydzial\/wns\/wp-json\/wp\/v2\/types\/post"}],"author":[{"embeddable":true,"href":"https:\/\/us.edu.pl\/wydzial\/wns\/wp-json\/wp\/v2\/users\/133"}],"replies":[{"embeddable":true,"href":"https:\/\/us.edu.pl\/wydzial\/wns\/wp-json\/wp\/v2\/comments?post=4850"}],"version-history":[{"count":2,"href":"https:\/\/us.edu.pl\/wydzial\/wns\/wp-json\/wp\/v2\/posts\/4850\/revisions"}],"predecessor-version":[{"id":4858,"href":"https:\/\/us.edu.pl\/wydzial\/wns\/wp-json\/wp\/v2\/posts\/4850\/revisions\/4858"}],"wp:featuredmedia":[{"embeddable":true,"href":"https:\/\/us.edu.pl\/wydzial\/wns\/wp-json\/wp\/v2\/media\/2471"}],"wp:attachment":[{"href":"https:\/\/us.edu.pl\/wydzial\/wns\/wp-json\/wp\/v2\/media?parent=4850"}],"wp:term":[{"taxonomy":"category","embeddable":true,"href":"https:\/\/us.edu.pl\/wydzial\/wns\/wp-json\/wp\/v2\/categories?post=4850"},{"taxonomy":"post_tag","embeddable":true,"href":"https:\/\/us.edu.pl\/wydzial\/wns\/wp-json\/wp\/v2\/tags?post=4850"}],"curies":[{"name":"wp","href":"https:\/\/api.w.org\/{rel}","templated":true}]}}