{"id":7832,"date":"2022-01-21T08:08:02","date_gmt":"2022-01-21T07:08:02","guid":{"rendered":"https:\/\/us.edu.pl\/wydzial\/wns\/?p=7832"},"modified":"2022-01-21T08:08:02","modified_gmt":"2022-01-21T07:08:02","slug":"mgr-dominik-adamek-gosciem-programu-tvs","status":"publish","type":"post","link":"https:\/\/us.edu.pl\/wydzial\/wns\/2022\/01\/21\/mgr-dominik-adamek-gosciem-programu-tvs\/","title":{"rendered":"Mgr Dominik Adamek go\u015bciem programu TVS"},"content":{"rendered":"<p>[vc_row][vc_column]\r\n                <div class=\"text-modules\">\r\n                    <div class=\"container\">\r\n                        \r\n                        <div class=\"text-modules__content\"><p>W ostatnich latach nauka dostarcza coraz wi\u0119cej dowod\u00f3w na zwi\u0105zek mi\u0119dzy stanem psychicznym cz\u0142owieka, a jego zdrowiem fizycznym. W programie TVS o szcz\u0119\u015bciu, a zw\u0142aszcza o tym, jak pozytywne emocje wp\u0142ywaj\u0105 na organizm opowiada\u0142 mgr Dominik Adamek z Instytutu Psychologii Uniwersytetu \u015al\u0105skiego.<\/p>\n<p>Zach\u0119camy do obejrzenia materia\u0142u: <a href=\"https:\/\/tvs.pl\/tv\/kierunek-zdrowie-pozytywnym-mysleniem-mozna-pomoc-swojemu-zdrowiu\/?fbclid=IwAR3txYtlxkQsW7BzGCwNoTaN247mW8RlgHMWX3uY-I5hkS0imVcAqDs6O7E\">Kierunek Zdrowie: Pozytywnym my\u015bleniem mo\u017cna pom\u00f3c swojemu zdrowiu? (tvs.pl)<\/a><\/p>\n<\/div>\r\n                    <\/div>\r\n                <\/div>[\/vc_column][\/vc_row]<\/p>","protected":false},"excerpt":{"rendered":"<p>[vc_row][vc_column][\/vc_column][\/vc_row] [&#8230;]<\/p>\n<p><a class=\"btn btn-secondary understrap-read-more-link\" href=\"https:\/\/us.edu.pl\/wydzial\/wns\/2022\/01\/21\/mgr-dominik-adamek-gosciem-programu-tvs\/\">Read More&#8230;<\/a><\/p>\n","protected":false},"author":133,"featured_media":7835,"comment_status":"open","ping_status":"open","sticky":false,"template":"","format":"standard","meta":{"_expiration-date-status":"saved","_expiration-date":0,"_expiration-date-type":"","_expiration-date-categories":[],"_expiration-date-options":[]},"categories":[13,11],"tags":[],"acf":[],"_links":{"self":[{"href":"https:\/\/us.edu.pl\/wydzial\/wns\/wp-json\/wp\/v2\/posts\/7832"}],"collection":[{"href":"https:\/\/us.edu.pl\/wydzial\/wns\/wp-json\/wp\/v2\/posts"}],"about":[{"href":"https:\/\/us.edu.pl\/wydzial\/wns\/wp-json\/wp\/v2\/types\/post"}],"author":[{"embeddable":true,"href":"https:\/\/us.edu.pl\/wydzial\/wns\/wp-json\/wp\/v2\/users\/133"}],"replies":[{"embeddable":true,"href":"https:\/\/us.edu.pl\/wydzial\/wns\/wp-json\/wp\/v2\/comments?post=7832"}],"version-history":[{"count":1,"href":"https:\/\/us.edu.pl\/wydzial\/wns\/wp-json\/wp\/v2\/posts\/7832\/revisions"}],"predecessor-version":[{"id":7836,"href":"https:\/\/us.edu.pl\/wydzial\/wns\/wp-json\/wp\/v2\/posts\/7832\/revisions\/7836"}],"wp:featuredmedia":[{"embeddable":true,"href":"https:\/\/us.edu.pl\/wydzial\/wns\/wp-json\/wp\/v2\/media\/7835"}],"wp:attachment":[{"href":"https:\/\/us.edu.pl\/wydzial\/wns\/wp-json\/wp\/v2\/media?parent=7832"}],"wp:term":[{"taxonomy":"category","embeddable":true,"href":"https:\/\/us.edu.pl\/wydzial\/wns\/wp-json\/wp\/v2\/categories?post=7832"},{"taxonomy":"post_tag","embeddable":true,"href":"https:\/\/us.edu.pl\/wydzial\/wns\/wp-json\/wp\/v2\/tags?post=7832"}],"curies":[{"name":"wp","href":"https:\/\/api.w.org\/{rel}","templated":true}]}}