{"id":8548,"date":"2022-03-03T09:37:43","date_gmt":"2022-03-03T08:37:43","guid":{"rendered":"https:\/\/us.edu.pl\/wydzial\/wns\/?p=8548"},"modified":"2022-03-09T11:59:17","modified_gmt":"2022-03-09T10:59:17","slug":"konferencja-naukowa-communication-and-politics-in-the-time-of-crisis","status":"publish","type":"post","link":"https:\/\/us.edu.pl\/wydzial\/wns\/2022\/03\/03\/konferencja-naukowa-communication-and-politics-in-the-time-of-crisis\/","title":{"rendered":"Konferencja naukowa \u201eCommunication and Politics in the Time of Crisis&#8221;"},"content":{"rendered":"<p>[vc_row][vc_column width=&#8221;2\/3&#8243;]\r\n                <div class=\"text-modules\">\r\n                    <div class=\"container\">\r\n                        \r\n                        <div class=\"text-modules__content\"><p>Instytut Nauk Politycznych serdecznie zaprasza do udzia\u0142u w mi\u0119dzynarodowej konferencji naukowej \u201eCommunication and Politics in the Time of Crisis\u201d, kt\u00f3ra odb\u0119dzie si\u0119 16 marca 2022 roku na platformie MS Teams. Celem konferencji jest ocena aktualnego procesu komunikacji oraz polityki w obliczu kryzysu oraz jego wp\u0142yw na jako\u015b\u0107 demokracji na \u015bwiecie. Prelegenci b\u0119d\u0105 mogli odnie\u015b\u0107 si\u0119 do obecnej sytuacji w Ukrainie. W celu zg\u0142oszenia ch\u0119ci udzia\u0142u w wydarzeniu, nale\u017cy uzupe\u0142ni\u0107 formularz rejestracyjny do dnia 15 marca:<\/p>\n<p><a href=\"https:\/\/forms.office.com\/r\/pzdpBRg6NN\">https:\/\/forms.office.com\/r\/pzdpBRg6NN<\/a>&#8221;<\/p>\n<p><a href=\"https:\/\/us.edu.pl\/wydzial\/wns\/wp-content\/uploads\/sites\/17\/Nieprzypisane\/Programme_2022.pdf\" class=\"mtli_attachment mtli_pdf\" data-mtli=\"mtli_filesize71,57kB\" class=\"mtli_attachment mtli_pdf\" data-mtli=\"mtli_filesize71,57kB\">Programme_2022<\/a><\/p>\n<style type=\"text\/css\">a[data-mtli~=\"mtli_filesize71,57kB\"]:after {content:\" (71,57 kB)\"}<\/style><\/div>\r\n                    <\/div>\r\n                <\/div>[\/vc_column][vc_column width=&#8221;1\/3&#8243;]\r\n                <div class=\"text-modules\">\r\n                    <div class=\"container\">\r\n                        \r\n                        <div class=\"text-modules__content\"><p><img class=\"alignnone wp-image-8668\" src=\"https:\/\/us.edu.pl\/wydzial\/wns\/wp-content\/uploads\/sites\/17\/Nieprzypisane\/Plakat_wersja-ostateczna_2022-003-724x1024.jpeg\" alt=\"plakat konferencji\" width=\"400\" height=\"565\" srcset=\"https:\/\/us.edu.pl\/wydzial\/wns\/wp-content\/uploads\/sites\/17\/Nieprzypisane\/Plakat_wersja-ostateczna_2022-003-724x1024.jpeg 724w, https:\/\/us.edu.pl\/wydzial\/wns\/wp-content\/uploads\/sites\/17\/Nieprzypisane\/Plakat_wersja-ostateczna_2022-003-212x300.jpeg 212w, https:\/\/us.edu.pl\/wydzial\/wns\/wp-content\/uploads\/sites\/17\/Nieprzypisane\/Plakat_wersja-ostateczna_2022-003-768x1086.jpeg 768w, https:\/\/us.edu.pl\/wydzial\/wns\/wp-content\/uploads\/sites\/17\/Nieprzypisane\/Plakat_wersja-ostateczna_2022-003-407x575.jpeg 407w, https:\/\/us.edu.pl\/wydzial\/wns\/wp-content\/uploads\/sites\/17\/Nieprzypisane\/Plakat_wersja-ostateczna_2022-003.jpeg 1547w\" sizes=\"(max-width: 400px) 100vw, 400px\" \/><\/p>\n<\/div>\r\n                    <\/div>\r\n                <\/div>[\/vc_column][\/vc_row]<\/p>\n<style type=\"text\/css\">a[data-mtli~=\"mtli_filesize71,57kB\"]:after {content:\" (71,57 kB)\"}<\/style>","protected":false},"excerpt":{"rendered":"<p>[vc_row][vc_column width=&#8221;2\/3&#8243;][\/vc_column][vc_column width=&#8221;1\/3&#8243;][\/vc_column][\/vc_row] [&#8230;]<\/p>\n<p><a class=\"btn btn-secondary understrap-read-more-link\" href=\"https:\/\/us.edu.pl\/wydzial\/wns\/2022\/03\/03\/konferencja-naukowa-communication-and-politics-in-the-time-of-crisis\/\">Read More&#8230;<\/a><\/p>\n","protected":false},"author":133,"featured_media":4943,"comment_status":"open","ping_status":"open","sticky":false,"template":"","format":"standard","meta":{"_expiration-date-status":"saved","_expiration-date":0,"_expiration-date-type":"","_expiration-date-categories":[],"_expiration-date-options":[]},"categories":[12,11],"tags":[],"acf":[],"_links":{"self":[{"href":"https:\/\/us.edu.pl\/wydzial\/wns\/wp-json\/wp\/v2\/posts\/8548"}],"collection":[{"href":"https:\/\/us.edu.pl\/wydzial\/wns\/wp-json\/wp\/v2\/posts"}],"about":[{"href":"https:\/\/us.edu.pl\/wydzial\/wns\/wp-json\/wp\/v2\/types\/post"}],"author":[{"embeddable":true,"href":"https:\/\/us.edu.pl\/wydzial\/wns\/wp-json\/wp\/v2\/users\/133"}],"replies":[{"embeddable":true,"href":"https:\/\/us.edu.pl\/wydzial\/wns\/wp-json\/wp\/v2\/comments?post=8548"}],"version-history":[{"count":6,"href":"https:\/\/us.edu.pl\/wydzial\/wns\/wp-json\/wp\/v2\/posts\/8548\/revisions"}],"predecessor-version":[{"id":8670,"href":"https:\/\/us.edu.pl\/wydzial\/wns\/wp-json\/wp\/v2\/posts\/8548\/revisions\/8670"}],"wp:featuredmedia":[{"embeddable":true,"href":"https:\/\/us.edu.pl\/wydzial\/wns\/wp-json\/wp\/v2\/media\/4943"}],"wp:attachment":[{"href":"https:\/\/us.edu.pl\/wydzial\/wns\/wp-json\/wp\/v2\/media?parent=8548"}],"wp:term":[{"taxonomy":"category","embeddable":true,"href":"https:\/\/us.edu.pl\/wydzial\/wns\/wp-json\/wp\/v2\/categories?post=8548"},{"taxonomy":"post_tag","embeddable":true,"href":"https:\/\/us.edu.pl\/wydzial\/wns\/wp-json\/wp\/v2\/tags?post=8548"}],"curies":[{"name":"wp","href":"https:\/\/api.w.org\/{rel}","templated":true}]}}