{"id":14591,"date":"2021-06-23T14:53:12","date_gmt":"2021-06-23T12:53:12","guid":{"rendered":"https:\/\/us.edu.pl\/wydzial\/wnst\/?p=14591"},"modified":"2021-07-20T11:28:54","modified_gmt":"2021-07-20T09:28:54","slug":"katarzyna-schmidt","status":"publish","type":"post","link":"https:\/\/us.edu.pl\/wydzial\/wnst\/2021\/06\/23\/katarzyna-schmidt\/","title":{"rendered":"Katarzyna Schmidt"},"content":{"rendered":"<p>[vc_row css=&#8221;.vc_custom_1626772894639{margin-bottom: 0px !important;border-bottom-width: 0px !important;padding-bottom: 0px !important;}&#8221;][vc_column]\r\n                <div class=\"text-modules\">\r\n                    <div class=\"container\">\r\n                        \r\n                        <div class=\"text-modules__content\"><p><a href=\"https:\/\/us.edu.pl\/wydzial\/wnst\/uscern\/\"><span style=\"color: #011535; font-family: PT Sans Narrow;\">pl30cern.us.edu.pl<\/span><\/a><\/p>\n<p>[vc_row][vc_column]<span style=\"letter-spacing: 0.4mm; color: #002e5a; font-size: 200%; font-family: PT Sans Narrow;\"><strong>CERN | Moja historia<\/strong><\/span><\/p>\n<hr \/>\n<p>\n<\/div>\r\n                    <\/div>\r\n                <\/div>[\/vc_column][\/vc_row][vc_row content_placement=&#8221;middle&#8221; el_class=&#8221;container&#8221;][vc_column width=&#8221;1\/3&#8243; css=&#8221;.vc_custom_1624433902567{margin-right: 10px !important;margin-bottom: 16px !important;}&#8221; el_class=&#8221;centrum-niebieskie&#8221;][vc_empty_space][vc_row_inner content_placement=&#8221;middle&#8221;][vc_column_inner el_class=&#8221;foto&#8221;]\r\n                <div class=\"text-modules\">\r\n                    <div class=\"container\">\r\n                        \r\n                        <div class=\"text-modules__content\"><\/p>\n<p style=\"text-align: right;\"><img class=\"alignnone wp-image-14354 size-full\" src=\"https:\/\/us.edu.pl\/wydzial\/wnst\/wp-content\/uploads\/sites\/18\/zdjecia-wydarzenia\/K_Schmidt-zdj21.jpg\" alt=\"dr Katarzyna Schmidt\" width=\"100%\" height=\"auto\" \/><br \/>\n<span style=\"color: #808080; font-size: small;\"><em>fot. archiwum prywatne<\/em><\/span><\/p>\n<p>\n<\/div>\r\n                    <\/div>\r\n                <\/div>[\/vc_column_inner][\/vc_row_inner][\/vc_column][vc_column width=&#8221;2\/3&#8243; css=&#8221;.vc_custom_1624438846096{border-left-width: 1px !important;border-left-color: #eaeaea !important;}&#8221;]\r\n                <div class=\"text-modules\">\r\n                    <div class=\"container\">\r\n                        \r\n                        <div class=\"text-modules__content\"><\/p>\n<p><small><span style=\"letter-spacing: 0.4mm; color: #002e5a; font-size: 160%; font-family: PT Sans Narrow;\"><strong>dr KATARZYNA SCHMIDT, prof. U\u015a<\/strong><\/span><\/small><\/p>\n<hr \/>\n<p>\n<\/div>\r\n                    <\/div>\r\n                <\/div>[vc_column_text css=&#8221;.vc_custom_1625039318204{border-left-width: 2px !important;padding-left: 20px !important;border-left-color: #9b132a !important;border-left-style: solid !important;}&#8221;]<\/p>\n<p style=\"font-family: PT Serif Narrow; font-size: 130%; color: #000000;\"><em>Do CERN-u pierwszy raz pojecha\u0142am w 2009 roku, w ramach programu edukacyjnego organizowanego przez o\u015brodek. By\u0142am wtedy doktorantk\u0105 w Instytucie Fizyki Uniwersytetu \u015al\u0105skiego. I wtedy sobie zamarzy\u0142am: jeszcze tu wr\u00f3c\u0119!<\/em><\/p>\n<p>[\/vc_column_text][vc_empty_space][\/vc_column][\/vc_row][vc_row][vc_column css=&#8221;.vc_custom_1624516553425{background-color: #f5fcff !important;}&#8221;]\r\n                <div class=\"text-modules\">\r\n                    <div class=\"container\">\r\n                        \r\n                        <div class=\"text-modules__content\"><\/p>\n<table style=\"border-collapse: collapse; width: 100%; padding-top: 30px;\">\n<tbody>\n<tr>\n<td style=\"width: 10%; vertical-align: text-top; padding-top: 20px;\">\n<div><\/div>\n<div class=\"napis\"><strong>CERN MOJA HISTORIA<br \/>\n<\/strong><\/div>\n<\/td>\n<td style=\"width: 90%; padding-right: 40px; font-size: 90%; text-align: left;\" colspan=\"2\">\n<hr style=\"width: 60%; height: 2px; background-color: #011535;\" align=\"left\" \/>\n<p>Do CERN-u pierwszy raz pojecha\u0142am w 2009 roku, w ramach programu edukacyjnego organizowanego przez o\u015brodek. By\u0142am wtedy doktorantk\u0105 w Instytucie Fizyki Uniwersytetu \u015al\u0105skiego. I w\u00f3wczas sobie zamarzy\u0142am: jeszcze tu wr\u00f3c\u0119!<\/p>\n<p>Na sta\u017c podoktorski wyjecha\u0142am do Stan\u00f3w Zjednoczonych, jednak\u017ce po powrocie do Polski do\u0142\u0105czy\u0142am do grupy, kt\u00f3ra czynnie uczestniczy w pracach eksperymentu NA61\/SHINE w CERN-ie. Od tej pory regularnie wyje\u017cd\u017ca\u0142am do o\u015brodka na s\u0142ynne \u201eszychty\u201d (dy\u017cury podczas zbierania danych) oraz do prac zwi\u0105zanych z modernizacj\u0105 detektora. W eksperymencie zajmuj\u0119 si\u0119 g\u0142\u00f3wnie oprogramowaniem. Obecnie intensywnie pracujemy nad wdro\u017ceniem metod uczenia maszynowego do odfiltrowania szum\u00f3w rejestrowanych przez detektor. Zbieraj\u0105c dane w czasie rzeczywistym, chcieliby\u015bmy zachowywa\u0107 tylko te z nich, kt\u00f3re pochodz\u0105 z reakcji j\u0105drowej. Pozwoli nam to zaoszcz\u0119dzi\u0107 miejsce w przestrzeni dyskowej (5000 TB) oraz u\u0142atwi i przy\u015bpieszy przysz\u0142\u0105 analiz\u0119.<\/p>\n<p>Cz\u0119sto s\u0142ysz\u0119 pytanie: ale w\u0142a\u015bciwie po co to robicie? Po co wydawa\u0107 miliony na eksperymenty, z kt\u00f3rych zwyk\u0142y obywatel nie b\u0119dzie mia\u0142 \u017cadnych korzy\u015bci? Zazwyczaj odpowiadam w ten spos\u00f3b: czy Albert Einstein, kiedy pracowa\u0142 nad teori\u0105 wzgl\u0119dno\u015bci, by\u0142 w stanie przewidzie\u0107, \u017ce jego teoria b\u0119dzie w przysz\u0142o\u015bci wykorzystywana we wsp\u00f3\u0142czesnych systemach nawigacji, np. GPS? Nauka, kt\u00f3r\u0105 uprawiamy (nie tylko w CERN-ie), nale\u017cy do bada\u0144 podstawowych, tzn. nienastawionych na natychmiastowe zastosowania. Innymi s\u0142owy, s\u0142u\u017cy poznaniu, pog\u0142\u0119bieniu naszej wiedzy o otaczaj\u0105cym nas \u015bwiecie. Poza tym podczas projektowania wielkich eksperyment\u00f3w powstaj\u0105 nowe technologie, z kt\u00f3rych nast\u0119pnie korzysta przeci\u0119tny cz\u0142owiek. Najlepszym przyk\u0142adem s\u0105 strony internetowe. Tim Berners-Lee, brytyjski naukowiec, wynalaz\u0142 World Wide Web (WWW) w 1989 roku, pracuj\u0105c w CERN-ie, by rozwi\u0105za\u0107 problem dzielenia si\u0119 wynikami bada\u0144 mi\u0119dzy naukowcami z uniwersytet\u00f3w i instytut\u00f3w na ca\u0142ym \u015bwiecie.<\/p>\n<p>Ale dosy\u0107 o rzeczach powa\u017cnych. Informacje na temat bada\u0144 naukowych w CERN-ie czy konkretnie w eksperymencie NA61\/SHINE s\u0105 szeroko udost\u0119pniane w internecie (cern.ch, shine.web.cern.ch). Ja chcia\u0142abym opowiedzie\u0107 o takich aspektach pracy w CERN-ie, o kt\u00f3rych by\u0107 mo\u017ce nie przeczytacie w oficjalnych dokumentach.<\/p>\n<p>Jednym z nich jest sam o\u015brodek. Ju\u017c podczas pierwszej wizyty w nim zwr\u00f3ci\u0142am uwag\u0119 na nazwy ulic. Tak, tak, o\u015brodek jest tak du\u017cy, \u017ce trzeba by\u0142o nada\u0107 nazwy jego ulicom. A te w CERN-ie pochodz\u0105 od nazwisk s\u0142ynnych fizyk\u00f3w. Nie zabrak\u0142o oczywi\u015bcie ulicy Marie Curie. Wszystkie nazwy znale\u017a\u0107 mo\u017cna <a href=\"https:\/\/en.wikipedia.org\/wiki\/List_of_streets_at_CERN\">tutaj<\/a>.<\/p>\n<p style=\"text-align: right;\"><img class=\"aligncenter wp-image-14503 size-full\" src=\"https:\/\/us.edu.pl\/wydzial\/wnst\/wp-content\/uploads\/sites\/18\/zdjecia-wydarzenia\/rog-MC-e1624439350662.jpg\" alt=\"Dwie tabliczki z napisami: Route Marie Curie. Sortie-Exit\" width=\"100%\" height=\"auto\" srcset=\"https:\/\/us.edu.pl\/wydzial\/wnst\/wp-content\/uploads\/sites\/18\/zdjecia-wydarzenia\/rog-MC-e1624439350662.jpg 800w, https:\/\/us.edu.pl\/wydzial\/wnst\/wp-content\/uploads\/sites\/18\/zdjecia-wydarzenia\/rog-MC-e1624439350662-300x94.jpg 300w, https:\/\/us.edu.pl\/wydzial\/wnst\/wp-content\/uploads\/sites\/18\/zdjecia-wydarzenia\/rog-MC-e1624439350662-768x240.jpg 768w, https:\/\/us.edu.pl\/wydzial\/wnst\/wp-content\/uploads\/sites\/18\/zdjecia-wydarzenia\/rog-MC-e1624439350662-575x180.jpg 575w\" sizes=\"(max-width: 800px) 100vw, 800px\" \/><br \/>\n<span style=\"color: #808080; font-size: small;\"><em>fot. archiwum prof. Katarzyny Schmidt<\/em><\/span><\/p>\n<p>Poza tym, gdy tylko pozwala na to czas, mo\u017cna wybra\u0107 si\u0119 do Genewy, w kt\u00f3rej szczeg\u00f3lnie lubi\u0119&#8230; \u015bcie\u017cki rowerowe. Genewa jest miastem przyjaznym rowerzystom. Okolice Jeziora Genewskiego czy tereny pod szwajcarskim miastem s\u0105 idealnym miejscem na kr\u00f3tkie wycieczki rowerowe.<\/p>\n<p style=\"text-align: right;\"><img class=\"alignnone wp-image-14504 size-full\" src=\"https:\/\/us.edu.pl\/wydzial\/wnst\/wp-content\/uploads\/sites\/18\/zdjecia-wydarzenia\/sciezka-rowerowa.jpg\" alt=\"kobieta na rowerze przy zbiorniku wodnym\" width=\"100%\" height=\"auto\" srcset=\"https:\/\/us.edu.pl\/wydzial\/wnst\/wp-content\/uploads\/sites\/18\/zdjecia-wydarzenia\/sciezka-rowerowa.jpg 800w, https:\/\/us.edu.pl\/wydzial\/wnst\/wp-content\/uploads\/sites\/18\/zdjecia-wydarzenia\/sciezka-rowerowa-300x225.jpg 300w, https:\/\/us.edu.pl\/wydzial\/wnst\/wp-content\/uploads\/sites\/18\/zdjecia-wydarzenia\/sciezka-rowerowa-768x576.jpg 768w, https:\/\/us.edu.pl\/wydzial\/wnst\/wp-content\/uploads\/sites\/18\/zdjecia-wydarzenia\/sciezka-rowerowa-575x431.jpg 575w\" sizes=\"(max-width: 800px) 100vw, 800px\" \/><span style=\"color: #808080; font-size: small;\"><em>fot. archiwum prof. Katarzyny Schmidt<\/em><\/span><\/p>\n<p>Magiczn\u0105 atmosfer\u0119, jak\u0105 mo\u017cna zasta\u0107 w CERN-ie, tworz\u0105 przede wszystkim ludzie. Jest to miejsce mi\u0119dzynarodowej wsp\u00f3\u0142pracy os\u00f3b z ca\u0142ego \u015bwiata, m\u00f3wi\u0105cych w r\u00f3\u017cnych j\u0119zykach, ale kt\u00f3rych wsp\u00f3ln\u0105 mow\u0105 jest j\u0119zyk fizyki. Szczeg\u00f3lnie widoczne jest to w godzinach lunchu w g\u0142\u00f3wnej kantynie &#8211; oko\u0142o po\u0142udnia pomieszczenie zape\u0142nia si\u0119 lud\u017ami, kt\u00f3rzy zazwyczaj tworz\u0105 niewielkie grupki. \u017bywo dyskutuj\u0105. Dominuj\u0105cymi j\u0119zykami s\u0105 angielski, francuski i w\u0142oski, ale nierzadko s\u0142ycha\u0107 te\u017c polski. Nie trzeba zna\u0107 ich wszystkich, by zorientowa\u0107 si\u0119, \u017ce ka\u017cdy rozmawia o swojej pasji. Kantyna jest czynna do 24.00, lecz nie znaczy to, \u017ce o tej porze staje si\u0119 pusta. Nie mo\u017cna ju\u017c nic kupi\u0107, jednak dyskusje, rozmowy towarzyskie czy spotkania fan\u00f3w gier planszowych trwaj\u0105 do p\u00f3\u017aniej nocy. Mo\u017cna pozna\u0107 r\u00f3\u017cne kultury i obyczaje. Cz\u0119sto zawierane s\u0105 przyja\u017anie na ca\u0142e lata, a nierzadko&#8230; ma\u0142\u017ce\u0144stwa. Tak te\u017c by\u0142o w moim przypadku. Oboje z m\u0119\u017cem pochodzimy ze \u015al\u0105ska, ale poznali\u015bmy si\u0119, a jak\u017ce, w CERN-ie!<\/td>\n<\/tr>\n<\/tbody>\n<\/table>\n<p>\n<\/div>\r\n                    <\/div>\r\n                <\/div>[\/vc_column][\/vc_row][vc_row][vc_column][vc_empty_space][\/vc_column][\/vc_row]<\/p>","protected":false},"excerpt":{"rendered":"<p>[vc_row css=&#8221;.vc_custom_1626772894639{margin-bottom: 0px !important;border-bottom-width: 0px !important;padding-bottom: 0px !important;}&#8221;][vc_column][\/vc_column][\/vc_row][vc_row content_placement=&#8221;middle&#8221; el_class=&#8221;container&#8221;][vc_column width=&#8221;1\/3&#8243; css=&#8221;.vc_custom_1624433902567{margin-right: 10px !important;margin-bottom: 16px !important;}&#8221; el_class=&#8221;centrum-niebieskie&#8221;][vc_empty_space][vc_row_inner content_placement=&#8221;middle&#8221;][vc_column_inner el_class=&#8221;foto&#8221;][\/vc_column_inner][\/vc_row_inner][\/vc_column][vc_column width=&#8221;2\/3&#8243; css=&#8221;.vc_custom_1624438846096{border-left-width: 1px !important;border-left-color: #eaeaea !important;}&#8221;][vc_column_text css=&#8221;.vc_custom_1625039318204{border-left-width: 2px !important;padding-left: 20px !important;border-left-color: #9b132a !important;border-left-style: solid !important;}&#8221;] Do CERN-u pierwszy raz pojecha\u0142am w 2009 roku, w ramach programu edukacyjnego organizowanego przez o\u015brodek. By\u0142am wtedy doktorantk\u0105 w Instytucie Fizyki [&#8230;]<\/p>\n<p><a class=\"btn btn-secondary understrap-read-more-link\" href=\"https:\/\/us.edu.pl\/wydzial\/wnst\/2021\/06\/23\/katarzyna-schmidt\/\">Read More&#8230;<\/a><\/p>\n","protected":false},"author":92,"featured_media":0,"comment_status":"open","ping_status":"open","sticky":false,"template":"","format":"standard","meta":{"_expiration-date-status":"saved","_expiration-date":0,"_expiration-date-type":"","_expiration-date-categories":[],"_expiration-date-options":[]},"categories":[495],"tags":[496],"acf":[],"_links":{"self":[{"href":"https:\/\/us.edu.pl\/wydzial\/wnst\/wp-json\/wp\/v2\/posts\/14591"}],"collection":[{"href":"https:\/\/us.edu.pl\/wydzial\/wnst\/wp-json\/wp\/v2\/posts"}],"about":[{"href":"https:\/\/us.edu.pl\/wydzial\/wnst\/wp-json\/wp\/v2\/types\/post"}],"author":[{"embeddable":true,"href":"https:\/\/us.edu.pl\/wydzial\/wnst\/wp-json\/wp\/v2\/users\/92"}],"replies":[{"embeddable":true,"href":"https:\/\/us.edu.pl\/wydzial\/wnst\/wp-json\/wp\/v2\/comments?post=14591"}],"version-history":[{"count":16,"href":"https:\/\/us.edu.pl\/wydzial\/wnst\/wp-json\/wp\/v2\/posts\/14591\/revisions"}],"predecessor-version":[{"id":15439,"href":"https:\/\/us.edu.pl\/wydzial\/wnst\/wp-json\/wp\/v2\/posts\/14591\/revisions\/15439"}],"wp:attachment":[{"href":"https:\/\/us.edu.pl\/wydzial\/wnst\/wp-json\/wp\/v2\/media?parent=14591"}],"wp:term":[{"taxonomy":"category","embeddable":true,"href":"https:\/\/us.edu.pl\/wydzial\/wnst\/wp-json\/wp\/v2\/categories?post=14591"},{"taxonomy":"post_tag","embeddable":true,"href":"https:\/\/us.edu.pl\/wydzial\/wnst\/wp-json\/wp\/v2\/tags?post=14591"}],"curies":[{"name":"wp","href":"https:\/\/api.w.org\/{rel}","templated":true}]}}