{"id":158959,"date":"2022-04-27T07:00:06","date_gmt":"2022-04-27T05:00:06","guid":{"rendered":"https:\/\/us.edu.pl\/wydzial\/wnst\/?p=158959"},"modified":"2023-04-14T10:23:42","modified_gmt":"2023-04-14T08:23:42","slug":"dzien-grafika-dr-grzegorz-machnik","status":"publish","type":"post","link":"https:\/\/us.edu.pl\/wydzial\/wnst\/2022\/04\/27\/dzien-grafika-dr-grzegorz-machnik\/","title":{"rendered":"Dzie\u0144 Grafika | dr Grzegorz Machnik"},"content":{"rendered":"<p>[vc_row css=&#8221;.vc_custom_1626772894639{margin-bottom: 0px !important;border-bottom-width: 0px !important;padding-bottom: 0px !important;}&#8221;][vc_column width=&#8221;1\/4&#8243;]\r\n                <div class=\"text-modules\">\r\n                    <div class=\"container\">\r\n                        \r\n                        <div class=\"text-modules__content\"><\/p>\n<p style=\"text-align: right;\"><strong><small><span style=\"letter-spacing: 0.6mm; color: #011535; font-size: 140%; font-family: 'PT Sans Narrow';\">27 kwietnia<\/span><\/small><\/strong><\/p>\n<p style=\"text-align: right;\"><strong><small><span style=\"letter-spacing: 0.4mm; color: #9b132a; font-size: 160%; font-family: PT Sans Narrow;\">DZIE\u0143 GRAFIKA<\/span><\/small><\/strong><\/p>\n<p>\n<\/div>\r\n                    <\/div>\r\n                <\/div>[vc_single_image image=&#8221;16858&#8243; img_size=&#8221;full&#8221; alignment=&#8221;center&#8221; style=&#8221;vc_box_rounded&#8221;][\/vc_column][vc_column width=&#8221;3\/4&#8243;]\r\n                <div class=\"text-modules\">\r\n                    <div class=\"container\">\r\n                        \r\n                        <div class=\"text-modules__content\"><p>Dnia 27 kwietnia obchodzony jest Dzie\u0144 grafika.<\/p>\n<p>Grafika czy grafiku? Przyjrzyjmy si\u0119 temu zagadnieniu &#8211; grafikowi- razem z drem Grzegorzem Machnikiem.<\/p>\n<\/div>\r\n                    <\/div>\r\n                <\/div>\r\n                <div class=\"text-modules\">\r\n                    <div class=\"container\">\r\n                        \r\n                        <div class=\"text-modules__content\"><p><a href=\"https:\/\/us.edu.pl\/wydzial\/wnst\/event\/?strona=1&amp;widok=lista&amp;odbiorca=&amp;kategoria=343&amp;lokalizacja=&amp;rok=&amp;miesiac=\">\u201eKartka z kalendarza\u201d<\/a> to cykl artyku\u0142\u00f3w, kt\u00f3re powstawa\u0142y z okazji r\u00f3\u017cnych nietypowych \u015bwi\u0105t. Autorami prezentowanych materia\u0142\u00f3w s\u0105 studenci, doktoranci i pracownicy Wydzia\u0142u Nauk \u015acis\u0142ych i Technicznych U\u015a.<\/p>\n<\/div>\r\n                    <\/div>\r\n                <\/div>[vc_separator color=&#8221;custom&#8221; accent_color=&#8221;#9b132a&#8221;][\/vc_column][\/vc_row][vc_row css=&#8221;.vc_custom_1629883969954{margin-bottom: 0px !important;border-bottom-width: 0px !important;padding-bottom: 0px !important;}&#8221; el_class=&#8221;shadow&#8221;][vc_column width=&#8221;1\/3&#8243; el_class=&#8221;foto&#8221;][vc_column_text el_class=&#8221;foto&#8221; css=&#8221;.vc_custom_1657882497690{padding-right: 20px !important;padding-left: 20px !important;}&#8221;]<img class=\"alignnone wp-image-157393 size-medium\" src=\"https:\/\/us.edu.pl\/wydzial\/wnst\/wp-content\/uploads\/sites\/18\/Bez-kategorii\/MachnikGrzegorz_1-300x300.jpg\" alt=\"\" width=\"100%\" height=\"auto\" srcset=\"https:\/\/us.edu.pl\/wydzial\/wnst\/wp-content\/uploads\/sites\/18\/Bez-kategorii\/MachnikGrzegorz_1-300x300.jpg 300w, https:\/\/us.edu.pl\/wydzial\/wnst\/wp-content\/uploads\/sites\/18\/Bez-kategorii\/MachnikGrzegorz_1-1024x1024.jpg 1024w, https:\/\/us.edu.pl\/wydzial\/wnst\/wp-content\/uploads\/sites\/18\/Bez-kategorii\/MachnikGrzegorz_1-150x150.jpg 150w, https:\/\/us.edu.pl\/wydzial\/wnst\/wp-content\/uploads\/sites\/18\/Bez-kategorii\/MachnikGrzegorz_1-768x768.jpg 768w, https:\/\/us.edu.pl\/wydzial\/wnst\/wp-content\/uploads\/sites\/18\/Bez-kategorii\/MachnikGrzegorz_1-1536x1536.jpg 1536w, https:\/\/us.edu.pl\/wydzial\/wnst\/wp-content\/uploads\/sites\/18\/Bez-kategorii\/MachnikGrzegorz_1-2048x2048.jpg 2048w, https:\/\/us.edu.pl\/wydzial\/wnst\/wp-content\/uploads\/sites\/18\/Bez-kategorii\/MachnikGrzegorz_1-575x575.jpg 575w\" sizes=\"(max-width: 300px) 100vw, 300px\" \/><br \/>\n<em>fot. archiwum U\u015a<\/em>[\/vc_column_text]\r\n                <div class=\"text-modules\">\r\n                    <div class=\"container\">\r\n                        \r\n                        <div class=\"text-modules__content\"><p><span style=\"letter-spacing: 0.4mm; color: #002e5a; font-size: 200%; font-family: PT Sans Narrow;\"><small><strong>dr GRZEGORZ MACHNIK<\/strong><\/small><\/span><\/p>\n<hr \/>\n<p>adiunkt, informatyka<\/p>\n<p><small><a href=\"https:\/\/ab.us.edu.pl\/emp?id=57203&amp;view=P\">wy\u015bwietl publikacje<\/a><\/small><\/p>\n<p><small><a href=\"https:\/\/us.edu.pl\/wydzial\/wnst\/studia\/student\/dzialalnosc-studencka\/kola-naukowe\/\">Ko\u0142o Naukowe Informatyk\u00f3w<\/a><\/small><\/p>\n<p><small><a href=\"https:\/\/us.edu.pl\/wydzial\/wnst\/2022\/06\/08\/dzien-informatyka-2022\/#1630400433390-399ec060-c734\">Dzie\u0144 informatyka 2022<\/a><\/small><\/p>\n<p><small><a href=\"https:\/\/us.edu.pl\/wydzial\/wnst\/2022\/07\/13\/tu-bylm-dr-grzegorz-machnik\/\">Balon ULKA &#8211; Tu by\u0142*m<\/a><\/small><\/p>\n<p><small><a href=\"https:\/\/us.edu.pl\/wydzial\/wnst\/2023\/04\/14\/dzien-sapera-dr-grzegorz-machnik\/\">Dzie\u0144 Sapera<\/a><\/small><\/p>\n<\/div>\r\n                    <\/div>\r\n                <\/div>[\/vc_column][vc_column width=&#8221;2\/3&#8243;]\r\n                <div class=\"text-modules\">\r\n                    <div class=\"container\">\r\n                        \r\n                        <div class=\"text-modules__content\"><\/p>\n<div dir=\"auto\"><span style=\"color: #003366;\"><strong>Czym takim jest grafik?<br \/>\n<\/strong><\/span>Wiele os\u00f3b spotyka si\u0119 z nim w pracy, w szkole lub na uczelni. Niekt\u00f3rzy nawet na spacerze, a niewielu na randce. Cz\u0119sto s\u0142yszymy o \u017ale u\u0142o\u017conym grafiku. Przewa\u017cnie wi\u0105\u017ce si\u0119 to z godzinami pracy lub zaj\u0119\u0107, kt\u00f3re ewidentnie kto\u015b nam \u017ale u\u0142o\u017cy\u0142 na grafiku.<\/div>\n<div dir=\"auto\">\n<p>Istnieje jeszcze jeden rodzaj grafik\u00f3w. Opisuje to ludzi o pewnych szczeg\u00f3lnych zdolno\u015bciach. Nie pisz\u0119 tu o zdolno\u015bciach paranormalnych, poniewa\u017c graficy najcz\u0119\u015bciej przypominaj\u0105 normalnych, zwyk\u0142ych ludzi. Dlatego tak trudno ich rozpozna\u0107.<\/p>\n<\/div>\n<div dir=\"auto\"><span style=\"color: #003366;\"><strong>Czym zajmuje si\u0119 cz\u0142owiek grafik?<\/strong><\/span><\/div>\n<div dir=\"auto\">Wbrew pozorom nie uk\u0142ada on nam, ludziom nie-grafikom, grafiku.<\/div>\n<div dir=\"auto\">Czy cz\u0142owiek grafik mo\u017ce by\u0107 \u017ale u\u0142o\u017cony?<\/div>\n<div dir=\"auto\">Najcz\u0119\u015bciej udaje normalnego cz\u0142owieka, wi\u0119c jego zachowanie jest przewa\u017cnie zwyczajne.<\/div>\n<div dir=\"auto\">\n<p>Cz\u0119sto mo\u017cna jednak zauwa\u017cy\u0107 \u017ale u\u0142o\u017conego grafika przy pracy. Zdradza go jego dziwna pozycja, rzadko wyprostowana. Mo\u017ce mie\u0107 przyk\u0142adowo nogi wy\u017cej od g\u0142owy, natomiast ci bardziej do\u015bwiadczeni potrafi\u0105 pracowa\u0107 z jedn\u0105 nog\u0105 za\u0142o\u017con\u0105 za g\u0142ow\u0105.<\/p>\n<\/div>\n<div dir=\"auto\"><strong><span style=\"color: #003366;\">Czym takim wi\u0119c jest grafika, kt\u00f3r\u0105 zajmuje si\u0119 cz\u0142owiek grafik?<\/span><\/strong><\/div>\n<div dir=\"auto\">Grafik\u0119 mo\u017cna podzieli\u0107 na rysowanie w tradycyjny spos\u00f3b, na przyk\u0142ad kredkami oraz grafik\u0119 komputerow\u0105. W tym drugim przypadku nie ma kredek.<\/div>\n<div dir=\"auto\">\n<p>27 kwietnia obchodzimy \u015awiatowy Dzie\u0144 Grafika, a dok\u0142adnie obu ich gatunk\u00f3w wspomnianych wcze\u015bniej.<\/p>\n<\/div>\n<div dir=\"auto\"><span style=\"color: #003366;\"><strong>Czym zajmuje si\u0119 grafik komputerowy?<br \/>\n<\/strong><\/span>Opr\u00f3cz tworzenia mem\u00f3w i jedzenia ciasteczek, tworzy r\u00f3\u017cnego rodzaju \u015bwiaty. Nie zawsze s\u0105 to wewn\u0119trzne \u015bwiaty samego cz\u0142owieka grafika. Czasem s\u0105 to \u015bwiaty z ksi\u0105\u017cek, kt\u00f3re grafik czyta. Smutny grafik mo\u017ce stworzy\u0107 wirtualne moskiewskie metro z ksi\u0105\u017cki \u201eMetro 2033\u201d lub Mordor z \u201eW\u0142adcy Pier\u015bcieni\u201d. Weso\u0142y grafik stworzy za to \u015bwiat Kubusia Puchatka lub Shire r\u00f3wnie\u017c z \u201eW\u0142adcy Pier\u015bcieni\u201d. Poniewa\u017c pisze teraz o grafiku komputerowym wszystkie te \u015bwiaty s\u0105 wirtualne \u2013 stworzone na komputerze i w nim te\u017c istniej\u0105ce. Mo\u017cemy je jednak ogl\u0105da\u0107 w filmie lub grze komputerowej.<\/div>\n<div dir=\"auto\">\n<p>\u015awiat to jednak du\u017co pracy, a graficy s\u0105 przewa\u017cnie leniwi. Z tego powodu tworz\u0105 mniejsze rzeczy takie jak kamienie, kr\u00f3liki, samochody, a czasem nawet dziewczyny lub ch\u0142opak\u00f3w. Jedynym ograniczeniem dla grafika jest jego umys\u0142.<\/p>\n<\/div>\n<div dir=\"auto\">Grafika to \u015bwiat wyobra\u017ani i ciekawa praca z wyzwaniami.<\/div>\n<div dir=\"auto\">\n<p>Sam jestem cz\u0142owiekiem grafikiem i sobie to chwal\u0119.<\/p>\n<\/div>\n<p>\n<\/div>\r\n                    <\/div>\r\n                <\/div>[\/vc_column][\/vc_row]<\/p>","protected":false},"excerpt":{"rendered":"<p>[vc_row css=&#8221;.vc_custom_1626772894639{margin-bottom: 0px !important;border-bottom-width: 0px !important;padding-bottom: 0px !important;}&#8221;][vc_column width=&#8221;1\/4&#8243;][vc_single_image image=&#8221;16858&#8243; img_size=&#8221;full&#8221; alignment=&#8221;center&#8221; style=&#8221;vc_box_rounded&#8221;][\/vc_column][vc_column width=&#8221;3\/4&#8243;][vc_separator color=&#8221;custom&#8221; accent_color=&#8221;#9b132a&#8221;][\/vc_column][\/vc_row][vc_row css=&#8221;.vc_custom_1629883969954{margin-bottom: 0px !important;border-bottom-width: 0px !important;padding-bottom: 0px !important;}&#8221; el_class=&#8221;shadow&#8221;][vc_column width=&#8221;1\/3&#8243; el_class=&#8221;foto&#8221;][vc_column_text el_class=&#8221;foto&#8221; css=&#8221;.vc_custom_1657882497690{padding-right: 20px !important;padding-left: 20px !important;}&#8221;] fot. archiwum U\u015a[\/vc_column_text][\/vc_column][vc_column width=&#8221;2\/3&#8243;][\/vc_column][\/vc_row] [&#8230;]<\/p>\n<p><a class=\"btn btn-secondary understrap-read-more-link\" href=\"https:\/\/us.edu.pl\/wydzial\/wnst\/2022\/04\/27\/dzien-grafika-dr-grzegorz-machnik\/\">Read More&#8230;<\/a><\/p>\n","protected":false},"author":3553,"featured_media":158958,"comment_status":"open","ping_status":"open","sticky":false,"template":"","format":"standard","meta":{"_expiration-date-status":"","_expiration-date":0,"_expiration-date-type":"","_expiration-date-categories":[],"_expiration-date-options":[]},"categories":[528,9],"tags":[755,756,680,466,721],"acf":[],"_links":{"self":[{"href":"https:\/\/us.edu.pl\/wydzial\/wnst\/wp-json\/wp\/v2\/posts\/158959"}],"collection":[{"href":"https:\/\/us.edu.pl\/wydzial\/wnst\/wp-json\/wp\/v2\/posts"}],"about":[{"href":"https:\/\/us.edu.pl\/wydzial\/wnst\/wp-json\/wp\/v2\/types\/post"}],"author":[{"embeddable":true,"href":"https:\/\/us.edu.pl\/wydzial\/wnst\/wp-json\/wp\/v2\/users\/3553"}],"replies":[{"embeddable":true,"href":"https:\/\/us.edu.pl\/wydzial\/wnst\/wp-json\/wp\/v2\/comments?post=158959"}],"version-history":[{"count":2,"href":"https:\/\/us.edu.pl\/wydzial\/wnst\/wp-json\/wp\/v2\/posts\/158959\/revisions"}],"predecessor-version":[{"id":165522,"href":"https:\/\/us.edu.pl\/wydzial\/wnst\/wp-json\/wp\/v2\/posts\/158959\/revisions\/165522"}],"wp:featuredmedia":[{"embeddable":true,"href":"https:\/\/us.edu.pl\/wydzial\/wnst\/wp-json\/wp\/v2\/media\/158958"}],"wp:attachment":[{"href":"https:\/\/us.edu.pl\/wydzial\/wnst\/wp-json\/wp\/v2\/media?parent=158959"}],"wp:term":[{"taxonomy":"category","embeddable":true,"href":"https:\/\/us.edu.pl\/wydzial\/wnst\/wp-json\/wp\/v2\/categories?post=158959"},{"taxonomy":"post_tag","embeddable":true,"href":"https:\/\/us.edu.pl\/wydzial\/wnst\/wp-json\/wp\/v2\/tags?post=158959"}],"curies":[{"name":"wp","href":"https:\/\/api.w.org\/{rel}","templated":true}]}}