{"id":164155,"date":"2023-03-01T10:33:17","date_gmt":"2023-03-01T09:33:17","guid":{"rendered":"https:\/\/us.edu.pl\/wydzial\/wnst\/?p=164155"},"modified":"2023-05-23T14:57:36","modified_gmt":"2023-05-23T12:57:36","slug":"films4edu-miedzynarodowa-konferencja-na-zakonczenie-projektu","status":"publish","type":"post","link":"https:\/\/us.edu.pl\/wydzial\/wnst\/2023\/03\/01\/films4edu-miedzynarodowa-konferencja-na-zakonczenie-projektu\/","title":{"rendered":"Films4edu | Mi\u0119dzynarodowa konferencja na zako\u0144czenie projektu"},"content":{"rendered":"<p>[vc_row][vc_column width=&#8221;2\/3&#8243;]\r\n                <div class=\"text-modules\">\r\n                    <div class=\"container\">\r\n                        \r\n                        <div class=\"text-modules__content\"><p><small>tekst: Jolanta R\u00f3\u017cowska,<br \/>\nzdj\u0119cia: Aneta Szczygielska-\u0141aciak i Marcin \u0141aciak<\/small><\/p>\n<p>W pi\u0105tek, 24 lutego 2023 r. w Chorzowie na Wydziale Nauk \u015acis\u0142ych Uniwersytetu \u015al\u0105skiego odby\u0142a si\u0119 mi\u0119dzynarodowa konferencja podsumowuj\u0105ca projekt Films4edu. Projekt by\u0142 realizowany w ramach programu Erasmus+, a konsorcjum projektu tworzy\u0142o 6 partner\u00f3w z 4 kraj\u00f3w europejskich, w tym 3 partner\u00f3w z Polski. Partnerami Films4Edu byli:<\/p>\n<ol>\n<li><a href=\"us.edu.pl\" target=\"_blank\" rel=\"noopener\">Uniwersytet \u015al\u0105ski w Katowicach<\/a>,<\/li>\n<li><a href=\"https:\/\/www.uibk.ac.at\/\" target=\"_blank\" rel=\"noopener\">Uniwersytet w Innsbrucku<\/a><\/li>\n<li><a href=\"https:\/\/www.uma.es\/\" target=\"_blank\" rel=\"noopener\">Uniwersytet w Maladze<\/a><\/li>\n<li><a href=\"https:\/\/www.uniza.sk\/\" target=\"_blank\" rel=\"noopener\">Uniwersytet w \u017bilinie<\/a><\/li>\n<li><a href=\"https:\/\/www.agh.edu.pl\/\">Akademia G\u00f3rniczo-Hutnicza w Krakowie<\/a><\/li>\n<li><a href=\"https:\/\/uniwersytetdladzieci.com.pl\/\" target=\"_blank\" rel=\"noopener\">Fundacja Ma\u0142opolski Uniwersytet dla Dzieci<\/a>.<\/li>\n<\/ol>\n<p>Na konferencji obecni byli przedstawiciele partner\u00f3w oraz zaproszeni go\u015bcie z zagranicy i polscy nauczyciele nauk przyrodniczych, w szczeg\u00f3lno\u015bci fizyki i chemii. Program konferencji sk\u0142ada\u0142 si\u0119 z wyk\u0142ad\u00f3w, warsztat\u00f3w oraz zwiedzania Wydzia\u0142u Nauk \u015acis\u0142ych i Technicznych w Chorzowie.<\/p>\n<p>W trakcie cz\u0119\u015bci wyk\u0142adowej zaprezentowane zosta\u0142y efekty dzia\u0142a\u0144 projektowych oraz prezentacje podsumowuj\u0105ce projekt. Jednym z efekt\u00f3w projektu jest baza film\u00f3w dydaktycznych ilustruj\u0105cych proste eksperymenty z fizyki i chemii, kt\u00f3ra zawiera r\u00f3wnie\u017c scenariusze z propozycjami wykorzystania tych film\u00f3w podczas lekcji w szko\u0142ach podstawowych i ponadpodstawowych. Wybrane z tej bazy filmy zosta\u0142y przedstawione i szczeg\u00f3\u0142owo om\u00f3wione przez ich autor\u00f3w. W prezentacjach podsumowuj\u0105cych przedstawione zosta\u0142y wyniki bada\u0144 opinii nauczycieli i uczni\u00f3w na temat powsta\u0142ych film\u00f3w dydaktycznych.<\/p>\n<p>W cz\u0119\u015bci warsztatowej grupy uczestnik\u00f3w mieli mo\u017cliwo\u015b\u0107 samodzielnie wykona\u0107 proste do\u015bwiadczenia z fizyki i z chemii.\u00a0Konferencja zako\u0144czy\u0142a si\u0119 zwiedzaniem laboratori\u00f3w Uniwersytetu \u015al\u0105skiego.<\/p>\n<\/div>\r\n                    <\/div>\r\n                <\/div>[\/vc_column][vc_column width=&#8221;1\/3&#8243;]\r\n                <div class=\"text-modules\">\r\n                    <div class=\"container\">\r\n                        \r\n                        <div class=\"text-modules__content\"><p><a href=\"https:\/\/us.edu.pl\/wydzial\/wnst\/strona-glowna\/realizowane-projekty\/projekty-dydaktyczne-pozostale\/films4edu\/\" target=\"_blank\" rel=\"noopener\"><img class=\"alignnone size-medium wp-image-25056\" src=\"https:\/\/us.edu.pl\/wydzial\/wnst\/wp-content\/uploads\/sites\/18\/Szkoly\/Films4edu\/Erasumus_logo-ver-szare-t\u0142o-300x293.jpg\" alt=\"\" width=\"100%\" height=\"auto\" srcset=\"https:\/\/us.edu.pl\/wydzial\/wnst\/wp-content\/uploads\/sites\/18\/Szkoly\/Films4edu\/Erasumus_logo-ver-szare-t\u0142o-300x293.jpg 300w, https:\/\/us.edu.pl\/wydzial\/wnst\/wp-content\/uploads\/sites\/18\/Szkoly\/Films4edu\/Erasumus_logo-ver-szare-t\u0142o-768x751.jpg 768w, https:\/\/us.edu.pl\/wydzial\/wnst\/wp-content\/uploads\/sites\/18\/Szkoly\/Films4edu\/Erasumus_logo-ver-szare-t\u0142o-575x562.jpg 575w, https:\/\/us.edu.pl\/wydzial\/wnst\/wp-content\/uploads\/sites\/18\/Szkoly\/Films4edu\/Erasumus_logo-ver-szare-t\u0142o.jpg 773w\" sizes=\"(max-width: 300px) 100vw, 300px\" \/><\/a><br \/>\n<small><\/small><\/p>\n<p style=\"text-align: center;\"><span style=\"font-size: 80%;\">Logo projektu Films4edu<\/span><\/p>\n<p>\n<\/div>\r\n                    <\/div>\r\n                <\/div>[\/vc_column][\/vc_row][vc_row][vc_column]\r\n                <div class=\"text-modules\">\r\n                    <div class=\"container\">\r\n                        \r\n                        <div class=\"text-modules__content\"><\/p>\n<hr \/>\n<p>Filmy, kt\u00f3re powsta\u0142y w czasie trwania projektu s\u0105 dost\u0119pne na stronie: <a class=\"x1i10hfl xjbqb8w x6umtig x1b1mbwd xaqea5y xav7gou x9f619 x1ypdohk xt0psk2 xe8uvvx xdj266r x11i5rnm xat24cr x1mh8g0r xexx8yu x4uap5 x18d9i69 xkhd6sd x16tdsg8 x1hl2dhg xggy1nq x1a2a7pz xt0b8zv x1fey0fg\" tabindex=\"0\" role=\"link\" href=\"https:\/\/www.youtube.com\/@films4edu607?fbclid=IwAR0Ufkq_bc7bMeKI0NbUS7uJ5NlvM-qcmPYDUz6BTKBEosWXsOFm1Mm4DUk\" target=\"_blank\" rel=\"nofollow noopener\">https:\/\/www.youtube.com\/@films4edu607<\/a><\/p>\n<\/div>\r\n                    <\/div>\r\n                <\/div>            \r\n                \r\n                <div class=\"container\">\r\n                     <div class=\"gallery-big \">\r\n                        \r\n                        <div class=\"row m-0\">\r\n                        <a data-fancybox=\"8072\" href=\"https:\/\/us.edu.pl\/wydzial\/wnst\/wp-content\/uploads\/sites\/18\/Bez-kategorii\/DSC09085.jpg\"\r\n                        title=\"Konferencja podsumowuj\u0105ca projekt Films4edu 24.02.2023 r. | Fot. Aneta Szczygielska-\u0141aciak i Marcin \u0141aciak\" \r\n                        class=\"gallery-big__item gallery-big__item_big thumbnail\"\r\n                        style=\"background-image: url(https:\/\/us.edu.pl\/wydzial\/wnst\/wp-content\/uploads\/sites\/18\/Bez-kategorii\/DSC09085.jpg)\"><span class=\"d-none\">https:\/\/us.edu.pl\/wydzial\/wnst\/wp-content\/uploads\/sites\/18\/Bez-kategorii\/DSC09085.jpg<\/span><\/a><div class=\"gallery-big__small-items\">\r\n                        <a data-fancybox=\"8072\" href=\"https:\/\/us.edu.pl\/wydzial\/wnst\/wp-content\/uploads\/sites\/18\/Bez-kategorii\/DSC09092.jpg\"\r\n                        title=\"Konferencja podsumowuj\u0105ca projekt Films4edu 24.02.2023 r. | Fot. Aneta Szczygielska-\u0141aciak i Marcin \u0141aciak\" \r\n                        class=\"gallery-big__item  thumbnail\"\r\n                        style=\"background-image: url(https:\/\/us.edu.pl\/wydzial\/wnst\/wp-content\/uploads\/sites\/18\/Bez-kategorii\/DSC09092.jpg)\"><span class=\"d-none\">https:\/\/us.edu.pl\/wydzial\/wnst\/wp-content\/uploads\/sites\/18\/Bez-kategorii\/DSC09092.jpg<\/span><\/a>\r\n                        <a data-fancybox=\"8072\" href=\"https:\/\/us.edu.pl\/wydzial\/wnst\/wp-content\/uploads\/sites\/18\/Bez-kategorii\/DSC09102.jpg\"\r\n                        title=\"Konferencja podsumowuj\u0105ca projekt Films4edu 24.02.2023 r. | Fot. Aneta Szczygielska-\u0141aciak i Marcin \u0141aciak\" \r\n                        class=\"gallery-big__item  thumbnail\"\r\n                        style=\"background-image: url(https:\/\/us.edu.pl\/wydzial\/wnst\/wp-content\/uploads\/sites\/18\/Bez-kategorii\/DSC09102.jpg)\"><span class=\"d-none\">https:\/\/us.edu.pl\/wydzial\/wnst\/wp-content\/uploads\/sites\/18\/Bez-kategorii\/DSC09102.jpg<\/span><\/a><\/div><\/div><div class=\"row m-0\">\r\n                        <a data-fancybox=\"8072\" href=\"https:\/\/us.edu.pl\/wydzial\/wnst\/wp-content\/uploads\/sites\/18\/Bez-kategorii\/DSC09090.jpg\"\r\n                        title=\"Konferencja podsumowuj\u0105ca projekt Films4edu 24.02.2023 r. | Fot. Aneta Szczygielska-\u0141aciak i Marcin \u0141aciak\" \r\n                        class=\"gallery-big__item gallery-big__item_big thumbnail\"\r\n                        style=\"background-image: url(https:\/\/us.edu.pl\/wydzial\/wnst\/wp-content\/uploads\/sites\/18\/Bez-kategorii\/DSC09090.jpg)\"><span class=\"d-none\">https:\/\/us.edu.pl\/wydzial\/wnst\/wp-content\/uploads\/sites\/18\/Bez-kategorii\/DSC09090.jpg<\/span><\/a><div class=\"gallery-big__small-items\">\r\n                        <a data-fancybox=\"8072\" href=\"https:\/\/us.edu.pl\/wydzial\/wnst\/wp-content\/uploads\/sites\/18\/Bez-kategorii\/DSC09103.jpg\"\r\n                        title=\"Konferencja podsumowuj\u0105ca projekt Films4edu 24.02.2023 r. | Fot. Aneta Szczygielska-\u0141aciak i Marcin \u0141aciak\" \r\n                        class=\"gallery-big__item  thumbnail\"\r\n                        style=\"background-image: url(https:\/\/us.edu.pl\/wydzial\/wnst\/wp-content\/uploads\/sites\/18\/Bez-kategorii\/DSC09103.jpg)\"><span class=\"d-none\">https:\/\/us.edu.pl\/wydzial\/wnst\/wp-content\/uploads\/sites\/18\/Bez-kategorii\/DSC09103.jpg<\/span><\/a>\r\n                        <a data-fancybox=\"8072\" href=\"https:\/\/us.edu.pl\/wydzial\/wnst\/wp-content\/uploads\/sites\/18\/Bez-kategorii\/DSC09105.jpg\"\r\n                        title=\"Konferencja podsumowuj\u0105ca projekt Films4edu 24.02.2023 r. | Fot. Aneta Szczygielska-\u0141aciak i Marcin \u0141aciak\" \r\n                        class=\"gallery-big__item  thumbnail\"\r\n                        style=\"background-image: url(https:\/\/us.edu.pl\/wydzial\/wnst\/wp-content\/uploads\/sites\/18\/Bez-kategorii\/DSC09105.jpg)\"><span class=\"d-none\">https:\/\/us.edu.pl\/wydzial\/wnst\/wp-content\/uploads\/sites\/18\/Bez-kategorii\/DSC09105.jpg<\/span><\/a><\/div><\/div><div class=\"row m-0\">\r\n                        <a data-fancybox=\"8072\" href=\"https:\/\/us.edu.pl\/wydzial\/wnst\/wp-content\/uploads\/sites\/18\/Bez-kategorii\/DSC09108.jpg\"\r\n                        title=\"Konferencja podsumowuj\u0105ca projekt Films4edu 24.02.2023 r. | Fot. Aneta Szczygielska-\u0141aciak i Marcin \u0141aciak\" \r\n                        class=\"gallery-big__item gallery-big__item_big thumbnail\"\r\n                        style=\"background-image: url(https:\/\/us.edu.pl\/wydzial\/wnst\/wp-content\/uploads\/sites\/18\/Bez-kategorii\/DSC09108.jpg)\"><span class=\"d-none\">https:\/\/us.edu.pl\/wydzial\/wnst\/wp-content\/uploads\/sites\/18\/Bez-kategorii\/DSC09108.jpg<\/span><\/a><div class=\"gallery-big__small-items\">\r\n                        <a data-fancybox=\"8072\" href=\"https:\/\/us.edu.pl\/wydzial\/wnst\/wp-content\/uploads\/sites\/18\/Bez-kategorii\/DSC09111.jpg\"\r\n                        title=\"Konferencja podsumowuj\u0105ca projekt Films4edu 24.02.2023 r. | Fot. Aneta Szczygielska-\u0141aciak i Marcin \u0141aciak\" \r\n                        class=\"gallery-big__item  thumbnail\"\r\n                        style=\"background-image: url(https:\/\/us.edu.pl\/wydzial\/wnst\/wp-content\/uploads\/sites\/18\/Bez-kategorii\/DSC09111.jpg)\"><span class=\"d-none\">https:\/\/us.edu.pl\/wydzial\/wnst\/wp-content\/uploads\/sites\/18\/Bez-kategorii\/DSC09111.jpg<\/span><\/a>\r\n                        <a data-fancybox=\"8072\" href=\"https:\/\/us.edu.pl\/wydzial\/wnst\/wp-content\/uploads\/sites\/18\/Bez-kategorii\/DSC09116.jpg\"\r\n                        title=\"Konferencja podsumowuj\u0105ca projekt Films4edu 24.02.2023 r. | Fot. Aneta Szczygielska-\u0141aciak i Marcin \u0141aciak\" \r\n                        class=\"gallery-big__item  thumbnail\"\r\n                        style=\"background-image: url(https:\/\/us.edu.pl\/wydzial\/wnst\/wp-content\/uploads\/sites\/18\/Bez-kategorii\/DSC09116.jpg)\"><span class=\"d-none\">https:\/\/us.edu.pl\/wydzial\/wnst\/wp-content\/uploads\/sites\/18\/Bez-kategorii\/DSC09116.jpg<\/span><\/a><\/div><\/div><div class=\"row m-0\">\r\n                        <a data-fancybox=\"8072\" href=\"https:\/\/us.edu.pl\/wydzial\/wnst\/wp-content\/uploads\/sites\/18\/Bez-kategorii\/DSC09121.jpg\"\r\n                        title=\"Konferencja podsumowuj\u0105ca projekt Films4edu 24.02.2023 r. | Fot. Aneta Szczygielska-\u0141aciak i Marcin \u0141aciak\" \r\n                        class=\"gallery-big__item gallery-big__item_big thumbnail\"\r\n                        style=\"background-image: url(https:\/\/us.edu.pl\/wydzial\/wnst\/wp-content\/uploads\/sites\/18\/Bez-kategorii\/DSC09121.jpg)\"><span class=\"d-none\">https:\/\/us.edu.pl\/wydzial\/wnst\/wp-content\/uploads\/sites\/18\/Bez-kategorii\/DSC09121.jpg<\/span><\/a><div class=\"gallery-big__small-items\">\r\n                        <a data-fancybox=\"8072\" href=\"https:\/\/us.edu.pl\/wydzial\/wnst\/wp-content\/uploads\/sites\/18\/Bez-kategorii\/DSC09122.jpg\"\r\n                        title=\"Konferencja podsumowuj\u0105ca projekt Films4edu 24.02.2023 r. | Fot. Aneta Szczygielska-\u0141aciak i Marcin \u0141aciak\" \r\n                        class=\"gallery-big__item  thumbnail\"\r\n                        style=\"background-image: url(https:\/\/us.edu.pl\/wydzial\/wnst\/wp-content\/uploads\/sites\/18\/Bez-kategorii\/DSC09122.jpg)\"><span class=\"d-none\">https:\/\/us.edu.pl\/wydzial\/wnst\/wp-content\/uploads\/sites\/18\/Bez-kategorii\/DSC09122.jpg<\/span><\/a>\r\n                        <a data-fancybox=\"8072\" href=\"https:\/\/us.edu.pl\/wydzial\/wnst\/wp-content\/uploads\/sites\/18\/Bez-kategorii\/DSC09124.jpg\"\r\n                        title=\"Konferencja podsumowuj\u0105ca projekt Films4edu 24.02.2023 r. | Fot. Aneta Szczygielska-\u0141aciak i Marcin \u0141aciak\" \r\n                        class=\"gallery-big__item  thumbnail\"\r\n                        style=\"background-image: url(https:\/\/us.edu.pl\/wydzial\/wnst\/wp-content\/uploads\/sites\/18\/Bez-kategorii\/DSC09124.jpg)\"><span class=\"d-none\">https:\/\/us.edu.pl\/wydzial\/wnst\/wp-content\/uploads\/sites\/18\/Bez-kategorii\/DSC09124.jpg<\/span><\/a><\/div><\/div><div class=\"row m-0\">\r\n                        <a data-fancybox=\"8072\" href=\"https:\/\/us.edu.pl\/wydzial\/wnst\/wp-content\/uploads\/sites\/18\/Bez-kategorii\/DSC09128.jpg\"\r\n                        title=\"Konferencja podsumowuj\u0105ca projekt Films4edu 24.02.2023 r. | Fot. Aneta Szczygielska-\u0141aciak i Marcin \u0141aciak\" \r\n                        class=\"gallery-big__item gallery-big__item_big thumbnail\"\r\n                        style=\"background-image: url(https:\/\/us.edu.pl\/wydzial\/wnst\/wp-content\/uploads\/sites\/18\/Bez-kategorii\/DSC09128.jpg)\"><span class=\"d-none\">https:\/\/us.edu.pl\/wydzial\/wnst\/wp-content\/uploads\/sites\/18\/Bez-kategorii\/DSC09128.jpg<\/span><\/a><div class=\"gallery-big__small-items\">\r\n                        <a data-fancybox=\"8072\" href=\"https:\/\/us.edu.pl\/wydzial\/wnst\/wp-content\/uploads\/sites\/18\/Bez-kategorii\/DSC09137.jpg\"\r\n                        title=\"Konferencja podsumowuj\u0105ca projekt Films4edu 24.02.2023 r. | Fot. Aneta Szczygielska-\u0141aciak i Marcin \u0141aciak\" \r\n                        class=\"gallery-big__item  thumbnail\"\r\n                        style=\"background-image: url(https:\/\/us.edu.pl\/wydzial\/wnst\/wp-content\/uploads\/sites\/18\/Bez-kategorii\/DSC09137.jpg)\"><span class=\"d-none\">https:\/\/us.edu.pl\/wydzial\/wnst\/wp-content\/uploads\/sites\/18\/Bez-kategorii\/DSC09137.jpg<\/span><\/a>\r\n                        <a data-fancybox=\"8072\" href=\"https:\/\/us.edu.pl\/wydzial\/wnst\/wp-content\/uploads\/sites\/18\/Bez-kategorii\/DSC09138.jpg\"\r\n                        title=\"Konferencja podsumowuj\u0105ca projekt Films4edu 24.02.2023 r. | Fot. Aneta Szczygielska-\u0141aciak i Marcin \u0141aciak\" \r\n                        class=\"gallery-big__item  thumbnail\"\r\n                        style=\"background-image: url(https:\/\/us.edu.pl\/wydzial\/wnst\/wp-content\/uploads\/sites\/18\/Bez-kategorii\/DSC09138.jpg)\"><span class=\"d-none\">https:\/\/us.edu.pl\/wydzial\/wnst\/wp-content\/uploads\/sites\/18\/Bez-kategorii\/DSC09138.jpg<\/span><\/a><\/div><\/div><div class=\"row m-0\">\r\n                        <a data-fancybox=\"8072\" href=\"https:\/\/us.edu.pl\/wydzial\/wnst\/wp-content\/uploads\/sites\/18\/Bez-kategorii\/DSC09142.jpg\"\r\n                        title=\"Konferencja podsumowuj\u0105ca projekt Films4edu 24.02.2023 r. | Fot. Aneta Szczygielska-\u0141aciak i Marcin \u0141aciak\" \r\n                        class=\"gallery-big__item gallery-big__item_big thumbnail\"\r\n                        style=\"background-image: url(https:\/\/us.edu.pl\/wydzial\/wnst\/wp-content\/uploads\/sites\/18\/Bez-kategorii\/DSC09142.jpg)\"><span class=\"d-none\">https:\/\/us.edu.pl\/wydzial\/wnst\/wp-content\/uploads\/sites\/18\/Bez-kategorii\/DSC09142.jpg<\/span><\/a><div class=\"gallery-big__small-items\">\r\n                        <a data-fancybox=\"8072\" href=\"https:\/\/us.edu.pl\/wydzial\/wnst\/wp-content\/uploads\/sites\/18\/Bez-kategorii\/DSC09144.jpg\"\r\n                        title=\"Konferencja podsumowuj\u0105ca projekt Films4edu 24.02.2023 r. | Fot. Aneta Szczygielska-\u0141aciak i Marcin \u0141aciak\" \r\n                        class=\"gallery-big__item  thumbnail\"\r\n                        style=\"background-image: url(https:\/\/us.edu.pl\/wydzial\/wnst\/wp-content\/uploads\/sites\/18\/Bez-kategorii\/DSC09144.jpg)\"><span class=\"d-none\">https:\/\/us.edu.pl\/wydzial\/wnst\/wp-content\/uploads\/sites\/18\/Bez-kategorii\/DSC09144.jpg<\/span><\/a>\r\n                        <a data-fancybox=\"8072\" href=\"https:\/\/us.edu.pl\/wydzial\/wnst\/wp-content\/uploads\/sites\/18\/Bez-kategorii\/DSC09145.jpg\"\r\n                        title=\"Konferencja podsumowuj\u0105ca projekt Films4edu 24.02.2023 r. | Fot. Aneta Szczygielska-\u0141aciak i Marcin \u0141aciak\" \r\n                        class=\"gallery-big__item  thumbnail\"\r\n                        style=\"background-image: url(https:\/\/us.edu.pl\/wydzial\/wnst\/wp-content\/uploads\/sites\/18\/Bez-kategorii\/DSC09145.jpg)\"><span class=\"d-none\">https:\/\/us.edu.pl\/wydzial\/wnst\/wp-content\/uploads\/sites\/18\/Bez-kategorii\/DSC09145.jpg<\/span><\/a><\/div><\/div><div class=\"row m-0\">\r\n                        <a data-fancybox=\"8072\" href=\"https:\/\/us.edu.pl\/wydzial\/wnst\/wp-content\/uploads\/sites\/18\/Bez-kategorii\/DSC09146.jpg\"\r\n                        title=\"Konferencja podsumowuj\u0105ca projekt Films4edu 24.02.2023 r. | Fot. Aneta Szczygielska-\u0141aciak i Marcin \u0141aciak\" \r\n                        class=\"gallery-big__item gallery-big__item_big thumbnail\"\r\n                        style=\"background-image: url(https:\/\/us.edu.pl\/wydzial\/wnst\/wp-content\/uploads\/sites\/18\/Bez-kategorii\/DSC09146.jpg)\"><span class=\"d-none\">https:\/\/us.edu.pl\/wydzial\/wnst\/wp-content\/uploads\/sites\/18\/Bez-kategorii\/DSC09146.jpg<\/span><\/a><div class=\"gallery-big__small-items\">\r\n                        <a data-fancybox=\"8072\" href=\"https:\/\/us.edu.pl\/wydzial\/wnst\/wp-content\/uploads\/sites\/18\/Bez-kategorii\/DSC09163.jpg\"\r\n                        title=\"Konferencja podsumowuj\u0105ca projekt Films4edu 24.02.2023 r. | Fot. Aneta Szczygielska-\u0141aciak i Marcin \u0141aciak\" \r\n                        class=\"gallery-big__item  thumbnail\"\r\n                        style=\"background-image: url(https:\/\/us.edu.pl\/wydzial\/wnst\/wp-content\/uploads\/sites\/18\/Bez-kategorii\/DSC09163.jpg)\"><span class=\"d-none\">https:\/\/us.edu.pl\/wydzial\/wnst\/wp-content\/uploads\/sites\/18\/Bez-kategorii\/DSC09163.jpg<\/span><\/a>\r\n                        <a data-fancybox=\"8072\" href=\"https:\/\/us.edu.pl\/wydzial\/wnst\/wp-content\/uploads\/sites\/18\/Bez-kategorii\/DSC09165.jpg\"\r\n                        title=\"Konferencja podsumowuj\u0105ca projekt Films4edu 24.02.2023 r. | Fot. Aneta Szczygielska-\u0141aciak i Marcin \u0141aciak\" \r\n                        class=\"gallery-big__item  thumbnail\"\r\n                        style=\"background-image: url(https:\/\/us.edu.pl\/wydzial\/wnst\/wp-content\/uploads\/sites\/18\/Bez-kategorii\/DSC09165.jpg)\"><span class=\"d-none\">https:\/\/us.edu.pl\/wydzial\/wnst\/wp-content\/uploads\/sites\/18\/Bez-kategorii\/DSC09165.jpg<\/span><\/a><\/div><\/div><div class=\"row m-0\">\r\n                        <a data-fancybox=\"8072\" href=\"https:\/\/us.edu.pl\/wydzial\/wnst\/wp-content\/uploads\/sites\/18\/Bez-kategorii\/DSC09166.jpg\"\r\n                        title=\"Konferencja podsumowuj\u0105ca projekt Films4edu 24.02.2023 r. | Fot. Aneta Szczygielska-\u0141aciak i Marcin \u0141aciak\" \r\n                        class=\"gallery-big__item gallery-big__item_big thumbnail\"\r\n                        style=\"background-image: url(https:\/\/us.edu.pl\/wydzial\/wnst\/wp-content\/uploads\/sites\/18\/Bez-kategorii\/DSC09166.jpg)\"><span class=\"d-none\">https:\/\/us.edu.pl\/wydzial\/wnst\/wp-content\/uploads\/sites\/18\/Bez-kategorii\/DSC09166.jpg<\/span><\/a><div class=\"gallery-big__small-items\">\r\n                        <a data-fancybox=\"8072\" href=\"https:\/\/us.edu.pl\/wydzial\/wnst\/wp-content\/uploads\/sites\/18\/Bez-kategorii\/DSC09171.jpg\"\r\n                        title=\"Konferencja podsumowuj\u0105ca projekt Films4edu 24.02.2023 r. | Fot. Aneta Szczygielska-\u0141aciak i Marcin \u0141aciak\" \r\n                        class=\"gallery-big__item  thumbnail\"\r\n                        style=\"background-image: url(https:\/\/us.edu.pl\/wydzial\/wnst\/wp-content\/uploads\/sites\/18\/Bez-kategorii\/DSC09171.jpg)\"><span class=\"d-none\">https:\/\/us.edu.pl\/wydzial\/wnst\/wp-content\/uploads\/sites\/18\/Bez-kategorii\/DSC09171.jpg<\/span><\/a>\r\n                        <a data-fancybox=\"8072\" href=\"https:\/\/us.edu.pl\/wydzial\/wnst\/wp-content\/uploads\/sites\/18\/Bez-kategorii\/DSC09174.jpg\"\r\n                        title=\"Konferencja podsumowuj\u0105ca projekt Films4edu 24.02.2023 r. | Fot. Aneta Szczygielska-\u0141aciak i Marcin \u0141aciak\" \r\n                        class=\"gallery-big__item  thumbnail\"\r\n                        style=\"background-image: url(https:\/\/us.edu.pl\/wydzial\/wnst\/wp-content\/uploads\/sites\/18\/Bez-kategorii\/DSC09174.jpg)\"><span class=\"d-none\">https:\/\/us.edu.pl\/wydzial\/wnst\/wp-content\/uploads\/sites\/18\/Bez-kategorii\/DSC09174.jpg<\/span><\/a><\/div><\/div><div class=\"row m-0\">\r\n                        <a data-fancybox=\"8072\" href=\"https:\/\/us.edu.pl\/wydzial\/wnst\/wp-content\/uploads\/sites\/18\/Bez-kategorii\/DSC09175.jpg\"\r\n                        title=\"Konferencja podsumowuj\u0105ca projekt Films4edu 24.02.2023 r. | Fot. Aneta Szczygielska-\u0141aciak i Marcin \u0141aciak\" \r\n                        class=\"gallery-big__item gallery-big__item_big thumbnail\"\r\n                        style=\"background-image: url(https:\/\/us.edu.pl\/wydzial\/wnst\/wp-content\/uploads\/sites\/18\/Bez-kategorii\/DSC09175.jpg)\"><span class=\"d-none\">https:\/\/us.edu.pl\/wydzial\/wnst\/wp-content\/uploads\/sites\/18\/Bez-kategorii\/DSC09175.jpg<\/span><\/a><div class=\"gallery-big__small-items\">\r\n                        <a data-fancybox=\"8072\" href=\"https:\/\/us.edu.pl\/wydzial\/wnst\/wp-content\/uploads\/sites\/18\/Bez-kategorii\/DSC09178.jpg\"\r\n                        title=\"Konferencja podsumowuj\u0105ca projekt Films4edu 24.02.2023 r. | Fot. Aneta Szczygielska-\u0141aciak i Marcin \u0141aciak\" \r\n                        class=\"gallery-big__item  thumbnail\"\r\n                        style=\"background-image: url(https:\/\/us.edu.pl\/wydzial\/wnst\/wp-content\/uploads\/sites\/18\/Bez-kategorii\/DSC09178.jpg)\"><span class=\"d-none\">https:\/\/us.edu.pl\/wydzial\/wnst\/wp-content\/uploads\/sites\/18\/Bez-kategorii\/DSC09178.jpg<\/span><\/a>\r\n                        <a data-fancybox=\"8072\" href=\"https:\/\/us.edu.pl\/wydzial\/wnst\/wp-content\/uploads\/sites\/18\/Bez-kategorii\/DSC09180.jpg\"\r\n                        title=\"Konferencja podsumowuj\u0105ca projekt Films4edu 24.02.2023 r. | Fot. Aneta Szczygielska-\u0141aciak i Marcin \u0141aciak\" \r\n                        class=\"gallery-big__item  thumbnail\"\r\n                        style=\"background-image: url(https:\/\/us.edu.pl\/wydzial\/wnst\/wp-content\/uploads\/sites\/18\/Bez-kategorii\/DSC09180.jpg)\"><span class=\"d-none\">https:\/\/us.edu.pl\/wydzial\/wnst\/wp-content\/uploads\/sites\/18\/Bez-kategorii\/DSC09180.jpg<\/span><\/a><\/div><\/div><div class=\"row m-0\">\r\n                        <a data-fancybox=\"8072\" href=\"https:\/\/us.edu.pl\/wydzial\/wnst\/wp-content\/uploads\/sites\/18\/Bez-kategorii\/DSC09185.jpg\"\r\n                        title=\"Konferencja podsumowuj\u0105ca projekt Films4edu 24.02.2023 r. | Fot. Aneta Szczygielska-\u0141aciak i Marcin \u0141aciak\" \r\n                        class=\"gallery-big__item gallery-big__item_big thumbnail\"\r\n                        style=\"background-image: url(https:\/\/us.edu.pl\/wydzial\/wnst\/wp-content\/uploads\/sites\/18\/Bez-kategorii\/DSC09185.jpg)\"><span class=\"d-none\">https:\/\/us.edu.pl\/wydzial\/wnst\/wp-content\/uploads\/sites\/18\/Bez-kategorii\/DSC09185.jpg<\/span><\/a><div class=\"gallery-big__small-items\">\r\n                        <a data-fancybox=\"8072\" href=\"https:\/\/us.edu.pl\/wydzial\/wnst\/wp-content\/uploads\/sites\/18\/Bez-kategorii\/DSC09187.jpg\"\r\n                        title=\"Konferencja podsumowuj\u0105ca projekt Films4edu 24.02.2023 r. | Fot. Aneta Szczygielska-\u0141aciak i Marcin \u0141aciak\" \r\n                        class=\"gallery-big__item  thumbnail\"\r\n                        style=\"background-image: url(https:\/\/us.edu.pl\/wydzial\/wnst\/wp-content\/uploads\/sites\/18\/Bez-kategorii\/DSC09187.jpg)\"><span class=\"d-none\">https:\/\/us.edu.pl\/wydzial\/wnst\/wp-content\/uploads\/sites\/18\/Bez-kategorii\/DSC09187.jpg<\/span><\/a>\r\n                        <a data-fancybox=\"8072\" href=\"https:\/\/us.edu.pl\/wydzial\/wnst\/wp-content\/uploads\/sites\/18\/Bez-kategorii\/800.jpg\"\r\n                        title=\"Konferencja podsumowuj\u0105ca projekt Films4edu 24.02.2023 r. | Fot. Aneta Szczygielska-\u0141aciak i Marcin \u0141aciak\" \r\n                        class=\"gallery-big__item  thumbnail\"\r\n                        style=\"background-image: url(https:\/\/us.edu.pl\/wydzial\/wnst\/wp-content\/uploads\/sites\/18\/Bez-kategorii\/800.jpg)\"><span class=\"d-none\">https:\/\/us.edu.pl\/wydzial\/wnst\/wp-content\/uploads\/sites\/18\/Bez-kategorii\/800.jpg<\/span><\/a><\/div><\/div>\r\n                    <\/div>\r\n                <\/div>[\/vc_column][\/vc_row]<\/p>","protected":false},"excerpt":{"rendered":"<p>[vc_row][vc_column width=&#8221;2\/3&#8243;][\/vc_column][vc_column width=&#8221;1\/3&#8243;][\/vc_column][\/vc_row][vc_row][vc_column][\/vc_column][\/vc_row] [&#8230;]<\/p>\n<p><a class=\"btn btn-secondary understrap-read-more-link\" href=\"https:\/\/us.edu.pl\/wydzial\/wnst\/2023\/03\/01\/films4edu-miedzynarodowa-konferencja-na-zakonczenie-projektu\/\">Read More&#8230;<\/a><\/p>\n","protected":false},"author":92,"featured_media":164216,"comment_status":"open","ping_status":"open","sticky":false,"template":"","format":"standard","meta":{"_expiration-date-status":"","_expiration-date":0,"_expiration-date-type":"","_expiration-date-categories":[],"_expiration-date-options":[]},"categories":[678,9],"tags":[785],"acf":[],"_links":{"self":[{"href":"https:\/\/us.edu.pl\/wydzial\/wnst\/wp-json\/wp\/v2\/posts\/164155"}],"collection":[{"href":"https:\/\/us.edu.pl\/wydzial\/wnst\/wp-json\/wp\/v2\/posts"}],"about":[{"href":"https:\/\/us.edu.pl\/wydzial\/wnst\/wp-json\/wp\/v2\/types\/post"}],"author":[{"embeddable":true,"href":"https:\/\/us.edu.pl\/wydzial\/wnst\/wp-json\/wp\/v2\/users\/92"}],"replies":[{"embeddable":true,"href":"https:\/\/us.edu.pl\/wydzial\/wnst\/wp-json\/wp\/v2\/comments?post=164155"}],"version-history":[{"count":5,"href":"https:\/\/us.edu.pl\/wydzial\/wnst\/wp-json\/wp\/v2\/posts\/164155\/revisions"}],"predecessor-version":[{"id":164217,"href":"https:\/\/us.edu.pl\/wydzial\/wnst\/wp-json\/wp\/v2\/posts\/164155\/revisions\/164217"}],"wp:featuredmedia":[{"embeddable":true,"href":"https:\/\/us.edu.pl\/wydzial\/wnst\/wp-json\/wp\/v2\/media\/164216"}],"wp:attachment":[{"href":"https:\/\/us.edu.pl\/wydzial\/wnst\/wp-json\/wp\/v2\/media?parent=164155"}],"wp:term":[{"taxonomy":"category","embeddable":true,"href":"https:\/\/us.edu.pl\/wydzial\/wnst\/wp-json\/wp\/v2\/categories?post=164155"},{"taxonomy":"post_tag","embeddable":true,"href":"https:\/\/us.edu.pl\/wydzial\/wnst\/wp-json\/wp\/v2\/tags?post=164155"}],"curies":[{"name":"wp","href":"https:\/\/api.w.org\/{rel}","templated":true}]}}