{"id":165388,"date":"2023-04-06T13:24:30","date_gmt":"2023-04-06T11:24:30","guid":{"rendered":"https:\/\/us.edu.pl\/wydzial\/wnst\/?p=165388"},"modified":"2023-04-12T14:09:46","modified_gmt":"2023-04-12T12:09:46","slug":"viii-dzien-akademicki-w-i-lo-im-m-kopernika-w-bedzinie","status":"publish","type":"post","link":"https:\/\/us.edu.pl\/wydzial\/wnst\/2023\/04\/06\/viii-dzien-akademicki-w-i-lo-im-m-kopernika-w-bedzinie\/","title":{"rendered":"VIII Dzie\u0144 Akademicki w I LO im. M. Kopernika w B\u0119dzinie"},"content":{"rendered":"<p>[vc_row][vc_column width=&#8221;1\/2&#8243;]\r\n                <div class=\"text-modules\">\r\n                    <div class=\"container\">\r\n                        \r\n                        <div class=\"text-modules__content\"><p><small>|tekst: Iwona kantorysi\u0144ska|<\/small><\/p>\n<p>W dniu 4 kwietnia 2023 r. o godzinie 10 rozpocz\u0105\u0142 si\u0119 VIII Dzie\u0144 Akademicki w I LO im. Miko\u0142aja Kopernika w B\u0119dzinie.<\/p>\n<p>Celem wydarzenia by\u0142o popularyzowanie oferty wy\u017cszych uczelni oraz spotkania uczni\u00f3w liceum z lud\u017ami nauki i studentami.<\/p>\n<p>W tegorocznej edycji Dnia Akademickiego wzi\u0119\u0142o udzia\u0142 5 uczelni: Uniwersytet \u015al\u0105ski w Katowicach, Politechnika \u015al\u0105ska, Akademia WSB, Wy\u017csza Szko\u0142a Humanitas oraz Szko\u0142a Wy\u017csza Wymiaru Sprawiedliwo\u015bci.\u00a0<span id=\"more-11436\"><\/span>Wyk\u0142ad inauguracyjny \u201eWytrwa\u0142o\u015b\u0107, inteligencja czy geny \u2013 co decyduje o sukcesie na egzaminie?\u201d wyg\u0142osi\u0142a dr Edyta Nowak\u2013\u017b\u00f3\u0142ty, prodziekan Wydzia\u0142u Zamiejscowego Akademii WSB w Cieszynie.<\/p>\n<p>Bardzo wa\u017cnym elementem tegorocznego \u015bwi\u0119ta nauki by\u0142o podpisanie umowy o wsp\u00f3\u0142pracy pomi\u0119dzy Wydzia\u0142em Nauk \u015acis\u0142ych i Technicznych Uniwersytetu \u015al\u0105skiego i I LO im. M. Kopernika. Nale\u017cy nadmieni\u0107, \u017ce wsp\u00f3\u0142praca mi\u0119dzy naszymi plac\u00f3wkami trwa ju\u017c wiele lat, a podpisanie umowy by\u0142o tylko formalnym przypiecz\u0119towaniem naszych wzajemnych, roboczych spotka\u0144.<\/p>\n<p>W tegorocznej imprezie wzi\u0119\u0142a udzia\u0142 \u017ce\u0144ska reprezentacja naszego wydzia\u0142u &#8211; <strong>dr hab. Agnieszka Nowak-Brzezi\u0144ska, prof. U\u015a<\/strong>, kt\u00f3ra zapozna\u0142a zebranych z kierunkami kszta\u0142cenia na WNST, <strong>dr Gra\u017cyna \u0141ydzi\u0144ska<\/strong>, kt\u00f3ra przez najbli\u017csze trzy lata b\u0119dzie pe\u0142ni\u0142a rol\u0119 koordynatora umowy ze strony naszego wydzia\u0142u oraz <strong>dr in\u017c. Patrycja Osak<\/strong>, kt\u00f3ra zapozna\u0142a m\u0142odzie\u017c z zagadnieniami dotycz\u0105cymi energetyki wodorowej.<\/p>\n<\/div>\r\n                    <\/div>\r\n                <\/div>[\/vc_column][vc_column width=&#8221;1\/2&#8243;][vc_single_image image=&#8221;165390&#8243; img_size=&#8221;large&#8221; add_caption=&#8221;yes&#8221; style=&#8221;vc_box_rounded&#8221;]\r\n                <div class=\"text-modules\">\r\n                    <div class=\"container\">\r\n                        \r\n                        <div class=\"text-modules__content\"><p>O wydarzeniu napisali: <a href=\"https:\/\/pierwszeliceum.bedzin.pl\/kopernik\/?p=11436\">VIII DZIE\u0143 AKADEMICKI | I LO im. Miko\u0142aja Kopernika w B\u0119dzinie<\/a><\/p>\n<\/div>\r\n                    <\/div>\r\n                <\/div>[\/vc_column][\/vc_row][vc_row][vc_column]<div class=\"container\"><div class=\"separator\" style=\"background-color: #EBEBEB\"><\/div><\/div>[\/vc_column][\/vc_row][vc_row][vc_column width=&#8221;1\/3&#8243;][vc_single_image image=&#8221;165393&#8243; img_size=&#8221;large&#8221; add_caption=&#8221;yes&#8221; style=&#8221;vc_box_rounded&#8221;][\/vc_column][vc_column width=&#8221;1\/3&#8243;][vc_single_image image=&#8221;165394&#8243; img_size=&#8221;large&#8221; add_caption=&#8221;yes&#8221; style=&#8221;vc_box_rounded&#8221;][\/vc_column][vc_column width=&#8221;1\/3&#8243;][vc_single_image image=&#8221;165389&#8243; img_size=&#8221;large&#8221; add_caption=&#8221;yes&#8221; style=&#8221;vc_box_rounded&#8221;][\/vc_column][\/vc_row][vc_row][vc_column width=&#8221;1\/3&#8243;][vc_single_image image=&#8221;165392&#8243; img_size=&#8221;large&#8221; add_caption=&#8221;yes&#8221; style=&#8221;vc_box_rounded&#8221;][\/vc_column][vc_column width=&#8221;2\/3&#8243;][vc_single_image image=&#8221;165391&#8243; img_size=&#8221;large&#8221; add_caption=&#8221;yes&#8221; style=&#8221;vc_box_rounded&#8221;][\/vc_column][\/vc_row]<\/p>","protected":false},"excerpt":{"rendered":"<p>[vc_row][vc_column width=&#8221;1\/2&#8243;][\/vc_column][vc_column width=&#8221;1\/2&#8243;][vc_single_image image=&#8221;165390&#8243; img_size=&#8221;large&#8221; add_caption=&#8221;yes&#8221; style=&#8221;vc_box_rounded&#8221;][\/vc_column][\/vc_row][vc_row][vc_column][\/vc_column][\/vc_row][vc_row][vc_column width=&#8221;1\/3&#8243;][vc_single_image image=&#8221;165393&#8243; img_size=&#8221;large&#8221; add_caption=&#8221;yes&#8221; style=&#8221;vc_box_rounded&#8221;][\/vc_column][vc_column width=&#8221;1\/3&#8243;][vc_single_image image=&#8221;165394&#8243; img_size=&#8221;large&#8221; add_caption=&#8221;yes&#8221; style=&#8221;vc_box_rounded&#8221;][\/vc_column][vc_column width=&#8221;1\/3&#8243;][vc_single_image image=&#8221;165389&#8243; img_size=&#8221;large&#8221; add_caption=&#8221;yes&#8221; style=&#8221;vc_box_rounded&#8221;][\/vc_column][\/vc_row][vc_row][vc_column width=&#8221;1\/3&#8243;][vc_single_image image=&#8221;165392&#8243; img_size=&#8221;large&#8221; add_caption=&#8221;yes&#8221; style=&#8221;vc_box_rounded&#8221;][\/vc_column][vc_column width=&#8221;2\/3&#8243;][vc_single_image image=&#8221;165391&#8243; img_size=&#8221;large&#8221; add_caption=&#8221;yes&#8221; style=&#8221;vc_box_rounded&#8221;][\/vc_column][\/vc_row] [&#8230;]<\/p>\n<p><a class=\"btn btn-secondary understrap-read-more-link\" href=\"https:\/\/us.edu.pl\/wydzial\/wnst\/2023\/04\/06\/viii-dzien-akademicki-w-i-lo-im-m-kopernika-w-bedzinie\/\">Read More&#8230;<\/a><\/p>\n","protected":false},"author":92,"featured_media":158338,"comment_status":"open","ping_status":"open","sticky":false,"template":"","format":"standard","meta":{"_expiration-date-status":"","_expiration-date":0,"_expiration-date-type":"","_expiration-date-categories":[],"_expiration-date-options":[]},"categories":[9],"tags":[],"acf":[],"_links":{"self":[{"href":"https:\/\/us.edu.pl\/wydzial\/wnst\/wp-json\/wp\/v2\/posts\/165388"}],"collection":[{"href":"https:\/\/us.edu.pl\/wydzial\/wnst\/wp-json\/wp\/v2\/posts"}],"about":[{"href":"https:\/\/us.edu.pl\/wydzial\/wnst\/wp-json\/wp\/v2\/types\/post"}],"author":[{"embeddable":true,"href":"https:\/\/us.edu.pl\/wydzial\/wnst\/wp-json\/wp\/v2\/users\/92"}],"replies":[{"embeddable":true,"href":"https:\/\/us.edu.pl\/wydzial\/wnst\/wp-json\/wp\/v2\/comments?post=165388"}],"version-history":[{"count":5,"href":"https:\/\/us.edu.pl\/wydzial\/wnst\/wp-json\/wp\/v2\/posts\/165388\/revisions"}],"predecessor-version":[{"id":165399,"href":"https:\/\/us.edu.pl\/wydzial\/wnst\/wp-json\/wp\/v2\/posts\/165388\/revisions\/165399"}],"wp:featuredmedia":[{"embeddable":true,"href":"https:\/\/us.edu.pl\/wydzial\/wnst\/wp-json\/wp\/v2\/media\/158338"}],"wp:attachment":[{"href":"https:\/\/us.edu.pl\/wydzial\/wnst\/wp-json\/wp\/v2\/media?parent=165388"}],"wp:term":[{"taxonomy":"category","embeddable":true,"href":"https:\/\/us.edu.pl\/wydzial\/wnst\/wp-json\/wp\/v2\/categories?post=165388"},{"taxonomy":"post_tag","embeddable":true,"href":"https:\/\/us.edu.pl\/wydzial\/wnst\/wp-json\/wp\/v2\/tags?post=165388"}],"curies":[{"name":"wp","href":"https:\/\/api.w.org\/{rel}","templated":true}]}}