{"id":170372,"date":"2023-09-26T13:40:42","date_gmt":"2023-09-26T11:40:42","guid":{"rendered":"https:\/\/us.edu.pl\/wydzial\/wnst\/?p=170372"},"modified":"2023-09-26T18:27:47","modified_gmt":"2023-09-26T16:27:47","slug":"nominacja-profesorska-dla-prof-dr-hab-armanda-cholewki","status":"publish","type":"post","link":"https:\/\/us.edu.pl\/wydzial\/wnst\/2023\/09\/26\/nominacja-profesorska-dla-prof-dr-hab-armanda-cholewki\/","title":{"rendered":"Nominacja profesorska dla prof. dr. hab. Armanda Cholewki"},"content":{"rendered":"<p>[vc_row][vc_column width=&#8221;2\/3&#8243;]\r\n                <div class=\"text-modules\">\r\n                    <div class=\"container\">\r\n                        \r\n                        <div class=\"text-modules__content\"><p>Z przyjemno\u015bci\u0105 informujemy, \u017ce <strong>prof. dr hab. Armand Cholewka<\/strong> otrzyma\u0142 tytu\u0142 naukowy profesora nauk medycznych i nauk o zdrowiu w dyscyplinie nauki medyczne nadany przez Prezydenta Rzeczypospolitej Polskiej Andrzeja Dud\u0119 postanowieniem z dnia 7 wrze\u015bnia 2023 r.<\/p>\n<h3><span style=\"color: #002a5e;\">Profesor Armand Cholewka o sobie<\/span><\/h3>\n<p>Jako nastolatek by\u0142em mistrzem makroregionu \u015bl\u0105skiego w pchni\u0119ciu kul\u0105, wi\u0119c chcia\u0142em by\u0107 lekkoatlet\u0105, ale jad\u0142em za du\u017co kotlet\u00f3w\u2026<\/p>\n<p>Na studiach zdoby\u0142em mistrzostwo pierwszych lat w Uniwersyteckiej Lidze Koszyk\u00f3wki Amatorskiej organizowanej w Uniwersytecie \u015al\u0105skim, wi\u0119c chcia\u0142em by\u0107 koszykarzem, ale szybko zrozumia\u0142em, \u017ce za du\u017co wa\u017c\u0119 \ud83d\ude0a<\/p>\n<p>Zawsze chcia\u0142em by\u0107 lekarzem, a i to pozosta\u0142o w sferze marze\u0144\u2026 Ale to marzenie, cho\u0107 z nieco innej strony, realizuj\u0119 i jestem z tego bardzo zadowolony.<\/p>\n<\/div>\r\n                    <\/div>\r\n                <\/div>[\/vc_column][vc_column width=&#8221;1\/3&#8243;][vc_single_image image=&#8221;166236&#8243; img_size=&#8221;large&#8221; add_caption=&#8221;yes&#8221; alignment=&#8221;center&#8221; style=&#8221;vc_box_rounded&#8221;][\/vc_column][\/vc_row][vc_row][vc_column]<div class=\"container\"><div class=\"separator\" style=\"background-color: #002E5A\"><\/div><\/div>\r\n                <div class=\"text-modules\">\r\n                    <div class=\"container\">\r\n                        \r\n                        <div class=\"text-modules__content\"><p><strong><span style=\"color: #002a5e;\">Fizyk medyczny &#8211; nim jestem<\/span><\/strong><\/p>\n<p>Obecnie jako <strong>fizyk medyczny<\/strong> w <a href=\"https:\/\/us.edu.pl\/instytut\/iib\/\" target=\"_blank\" rel=\"noopener\">Instytucie In\u017cynierii Biomedycznej<\/a> Wydzia\u0142u Nauk \u015acis\u0142ych i Technicznych Uniwersytetu \u015al\u0105skiego prowadz\u0119 badania naukowe, wykorzystuj\u0105c najnowsze technologie stosowane w medycynie. Od prawie 20 lat zajmuj\u0119 si\u0119 wprowadzaniem\u00a0 r\u00f3\u017cnych metod obrazowania w diagnostyce medycznej. G\u0142\u00f3wne moje zainteresowania naukowe to szeroko rozumiana <strong>fizyka medyczna<\/strong>. Marzenie o medycynie spe\u0142niam, wsp\u00f3\u0142pracuj\u0105c z pe\u0142nymi pasji lekarzami w wielu klinikach na terenie \u015al\u0105ska oraz poza nim. Jednak\u017ce to, co naprawd\u0119 daje mi si\u0142\u0119 i ch\u0119\u0107 do pracy to moi najbli\u017csi, a poza rodzin\u0105 s\u0105 to w zasadzie najbli\u017csze wsp\u00f3\u0142pracowniczki oraz studenci z <a href=\"https:\/\/us.edu.pl\/instytut\/iib\/strona-glowna\/zespol-badawczy\/\" target=\"_blank\" rel=\"noopener\">grupy badawczej Fizyka Medyczna<\/a>, bez kt\u00f3rych nie by\u0142bym w miejscu, w kt\u00f3rym obecnie si\u0119 znajduj\u0119.<br \/>\n<span style=\"font-size: 130%;\">Dzi\u0119kuj\u0119 Wszystkim za wsparcie\u2026<\/span><\/p>\n<p><strong><span style=\"color: #002a5e;\">Termowizja &#8211; tym si\u0119 zajmuj\u0119<\/span><\/strong><\/p>\n<p>W swoich badaniach wykorzystuj\u0119 przede wszystkim <strong>termowizj\u0119<\/strong>, kt\u00f3rej mo\u017cliwo\u015bci zastosowania staram si\u0119 pokaza\u0107 w r\u00f3\u017cnych dziedzinach medycyny takich jak: <strong>medycyna fizykalna, onkologia, stomatologia, medycyna\u00a0 sportowa, ortopedia i rehabilitacja<\/strong>, a ostatnio tak\u017ce <strong>weterynaria<\/strong>. Dlatego te\u017c moje marzenie spe\u0142niam, dzia\u0142aj\u0105c w medycynie i dla medycyny, cho\u0107 nie jako lekarz. Zar\u00f3wno jako naukowiec, jak i fizyk medyczny, jestem zmuszony do ci\u0105g\u0142ego rozwoju i kszta\u0142cenia nie tylko student\u00f3w, ale te\u017c siebie, co ma wiele dobrych stron (np. bardzo rzadko si\u0119 nudz\u0119 \ud83d\ude0a). Dzi\u0119ki szerokiej wsp\u00f3\u0142pracy z lekarzami z r\u00f3\u017cnych dzia\u0142\u00f3w medycyny mam mo\u017cliwo\u015b\u0107 ci\u0105g\u0142ego poszukiwania i wskazywania mo\u017cliwo\u015bci aplikacji nauk \u015bcis\u0142ych i technik badawczych w tych dziedzinach.\u00a0 Daje to olbrzymi\u0105 satysfakcj\u0119 robienia rzeczy praktycznych i\u00a0 przydatnych, bo przecie\u017c ka\u017cdy z nas, pr\u0119dzej czy p\u00f3\u017aniej, staje si\u0119 pacjentem.<\/p>\n<p><span style=\"color: #002a5e;\"><strong>Laboratorium medycyny sportowej &#8211; to zorganizowali\u015bmy niedawno<\/strong><\/span><\/p>\n<p>W ostatnim czasie, w kampusie w Chorzowie, z grup\u0105 fizyki medycznej zorganizowali\u015bmy laboratorium medycyny sportowej, gdzie ka\u017cdy b\u0119dzie m\u00f3g\u0142 sprawdzi\u0107 swoj\u0105 kondycj\u0119 oraz progres w wytrenowaniu organizmu. Laboratorium wykorzystuje standardowe techniki stosowane w badaniach sportowc\u00f3w na ca\u0142ym \u015bwiecie. W Laboratorium zastosowali\u015bmy tak\u017ce nowatorskie rozwi\u0105zania wykorzystuj\u0105ce termowizj\u0119, kt\u00f3rej przydatno\u015b\u0107 w ocenie wydolno\u015bci organizmu grupa badawcza fizyki medycznej Instytutu In\u017cynierii Biomedycznej pokaza\u0142a w wielu pracach naukowych.<\/p>\n<p><strong><span style=\"color: #002a5e;\">Troch\u0119 liczb<\/span><\/strong><\/p>\n<p>W swoim dorobku naukowym mog\u0119 pochwali\u0107 si\u0119 wsp\u00f3\u0142autorstwem w blisko 150 publikacjach naukowych oraz rozdzia\u0142ach w monografiach o zasi\u0119gu krajowym i zagranicznym. Odby\u0142em 2 sta\u017ce naukowe zagraniczne i 4 krajowe z zakresu praktycznego wykorzystania wiedzy z fizyki medycznej.\u00a0 By\u0142em kierownikiem 2 grant\u00f3w oraz wykonawc\u0105 2 kolejnych. Wypromowa\u0142em 8 doktor\u00f3w (nauk fizycznych oraz medycznych) oraz\u00a0 80 magistrant\u00f3w i dyplomant\u00f3w z zakresu fizyki medycznej. Opracowa\u0142em blisko 70 ekspertyz na zam\u00f3wienie otoczenia gospodarczego dot. innowacyjno\u015bci r\u00f3\u017cnych technik obrazowych w medycynie.<\/p>\n<p><strong><span style=\"color: #002a5e;\">Aktualnie&#8230;<\/span><\/strong><\/p>\n<p>Obecnie pe\u0142ni\u0119 m.in. funkcje zast\u0119pcy Dyrektora Instytutu In\u017cynierii Biomedycznej w Uniwersytecie \u015al\u0105skim, Prezesa Polskiego Towarzystwa Diagnostyki Termowizyjnej w Medycynie oraz\u00a0 Wiceprezesa Polskiego Towarzystwa Fizyki Medycznej. Prywatnie jestem szcz\u0119\u015bliwym m\u0119\u017cem i ojcem, uwielbiam sport, gram na gitarze i nie\u017ale \u015bpiewam \u2026jednak nie ta\u0144cz\u0119\ud83d\ude0a.<\/p>\n<hr \/>\n<p><a href=\"https:\/\/us.edu.pl\/instytut\/iib\/dr-hab-armand-cholewka-prof-us\/\" target=\"_blank\" rel=\"noopener\">Wi\u0119cej o Profesorze<\/a><\/p>\n<\/div>\r\n                    <\/div>\r\n                <\/div>[\/vc_column][\/vc_row]<\/p>","protected":false},"excerpt":{"rendered":"<p>[vc_row][vc_column width=&#8221;2\/3&#8243;][\/vc_column][vc_column width=&#8221;1\/3&#8243;][vc_single_image image=&#8221;166236&#8243; img_size=&#8221;large&#8221; add_caption=&#8221;yes&#8221; alignment=&#8221;center&#8221; style=&#8221;vc_box_rounded&#8221;][\/vc_column][\/vc_row][vc_row][vc_column][\/vc_column][\/vc_row] [&#8230;]<\/p>\n<p><a class=\"btn btn-secondary understrap-read-more-link\" href=\"https:\/\/us.edu.pl\/wydzial\/wnst\/2023\/09\/26\/nominacja-profesorska-dla-prof-dr-hab-armanda-cholewki\/\">Read More&#8230;<\/a><\/p>\n","protected":false},"author":92,"featured_media":165223,"comment_status":"open","ping_status":"open","sticky":false,"template":"","format":"standard","meta":{"_expiration-date-status":"","_expiration-date":0,"_expiration-date-type":"","_expiration-date-categories":[],"_expiration-date-options":[]},"categories":[323,243],"tags":[850,179,103],"acf":[],"_links":{"self":[{"href":"https:\/\/us.edu.pl\/wydzial\/wnst\/wp-json\/wp\/v2\/posts\/170372"}],"collection":[{"href":"https:\/\/us.edu.pl\/wydzial\/wnst\/wp-json\/wp\/v2\/posts"}],"about":[{"href":"https:\/\/us.edu.pl\/wydzial\/wnst\/wp-json\/wp\/v2\/types\/post"}],"author":[{"embeddable":true,"href":"https:\/\/us.edu.pl\/wydzial\/wnst\/wp-json\/wp\/v2\/users\/92"}],"replies":[{"embeddable":true,"href":"https:\/\/us.edu.pl\/wydzial\/wnst\/wp-json\/wp\/v2\/comments?post=170372"}],"version-history":[{"count":5,"href":"https:\/\/us.edu.pl\/wydzial\/wnst\/wp-json\/wp\/v2\/posts\/170372\/revisions"}],"predecessor-version":[{"id":170377,"href":"https:\/\/us.edu.pl\/wydzial\/wnst\/wp-json\/wp\/v2\/posts\/170372\/revisions\/170377"}],"wp:featuredmedia":[{"embeddable":true,"href":"https:\/\/us.edu.pl\/wydzial\/wnst\/wp-json\/wp\/v2\/media\/165223"}],"wp:attachment":[{"href":"https:\/\/us.edu.pl\/wydzial\/wnst\/wp-json\/wp\/v2\/media?parent=170372"}],"wp:term":[{"taxonomy":"category","embeddable":true,"href":"https:\/\/us.edu.pl\/wydzial\/wnst\/wp-json\/wp\/v2\/categories?post=170372"},{"taxonomy":"post_tag","embeddable":true,"href":"https:\/\/us.edu.pl\/wydzial\/wnst\/wp-json\/wp\/v2\/tags?post=170372"}],"curies":[{"name":"wp","href":"https:\/\/api.w.org\/{rel}","templated":true}]}}