{"id":171897,"date":"2023-12-04T10:30:21","date_gmt":"2023-12-04T09:30:21","guid":{"rendered":"https:\/\/us.edu.pl\/wydzial\/wnst\/?p=171897"},"modified":"2023-12-04T13:22:21","modified_gmt":"2023-12-04T12:22:21","slug":"dr-inz-przemyslaw-kudlacik-o-dostepnosci-na-seminarium-w-ministerstwie-funduszy-i-polityki-regionalnej","status":"publish","type":"post","link":"https:\/\/us.edu.pl\/wydzial\/wnst\/2023\/12\/04\/dr-inz-przemyslaw-kudlacik-o-dostepnosci-na-seminarium-w-ministerstwie-funduszy-i-polityki-regionalnej\/","title":{"rendered":"Dr in\u017c. Przemys\u0142aw Kud\u0142acik z Instytutu Informatyki o dost\u0119pno\u015bci na seminarium w Ministerstwie Funduszy i Polityki Regionalnej"},"content":{"rendered":"<p>[vc_row][vc_column]\r\n                <div class=\"text-modules\">\r\n                    <div class=\"container\">\r\n                        \r\n                        <div class=\"text-modules__content\"><p><small>|tekst: dr in\u017c. Przemys\u0142aw Kud\u0142acik, zdj\u0119cia: Krzysztof Dobosz|<\/small><\/p>\n<p>W pi\u0105tek, 1 grudnia br., w Ministerstwie Funduszy i Polityki Regionalnej odby\u0142o si\u0119 seminarium dotycz\u0105ce wa\u017cnych problem\u00f3w dost\u0119pno\u015bci pt.: \u201e<strong>Dost\u0119pno\u015b\u0107: trendy, perspektywy, strategie<\/strong>&#8222;. Wydarzenie by\u0142o r\u00f3wnie\u017c transmitowane online.\u00a0Ministerstwo Funduszy i Polityki regionalnej odpowiada za transpozycj\u0119 unijnego prawa w zakresie dost\u0119pno\u015bci wszystkich produkt\u00f3w i us\u0142ug.<\/p>\n<p><strong>Dr in\u017c. Przemys\u0142aw Kud\u0142acik <\/strong>z Instytutu Informatyki, wsp\u00f3lnie z <strong>Sebastianem Bia\u0142ym<\/strong> Prezesem Polskiego Zwi\u0105zku Niewidomych wyg\u0142osili prelekcj\u0119 pt. \u201e<strong>Wybrane problemy dost\u0119pno\u015bci cyfrowej. Dobre praktyki, wskaz\u00f3wki, rozwi\u0105zania<\/strong>&#8222;. Prezentacja jest dost\u0119pna pod linkiem: <a href=\"https:\/\/docs.google.com\/presentation\/d\/1wujSoFrWAtWTRGSrCwzDl5LOCGFSLhBcbaqxxTAd7mk\/mobilepresent?slide=id.p\">https:\/\/docs.google.com\/presentation&#8230;<\/a><\/p>\n<p>W wydarzeniu, opr\u00f3cz pracownik\u00f3w administracji publicznej oraz przedstawicieli organizacji zrzeszaj\u0105cych osoby niepe\u0142nosprawne, uczestniczy\u0142 r\u00f3wnie\u017c biznes, nawet takiego kalibru jak Microsoft czy Allegro.<\/p>\n<p>W ocenie prelegent\u00f3w Ministerstwu nale\u017cy podzi\u0119kowa\u0107 za owocne spotkania i liczne rozmowy kuluarowe. Wbrew wielu opiniom, w procesie wdra\u017cania dost\u0119pno\u015bci ogromnie wiele si\u0119 dzieje. Wnioskiem g\u0142\u00f3wnym z seminarium jest stwierdzenie, i\u017c dost\u0119pno\u015b\u0107 to proces. Jego szczeg\u00f3lnym aspektem jest wczesne dzia\u0142anie, ju\u017c na etapie projektowania. Wi\u0105\u017ce si\u0119 to z pomijalnymi lub niewielkimi kosztami. Drugim istotnym aspektem jest budowanie \u015bwiadomo\u015bci, szczeg\u00f3lnie uniwersalnego projektowania, kt\u00f3re dzia\u0142a z my\u015bl\u0105 o wszystkich, nie tylko o osobach ze specjalnymi potrzebami.<\/p>\n<p>Owocem tego budowania \u015bwiadomo\u015bci jest m.in. wprowadzenie kilka lat temu w ramach modu\u0142\u00f3w spo\u0142ecznych dla student\u00f3w studi\u00f3w magisterskich przedmiotu <strong>tyfloinformatyka<\/strong>.<\/p>\n<p>M\u00f3wmy o dost\u0119pno\u015bci. To wa\u017cny temat, poniewa\u017c czy tego chcemy czy nie, pr\u0119dzej czy p\u00f3\u017aniej ka\u017cda i ka\u017cdy z nas b\u0119dzie mia\u0142a\/mia\u0142 szczeg\u00f3lne potrzeby. Na za\u0142\u0105czonych zdj\u0119ciach m.in. Sebastian Bia\u0142y &#8211; Prezes Okr\u0119gu \u015al\u0105skiego Polskiego Zwi\u0105zku Niewidomych, dr in\u017c. Przemys\u0142aw Kud\u0142acik podczas prelekcji oraz dr in\u017c. Krzysztof Dobosz z Instytutu Informatyki Politechniki \u015al\u0105skiej wraz z innymi go\u015b\u0107mi podczas debaty.<\/p>\n<p style=\"text-align: center;\"><strong>O seminarium napisali tak\u017ce na stronach Ministerstwa:<\/strong><br \/>\n<strong><a href=\"https:\/\/www.gov.pl\/web\/fundusze-regiony\/dostepnosc-trendy-perspektywy-strategie\" target=\"_blank\" rel=\"noopener\">https:\/\/www.gov.pl\/web\/fundusze-regiony\/dostepnosc-trendy-perspektywy-strategie<\/a><\/strong><\/p>\n<p style=\"text-align: center;\"><strong>Seminarium mo\u017cna obejrze\u0107 na kanale YouTube:<\/strong><br \/>\n<a href=\"https:\/\/www.youtube.com\/watch?v=4R-khip4-hQ\" target=\"_blank\" rel=\"noopener\"><strong>https:\/\/www.youtube.com\/watch&#8230;<\/strong><\/a><\/p>\n<p>\n<\/div>\r\n                    <\/div>\r\n                <\/div>[\/vc_column][\/vc_row][vc_row][vc_column width=&#8221;1\/3&#8243;][vc_single_image image=&#8221;171898&#8243; img_size=&#8221;large&#8221; add_caption=&#8221;yes&#8221; alignment=&#8221;center&#8221; style=&#8221;vc_box_rounded&#8221;][\/vc_column][vc_column width=&#8221;1\/3&#8243;][vc_single_image image=&#8221;171899&#8243; img_size=&#8221;large&#8221; add_caption=&#8221;yes&#8221; alignment=&#8221;center&#8221; style=&#8221;vc_box_rounded&#8221;][\/vc_column][vc_column width=&#8221;1\/3&#8243;][vc_single_image image=&#8221;171900&#8243; img_size=&#8221;large&#8221; add_caption=&#8221;yes&#8221; alignment=&#8221;center&#8221; style=&#8221;vc_box_rounded&#8221;][\/vc_column][\/vc_row][vc_row][vc_column width=&#8221;1\/2&#8243;][vc_single_image image=&#8221;171908&#8243; img_size=&#8221;large&#8221; add_caption=&#8221;yes&#8221; alignment=&#8221;center&#8221; style=&#8221;vc_box_rounded&#8221;][\/vc_column][vc_column width=&#8221;1\/2&#8243;][vc_single_image image=&#8221;171909&#8243; img_size=&#8221;large&#8221; add_caption=&#8221;yes&#8221; alignment=&#8221;center&#8221; style=&#8221;vc_box_rounded&#8221;][\/vc_column][\/vc_row]<\/p>","protected":false},"excerpt":{"rendered":"<p>[vc_row][vc_column][\/vc_column][\/vc_row][vc_row][vc_column width=&#8221;1\/3&#8243;][vc_single_image image=&#8221;171898&#8243; img_size=&#8221;large&#8221; add_caption=&#8221;yes&#8221; alignment=&#8221;center&#8221; style=&#8221;vc_box_rounded&#8221;][\/vc_column][vc_column width=&#8221;1\/3&#8243;][vc_single_image image=&#8221;171899&#8243; img_size=&#8221;large&#8221; add_caption=&#8221;yes&#8221; alignment=&#8221;center&#8221; style=&#8221;vc_box_rounded&#8221;][\/vc_column][vc_column width=&#8221;1\/3&#8243;][vc_single_image image=&#8221;171900&#8243; img_size=&#8221;large&#8221; add_caption=&#8221;yes&#8221; alignment=&#8221;center&#8221; style=&#8221;vc_box_rounded&#8221;][\/vc_column][\/vc_row][vc_row][vc_column width=&#8221;1\/2&#8243;][vc_single_image image=&#8221;171908&#8243; img_size=&#8221;large&#8221; add_caption=&#8221;yes&#8221; alignment=&#8221;center&#8221; style=&#8221;vc_box_rounded&#8221;][\/vc_column][vc_column width=&#8221;1\/2&#8243;][vc_single_image image=&#8221;171909&#8243; img_size=&#8221;large&#8221; add_caption=&#8221;yes&#8221; alignment=&#8221;center&#8221; style=&#8221;vc_box_rounded&#8221;][\/vc_column][\/vc_row] [&#8230;]<\/p>\n<p><a class=\"btn btn-secondary understrap-read-more-link\" href=\"https:\/\/us.edu.pl\/wydzial\/wnst\/2023\/12\/04\/dr-inz-przemyslaw-kudlacik-o-dostepnosci-na-seminarium-w-ministerstwie-funduszy-i-polityki-regionalnej\/\">Read More&#8230;<\/a><\/p>\n","protected":false},"author":92,"featured_media":171912,"comment_status":"open","ping_status":"open","sticky":false,"template":"","format":"standard","meta":{"_expiration-date-status":"","_expiration-date":0,"_expiration-date-type":"","_expiration-date-categories":[],"_expiration-date-options":[]},"categories":[322,9],"tags":[],"acf":[],"_links":{"self":[{"href":"https:\/\/us.edu.pl\/wydzial\/wnst\/wp-json\/wp\/v2\/posts\/171897"}],"collection":[{"href":"https:\/\/us.edu.pl\/wydzial\/wnst\/wp-json\/wp\/v2\/posts"}],"about":[{"href":"https:\/\/us.edu.pl\/wydzial\/wnst\/wp-json\/wp\/v2\/types\/post"}],"author":[{"embeddable":true,"href":"https:\/\/us.edu.pl\/wydzial\/wnst\/wp-json\/wp\/v2\/users\/92"}],"replies":[{"embeddable":true,"href":"https:\/\/us.edu.pl\/wydzial\/wnst\/wp-json\/wp\/v2\/comments?post=171897"}],"version-history":[{"count":9,"href":"https:\/\/us.edu.pl\/wydzial\/wnst\/wp-json\/wp\/v2\/posts\/171897\/revisions"}],"predecessor-version":[{"id":171913,"href":"https:\/\/us.edu.pl\/wydzial\/wnst\/wp-json\/wp\/v2\/posts\/171897\/revisions\/171913"}],"wp:featuredmedia":[{"embeddable":true,"href":"https:\/\/us.edu.pl\/wydzial\/wnst\/wp-json\/wp\/v2\/media\/171912"}],"wp:attachment":[{"href":"https:\/\/us.edu.pl\/wydzial\/wnst\/wp-json\/wp\/v2\/media?parent=171897"}],"wp:term":[{"taxonomy":"category","embeddable":true,"href":"https:\/\/us.edu.pl\/wydzial\/wnst\/wp-json\/wp\/v2\/categories?post=171897"},{"taxonomy":"post_tag","embeddable":true,"href":"https:\/\/us.edu.pl\/wydzial\/wnst\/wp-json\/wp\/v2\/tags?post=171897"}],"curies":[{"name":"wp","href":"https:\/\/api.w.org\/{rel}","templated":true}]}}